{"id":441653,"date":"2025-10-05T22:42:20","date_gmt":"2025-10-05T22:42:20","guid":{"rendered":"https:\/\/www.europesays.com\/fr\/441653\/"},"modified":"2025-10-05T22:42:20","modified_gmt":"2025-10-05T22:42:20","slug":"4-policiers-mis-en-examen-et-places-sous-controle-judiciaire","status":"publish","type":"post","link":"https:\/\/www.europesays.com\/fr\/441653\/","title":{"rendered":"4 policiers mis en examen et plac\u00e9s sous contr\u00f4le judiciaire"},"content":{"rendered":"<p>\u00c0 l&rsquo;issue de leur garde \u00e0 vue, entam\u00e9e le mardi 30 septembre, <a href=\"https:\/\/www.laprovence.com\/article\/faits-divers-justice\/2552686641184914\/exclusif-affaire-de-violences-policieres-sur-maria-des-policiers-places-en-garde-a-vue-a-marseille\" target=\"_blank\" rel=\"noopener\">quatre policiers ont \u00e9t\u00e9 d\u00e9f\u00e9r\u00e9s<\/a> jeudi dans la soir\u00e9e devant un juge d&rsquo;instruction et mis en examen pour \u00ab\u00a0non-assistance \u00e0 personne en danger\u00a0\u00bb, selon des informations de source judiciaire.<\/p>\n<p>Les fonctionnaires ont \u00e9t\u00e9 laiss\u00e9s libres avec un placement sous contr\u00f4le judiciaire. Ces membres des forces de l&rsquo;ordre avaient \u00e9t\u00e9 convoqu\u00e9s devant la justice marseillaise dans l&rsquo;enqu\u00eate sur le passage \u00e0 tabac de Maria (le pr\u00e9nom a \u00e9t\u00e9 chang\u00e9), une marseillaise de 19 ans victime de graves violences polici\u00e8res sur le Vieux-Port de Marseille, le 8 d\u00e9cembre 2018, en marge d&rsquo;une manifestation de gilets jaunes \u00e0 laquelle la vendeuse chez Zara ne participait pas.<\/p>\n<p>\u00ab\u00a0Tu devrais \u00eatre morte\u00a0\u00bb<\/p>\n<p>R\u00e9fugi\u00e9e rue de la Glace pour \u00e9viter les affrontements entre CRS et Gilets jaunes qui faisaient rage, elle avait re\u00e7u un tir de flash-ball \u00e0 la jambe qui l&rsquo;avait fait chuter au sol, avant d&rsquo;\u00eatre entour\u00e9e par des policiers et violemment frapp\u00e9e \u00e0 coups de pied et de matraques, selon son r\u00e9cit corrobor\u00e9 par plusieurs t\u00e9moins et des vid\u00e9os. Elle avait notamment re\u00e7u un violent coup dans la t\u00eate : traumatisme cr\u00e2nien avec enfoncement, \u00e9coulement de liquide rachidien, contusions c\u00e9r\u00e9brales. \u00ab\u00a0Tu devrais \u00eatre morte\u00a0\u00bb, lui avait souffl\u00e9 le neurochirurgien qui l&rsquo;avait prise en charge \u00e0 La Timone.\u00a0<\/p>\n<p>Une information judiciaire pour \u00ab\u00a0violences aggrav\u00e9es et non-assistance \u00e0 personne en danger\u00a0\u00bb avait \u00e9t\u00e9 ouverte \u00e0 l&rsquo;\u00e9t\u00e9 2019. Saisie, l&rsquo;IGPN avait \u00e9galement lanc\u00e9 une enqu\u00eate. \u00ab\u00a0Sans l&rsquo;ombre d&rsquo;un doute, les individus qui ont violent\u00e9 (Maria) avaient tous la qualit\u00e9 de fonctionnaires de police et ces violences sont d&rsquo;autant plus inacceptables qu&rsquo;elles ont \u00e9t\u00e9 commises de fa\u00e7on purement gratuite\u00a0\u00bb, avait conclu une premi\u00e8re fois le juge d&rsquo;instruction marseillais saisi de ce dossier, en d\u00e9cembre 2020. Jeudi soir, l&rsquo;avocat de Maria, Me Brice Grazzini, s&rsquo;est f\u00e9licit\u00e9 que \u00ab\u00a0presque sept ans apr\u00e8s les faits et suite \u00e0 une bataille judiciaire sans pr\u00e9c\u00e9dent le dossier soit relanc\u00e9\u00a0\u00bb.<\/p>\n","protected":false},"excerpt":{"rendered":"\u00c0 l&rsquo;issue de leur garde \u00e0 vue, entam\u00e9e le mardi 30 septembre, quatre policiers ont \u00e9t\u00e9 d\u00e9f\u00e9r\u00e9s jeudi&hellip;\n","protected":false},"author":2,"featured_media":364605,"comment_status":"","ping_status":"","sticky":false,"template":"","format":"standard","meta":{"footnotes":""},"categories":[2814],"tags":[17,1111,11,1777,674,274,1011,27,11865,884,12,15199,6890,882,25,3356,6582,1179],"class_list":{"0":"post-441653","1":"post","2":"type-post","3":"status-publish","4":"format-standard","5":"has-post-thumbnail","7":"category-marseille","8":"tag-17","9":"tag-actu","10":"tag-actualites","11":"tag-eu","12":"tag-europe","13":"tag-faits-divers-justice","14":"tag-fr","15":"tag-france","16":"tag-maria","17":"tag-marseille","18":"tag-news","19":"tag-passage","20":"tag-policiers","21":"tag-provence-alpes-cote-dazur","22":"tag-republique-francaise","23":"tag-sur","24":"tag-tabac","25":"tag-vieux-port"},"share_on_mastodon":{"url":"https:\/\/pubeurope.com\/@fr\/115323977359966406","error":""},"_links":{"self":[{"href":"https:\/\/www.europesays.com\/fr\/wp-json\/wp\/v2\/posts\/441653","targetHints":{"allow":["GET"]}}],"collection":[{"href":"https:\/\/www.europesays.com\/fr\/wp-json\/wp\/v2\/posts"}],"about":[{"href":"https:\/\/www.europesays.com\/fr\/wp-json\/wp\/v2\/types\/post"}],"author":[{"embeddable":true,"href":"https:\/\/www.europesays.com\/fr\/wp-json\/wp\/v2\/users\/2"}],"replies":[{"embeddable":true,"href":"https:\/\/www.europesays.com\/fr\/wp-json\/wp\/v2\/comments?post=441653"}],"version-history":[{"count":0,"href":"https:\/\/www.europesays.com\/fr\/wp-json\/wp\/v2\/posts\/441653\/revisions"}],"wp:featuredmedia":[{"embeddable":true,"href":"https:\/\/www.europesays.com\/fr\/wp-json\/wp\/v2\/media\/364605"}],"wp:attachment":[{"href":"https:\/\/www.europesays.com\/fr\/wp-json\/wp\/v2\/media?parent=441653"}],"wp:term":[{"taxonomy":"category","embeddable":true,"href":"https:\/\/www.europesays.com\/fr\/wp-json\/wp\/v2\/categories?post=441653"},{"taxonomy":"post_tag","embeddable":true,"href":"https:\/\/www.europesays.com\/fr\/wp-json\/wp\/v2\/tags?post=441653"}],"curies":[{"name":"wp","href":"https:\/\/api.w.org\/{rel}","templated":true}]}}