{"id":441654,"date":"2025-10-05T22:43:27","date_gmt":"2025-10-05T22:43:27","guid":{"rendered":"https:\/\/www.europesays.com\/fr\/441654\/"},"modified":"2025-10-05T22:43:27","modified_gmt":"2025-10-05T22:43:27","slug":"oriley-le-chef-dorchestre-le-recital-gouiri-angel-gomes-trop-timide-les-tops-et-flops","status":"publish","type":"post","link":"https:\/\/www.europesays.com\/fr\/441654\/","title":{"rendered":"O\u2019Riley le chef d\u2019orchestre, le r\u00e9cital Gouiri, Angel Gomes trop timide&#8230; Les tops et flops"},"content":{"rendered":"<p>Au terme de la victoire \u00e9crasante de Marseille face \u00e0 Metz (3-0) pour le compte de la 7e journ\u00e9e de Ligue 1, d\u00e9couvrez ce qui a plu et d\u00e9plu \u00e0 la r\u00e9daction du Figaro.<\/p>\n<p class=\"fig-paragraph\"><strong>TOPS<\/strong><\/p>\n<p>O\u2019Riley le chef d\u2019orchestre<\/p>\n<p class=\"fig-paragraph\">Matt O\u2019Riley a \u00e9t\u00e9 un \u00e9l\u00e9ment essentiel de la victoire de<a href=\"https:\/\/www.lefigaro.fr\/sports\/football\/live\/ligue-1\/2025\/2568488\/metz-marseille\" data-fig-type=\"Live\" data-gtm-custom-categorie=\"navigation\" data-gtm-custom-action=\"crossclick\" data-gtm-custom-label=\"Contextuel\" data-gtm-event=\"customEventSPE\" data-fig-domain=\"LEFIGARO\" target=\"_blank\" rel=\"noopener\">\u00a0l\u2019Olympique de Marseile<\/a>\u00a0(0-3) face au\u00a0<a href=\"http:\/\/www.lefigaro.fr\/sports\/football\/ligue-1\/ligue-1-vainqueur-a-metz-marseille-poursuit-sur-sa-lancee-et-grimpe-provisoirement-en-tete-20251004\" data-fig-type=\"NewsFlash\" data-gtm-custom-categorie=\"navigation\" data-gtm-custom-action=\"crossclick\" data-gtm-custom-label=\"Contextuel\" data-gtm-event=\"customEventSPE\" data-fig-domain=\"LEFIGARO\" target=\"_blank\" rel=\"noopener\">FC Metz<\/a>. On avait d\u00e9j\u00e0 aper\u00e7u le talent du Danois, mais seulement par petites touches. Ce samedi contre Metz, il a pleinement montr\u00e9 toute sa classe balle au pied et combien il pouvait influencer le cours d\u2019un match. Positionn\u00e9 un peu plus bas que d\u2019habitude, l\u2019ancien joueur de Brighton a mieux pu organiser le jeu. Apr\u00e8s la sortie d\u2019Angel Gomes, il est pass\u00e9 dans un double pivot avec H\u00f8jbjerg et a inscrit le deuxi\u00e8me but marseillais (69e) d\u2019un superbe plat du pied, parfaitement servi par Amine Gouiri. Dix minutes plus tard, il combine \u00e0 nouveau avec Gouiri, qui conclut face \u00e0 Jonathan Fischer.<\/p>\n<p>                                    <a class=\"fig-a11y-skip a11y-hidden\" href=\"#fig-a11y-skip-main-inarticle\"><br \/>\n        Passer la publicit\u00e9<br \/>\n    <\/a><\/p>\n<p>Le r\u00e9cital Amine Gouiri<\/p>\n<p class=\"fig-paragraph\">Rempla\u00e7ant au coup d\u2019envoi, Robinio Vaz avait \u00e9t\u00e9 pr\u00e9f\u00e9r\u00e9 \u00e0 la pointe de l\u2019attaque. Amine Gouiri, lui, semblait bien d\u00e9termin\u00e9 \u00e0 prouver \u00e0 son entra\u00eeneur qu\u2019il m\u00e9ritait sa place de titulaire. Et il l\u2019a fait avec brio. Entr\u00e9 dix minutes apr\u00e8s l\u2019ouverture du score sign\u00e9e Paix\u00e3o, l\u2019ancien Lyonnais a imm\u00e9diatement montr\u00e9 qu\u2019il n\u2019\u00e9tait pas l\u00e0 pour faire de la figuration. Sur le deuxi\u00e8me but marseillais, il repique dans l\u2019axe, \u00e9limine un adversaire et d\u00e9livre une passe parfaite pour O\u2019Riley. Il inscrit ensuite le troisi\u00e8me but (3-0) gr\u00e2ce \u00e0 un magnifique slalom dans la surface messine. L\u2019attaquant marseillais a prouv\u00e9 qu\u2019il comptait parmi les cadres de cet effectif pourtant bien fourni.<\/p>\n<p>Robinio Vaz le combatif<\/p>\n<p class=\"fig-paragraph\">Originaire de Mantes-la-Jolie, il est devenu le troisi\u00e8me plus jeune titulaire de l\u2019histoire de l\u2019Olympique de Marseille, derri\u00e8re Boubacar Kamara et Emran Soglo. Et nul doute qu\u2019il retrouvera rapidement une place dans le onze de d\u00e9part. Tout au long de la premi\u00e8re mi-temps, il s\u2019est battu sans rel\u00e2che et a offert une belle occasion \u00e0 Angel Gomes, qui a manqu\u00e9 le cadre. Il a \u00e9t\u00e9 l\u2019un des rares \u00e0 v\u00e9ritablement apporter du danger avant de d\u00e9livrer la passe d\u00e9cisive sur l\u2019ouverture du score de Paix\u00e3o. Touch\u00e9 par des probl\u00e8mes musculaires, le joueur de 18 ans a \u00e9t\u00e9 remplac\u00e9 \u00e0 l\u2019heure de jeu par Amine Gouiri.<\/p>\n<p class=\"fig-paragraph\"><strong>FLOPS<\/strong><\/p>\n<p>Angel Gomes trop timide<\/p>\n<p class=\"fig-paragraph\">Align\u00e9 en num\u00e9ro 10 devant Matt O\u2019Riley et Pierre-Emile H\u00f8jbjerg, l\u2019Anglais a offert une prestation bien en dessous de celle de ses co\u00e9quipiers. On l\u2019a tr\u00e8s peu vu lancer des offensives, alors que face \u00e0 un bloc bas, l\u2019OM avait justement besoin d\u2019un milieu cr\u00e9atif. Il a m\u00eame manqu\u00e9 une occasion immanquable en premi\u00e8re p\u00e9riode, sur un centre parfait de Robinio Vaz. L\u2019ancien Lillois a \u00e9t\u00e9 remplac\u00e9 \u00e0 l\u2019heure de jeu par Leonardo Balerdi. Angel Gomes a sans doute perdu des points aux yeux de Roberto De Zerbi.<\/p>\n<p>Gauthier Hein transparent<\/p>\n<p class=\"fig-paragraph\">Dans une premi\u00e8re mi-temps o\u00f9 les Messins auraient pu changer le cours du match, le capitaine n\u2019a pas r\u00e9pondu aux attentes li\u00e9es \u00e0 son statut. Malgr\u00e9 une domination marseillaise presque totale, l\u2019ancien Auxerrois n\u2019a jamais sembl\u00e9 capable de sonner la r\u00e9volte et est rest\u00e9 en difficult\u00e9, \u00e0 l\u2019image de ses partenaires. Trop peu inspir\u00e9 et trop discret, il n\u2019a pas pes\u00e9 sur le jeu.<\/p>\n","protected":false},"excerpt":{"rendered":"Au terme de la victoire \u00e9crasante de Marseille face \u00e0 Metz (3-0) pour le compte de la 7e&hellip;\n","protected":false},"author":2,"featured_media":441655,"comment_status":"","ping_status":"","sticky":false,"template":"","format":"standard","meta":{"footnotes":""},"categories":[2814],"tags":[1111,11,1777,674,8113,1011,27,884,12,149,882,25],"class_list":{"0":"post-441654","1":"post","2":"type-post","3":"status-publish","4":"format-standard","5":"has-post-thumbnail","7":"category-marseille","8":"tag-actu","9":"tag-actualites","10":"tag-eu","11":"tag-europe","12":"tag-fc-metz","13":"tag-fr","14":"tag-france","15":"tag-marseille","16":"tag-news","17":"tag-om","18":"tag-provence-alpes-cote-dazur","19":"tag-republique-francaise"},"share_on_mastodon":{"url":"https:\/\/pubeurope.com\/@fr\/115323981213686588","error":""},"_links":{"self":[{"href":"https:\/\/www.europesays.com\/fr\/wp-json\/wp\/v2\/posts\/441654","targetHints":{"allow":["GET"]}}],"collection":[{"href":"https:\/\/www.europesays.com\/fr\/wp-json\/wp\/v2\/posts"}],"about":[{"href":"https:\/\/www.europesays.com\/fr\/wp-json\/wp\/v2\/types\/post"}],"author":[{"embeddable":true,"href":"https:\/\/www.europesays.com\/fr\/wp-json\/wp\/v2\/users\/2"}],"replies":[{"embeddable":true,"href":"https:\/\/www.europesays.com\/fr\/wp-json\/wp\/v2\/comments?post=441654"}],"version-history":[{"count":0,"href":"https:\/\/www.europesays.com\/fr\/wp-json\/wp\/v2\/posts\/441654\/revisions"}],"wp:featuredmedia":[{"embeddable":true,"href":"https:\/\/www.europesays.com\/fr\/wp-json\/wp\/v2\/media\/441655"}],"wp:attachment":[{"href":"https:\/\/www.europesays.com\/fr\/wp-json\/wp\/v2\/media?parent=441654"}],"wp:term":[{"taxonomy":"category","embeddable":true,"href":"https:\/\/www.europesays.com\/fr\/wp-json\/wp\/v2\/categories?post=441654"},{"taxonomy":"post_tag","embeddable":true,"href":"https:\/\/www.europesays.com\/fr\/wp-json\/wp\/v2\/tags?post=441654"}],"curies":[{"name":"wp","href":"https:\/\/api.w.org\/{rel}","templated":true}]}}