{"id":441656,"date":"2025-10-05T22:44:12","date_gmt":"2025-10-05T22:44:12","guid":{"rendered":"https:\/\/www.europesays.com\/fr\/441656\/"},"modified":"2025-10-05T22:44:12","modified_gmt":"2025-10-05T22:44:12","slug":"etudes-preparer-son-avenir-avec-le-salon-studyrama-des-etudes-superieures-de-lyon","status":"publish","type":"post","link":"https:\/\/www.europesays.com\/fr\/441656\/","title":{"rendered":"Etudes. Pr\u00e9parer son avenir avec le Salon Studyrama des Etudes Sup\u00e9rieures de Lyon"},"content":{"rendered":"<p>  Un salon pour vous guider dans la construction de votre avenir, quelle que soit la sp\u00e9cialit\u00e9 envisag\u00e9e, Art, Sport, Management, Ing\u00e9nieur, Num\u00e9rique, Commerce, Marketing, Luxe, Sant\u00e9, Sciences, Tourisme, Design, Transport, Esport, Environnement, Social, etc., le niveau d\u2019\u00e9tude, la gestion de Parcoursup, la vie \u00e9tudiante sur Lyon. Sp\u00e9cialistes, professeurs, \u00e9tudiants seront pr\u00e9sents pour r\u00e9pondre \u00e0 toutes vos questions.<\/p>\n<p>Parmi les acteurs incontournables des \u00e9tudes sup\u00e9rieures, un village universitaire regroupant toutes les universit\u00e9s et IUT de la r\u00e9gion. Que vous soyez int\u00e9ress\u00e9s par une licence, un BUT, un Master ou une reprise d\u2019\u00e9tudes, tous les parcours sont possibles. Chaque responsable de fili\u00e8re pourra vous r\u00e9pondre et ainsi vous aider \u00e0 trouver votre voix. Vous pourrez \u00e9galement retrouver les intervenants de Sciences Po Lyon, conside\u0301re\u0301 comme l\u2019un des tout premiers Instituts d\u2019\u00e9tudes politiques (IEP) en re\u0301gion. Vous pourrez d\u00e9couvrir les diff\u00e9rents parcours dans l\u2019histoire, le droit, la science politique et l\u2019e\u0301conomie. Et aussi les sciences de gestion, le management, l\u2019information-communication et bien \u00e9videmment les langues et civilisations.<\/p>\n<p>En plus des conf\u00e9rences, de nombreux ateliers m\u00e9tiers d\u2019avenir sont \u00e9galement propos\u00e9s.<\/p>\n","protected":false},"excerpt":{"rendered":"Un salon pour vous guider dans la construction de votre avenir, quelle que soit la sp\u00e9cialit\u00e9 envisag\u00e9e, Art,&hellip;\n","protected":false},"author":2,"featured_media":441657,"comment_status":"","ping_status":"","sticky":false,"template":"","format":"standard","meta":{"footnotes":""},"categories":[1889],"tags":[1111,11,7884,2430,1777,674,1011,27,2428,12,25],"class_list":{"0":"post-441656","1":"post","2":"type-post","3":"status-publish","4":"format-standard","5":"has-post-thumbnail","7":"category-lyon","8":"tag-actu","9":"tag-actualites","10":"tag-articles-partenaires","11":"tag-auvergne-rhone-alpes","12":"tag-eu","13":"tag-europe","14":"tag-fr","15":"tag-france","16":"tag-lyon","17":"tag-news","18":"tag-republique-francaise"},"share_on_mastodon":{"url":"https:\/\/pubeurope.com\/@fr\/115323985579978939","error":""},"_links":{"self":[{"href":"https:\/\/www.europesays.com\/fr\/wp-json\/wp\/v2\/posts\/441656","targetHints":{"allow":["GET"]}}],"collection":[{"href":"https:\/\/www.europesays.com\/fr\/wp-json\/wp\/v2\/posts"}],"about":[{"href":"https:\/\/www.europesays.com\/fr\/wp-json\/wp\/v2\/types\/post"}],"author":[{"embeddable":true,"href":"https:\/\/www.europesays.com\/fr\/wp-json\/wp\/v2\/users\/2"}],"replies":[{"embeddable":true,"href":"https:\/\/www.europesays.com\/fr\/wp-json\/wp\/v2\/comments?post=441656"}],"version-history":[{"count":0,"href":"https:\/\/www.europesays.com\/fr\/wp-json\/wp\/v2\/posts\/441656\/revisions"}],"wp:featuredmedia":[{"embeddable":true,"href":"https:\/\/www.europesays.com\/fr\/wp-json\/wp\/v2\/media\/441657"}],"wp:attachment":[{"href":"https:\/\/www.europesays.com\/fr\/wp-json\/wp\/v2\/media?parent=441656"}],"wp:term":[{"taxonomy":"category","embeddable":true,"href":"https:\/\/www.europesays.com\/fr\/wp-json\/wp\/v2\/categories?post=441656"},{"taxonomy":"post_tag","embeddable":true,"href":"https:\/\/www.europesays.com\/fr\/wp-json\/wp\/v2\/tags?post=441656"}],"curies":[{"name":"wp","href":"https:\/\/api.w.org\/{rel}","templated":true}]}}