{"id":441660,"date":"2025-10-05T22:47:11","date_gmt":"2025-10-05T22:47:11","guid":{"rendered":"https:\/\/www.europesays.com\/fr\/441660\/"},"modified":"2025-10-05T22:47:11","modified_gmt":"2025-10-05T22:47:11","slug":"quelles-perturbations-prevoir-avec-la-ratp-et-la-sncf-cette-semaine-8","status":"publish","type":"post","link":"https:\/\/www.europesays.com\/fr\/441660\/","title":{"rendered":"Quelles perturbations pr\u00e9voir avec la RATP et la SNCF cette semaine ?"},"content":{"rendered":"<p>Comme chaque semaine, faisons le point sur les lignes de transports qui connaissent des perturbations \u00e0 Paris et en \u00cele-de-France du lundi 6 au dimanche 12 octobre 2025. Seule la ligne 12 du m\u00e9tro est concern\u00e9e, mais le RER, le transilien et le tramway connaissent plus de changements.<\/p>\n<p>M\u00e9tro<\/p>\n<ul>\n<li>Ligne 12 : Le vendredi 10 octobre d\u00e8s 22 heures, le trafic est interrompu sur toute la ligne (travaux). Du samedi 11 octobre au dimanche 12 octobre, le trafic est interrompu entre Montparnasse Bienvenue et Porte de Versailles (travaux).<\/li>\n<\/ul>\n<p>RER<\/p>\n<ul>\n<li>RER A : jusqu\u2019au 17 octobre, du lundi au vendredi d\u00e8s 22h15, le trafic sera interrompu entre Maisons-Laffitte et Cergy \u2013 Le Haut (travaux).<\/li>\n<li><a href=\"https:\/\/www.20minutes.fr\/dossier\/rer_b\" class=\"c-link c-link--is-underlined\" rel=\"nofollow noopener\" target=\"_blank\">RER B<\/a> : jusqu\u2019au vendredi 10 octobre, d\u00e8s 22h45, le trafic est interrompu entre Gare du Nord et A\u00e9roport Charles de Gaulle 2\u2013TGV via Mitry\u2013Claye (travaux). <\/li>\n<li>RER C : jusqu\u2019au 31 octobre, d\u00e8s 23h30, du lundi au vendredi, le trafic sera interrompu entre Dourdan et Paris Austerlitz. Il en va de m\u00eame entre Saint-Quentin en <a href=\"https:\/\/www.20minutes.fr\/societe\/yvelines\/\" class=\"c-link c-link--is-underlined\" rel=\"nofollow noopener\" target=\"_blank\">Yvelines<\/a> vers Javel. Idem entre Javel et Versailles Ch\u00e2teau Rive Gauche et Paris Austerlitz et Juvisy via Choisy le Roi. D\u00e8s 23 heures, le trafic sera interrompu entre Paris Austerlitz et Pont de Rungis et entre Avenue Henri Martin et Montigny \u2013 Beauchamp et Pontoise. Jusqu\u2019au 11 janvier, l\u2019arr\u00eat n\u2019est pas desservi \u00e0 Issy vers Dourdan la For\u00eat, Saint-Martin d\u2019\u00c9tampes et Massy\u2006\u2013\u2006Palaiseau (travaux). Dimanche 12 octobre, \u00e0 partir de 23h45, le trafic sera interrompu entre Dourdan et Paris Austerlitz. Du samedi 11 au dimanche 12 octobre, le trafic sera interrompu entre <a href=\"https:\/\/www.20minutes.fr\/dossier\/invalides\" class=\"c-link c-link--is-underlined\" rel=\"nofollow noopener\" target=\"_blank\">Invalides<\/a> et Massy Palaiseau.<\/li>\n<li>RER D : jusqu\u2019au 31 octobre, en semaine, d\u00e8s 23h35, le trafic sera interrompu entre Paris Gare du Nord et Creil. Jusqu\u2019au vendredi 10 octobre, le trafic sera interrompu entre Paris Gare du Nord et Creil. M\u00eame chose d\u00e8s 23h 20. Samedi 11 et dimanche 12 octobre, le trafic sera ralenti entre Villeneuve Saint Georges et Melun, un train sur deux circulent entre ces deux gares. Du lundi au vendredi, d\u00e8s 23h15, le trafic sera interrompu de Villeneuve S Georges vers Corbeil-Essonnes dans ce sens uniquement. Un service de bus de remplacement sera mis en place, avec desserte des gares interm\u00e9diaires. Samedi 11 et dimanche 12 octobre, le trafic sera interrompu entre Corbeil-Essonnes et Malesherbes. Du lundi au vendredi, les gares entre Paris Gare de Lyon et Villeneuve S Georges ne seront pas desservies d\u00e8s 22h30. <\/li>\n<li><a href=\"https:\/\/www.20minutes.fr\/societe\/rer\/\" class=\"c-link c-link--is-underlined\" rel=\"nofollow noopener\" target=\"_blank\">RER<\/a> E : jusqu\u2019au 31 octobre, du lundi au vendredi d\u00e8s 22h45, le trafic sera interrompu entre Nanterre-La-Folie et <a href=\"https:\/\/www.20minutes.fr\/dossier\/chelles\" class=\"c-link c-link--is-underlined\" rel=\"nofollow noopener\" target=\"_blank\">Chelles<\/a> \u2013 Gournay. Des bus de remplacement seront mis en place.<\/li>\n<\/ul>\n<p>Transilien<\/p>\n<ul>\n<li>Ligne H : samedi 11 et dimanche 12 octobre, le trafic sera interrompu entre Gare du Nord et Sarcelles\u2013St-Brice. <\/li>\n<li>Ligne J : du lundi au vendredi, \u00e0 partir de 21h40, le trafic sera interrompu entre Paris Saint-Lazare et Mantes la Jolie via Poissy. Jusqu\u2019au 17 octobre, du lundi au vendredi d\u00e8s 21h15, le trafic sera interrompu entre Issou \u2013 Porcheville et Mantes-la-Jolie via Conflans- Sainte-Honorine. Des bus de remplacement seront mis en place. Samedi 11 et dimanche 12 octobre. Le trafic est interrompu entre Issou Porcheville et Mantes la Jolie. Samedi 11 et dimanche 12 octobre. Le trafic est interrompu entre Les Mureaux et Mantes la Jolie.<\/li>\n<li>Ligne K : le trafic sera interrompu entre Gare du Nord et Mitry\u2013Claye samedi 11 et dimanche 12 octobre. <\/li>\n<li>Ligne L : jusqu\u2019au vendredi 10 octobre, le trafic sera interrompu entre Sartrouville et  Maisons-Laffitte d\u00e8s 21h50. Samedi 11 et dimanche 12 octobre, Le trafic sera interrompu entre B\u00e9con les Bruy\u00e8res et Maisons-Laffitte. Le samedi 11 octobre, d\u00e8s 22h20, le trafic est interrompu entre Saint-Cloud et Versailles\u2013Rive Droite. <\/li>\n<li>Ligne N : jusqu\u2019au vendredi 10 octobre, le trafic sera interrompu entre Paris Montparnasse et <a href=\"https:\/\/www.20minutes.fr\/dossier\/rambouillet\" class=\"c-link c-link--is-underlined\" rel=\"nofollow noopener\" target=\"_blank\">Rambouillet<\/a> d\u00e8s 23h20. Du lundi au vendredi \u00e0 partir de 22 heures, le trafic sera interrompu entre Paris Montparnasse et Plaisir \u2013 Grignon. M\u00eame chose entre Paris Montparnasse et Dreux d\u00e8s 21h30 et de Montparnasse et Mantes la Jolie d\u00e8s 21 heures. Du samedi 11 au dimanche 12 octobre, le trafic sera interrompu entre \u00c9p\u00f4ne \u2013 M\u00e9zi\u00e8res et Mantes-la-Jolie. Le samedi 11 octobre, d\u00e8s 22 heures, le trafic sera interrompu de Dreux vers <a href=\"https:\/\/www.20minutes.fr\/dossier\/gare-montparnasse\" class=\"c-link c-link--is-underlined\" rel=\"nofollow noopener\" target=\"_blank\">Gare Montparnasse<\/a>.<\/li>\n<li>Ligne P : du lundi au vendredi, \u00e0 partir de 22h20, le trafic sera interrompu entre Paris Est et Meaux. M\u00eame chose entre Paris Est et Ch\u00e2teau-Thierry d\u00e8s 22 heures. Du lundi au vendredi, d\u00e8s 21h45, le trafic sera interrompu entre Gare de l\u2019Est et Provins. Jusqu\u2019au vendredi 12 d\u00e9cembre, d\u00e8s 21h30, Le trafic sera interrompu entre Paris Est et Coulommiers. Samedi et dimanche, le trafic est interrompu entre Paris Est et Meaux et Ch\u00e2teau Thierry d\u00e8s 22h50. Des bus de remplacement avec desserte des gares interm\u00e9diaires seront mis en place. Le 11 octobre, le samedi \u00e0 partir de 22h50, le trafic sera interrompu entre Gare de l\u2019Est et <a href=\"https:\/\/www.20minutes.fr\/dossier\/meaux\" class=\"c-link c-link--is-underlined\" rel=\"nofollow noopener\" target=\"_blank\">Meaux<\/a>. Des bus de remplacement seront mis en place.<\/li>\n<li>Ligne R : en semaine de 10h26 \u00e0 15h30, le trafic sera interrompu entre Melun et Montereau via H\u00e9ricy.<\/li>\n<li>Ligne U : jusqu\u2019au 17 octobre, du lundi au vendredi, le trafic sera interrompu entre La Verri\u00e8re et La D\u00e9fense d\u00e8s 20h45. Le samedi 11 octobre, le trafic sera interrompu entre La Verri\u00e8re et La D\u00e9fense d\u00e8s 22 heures. <\/li>\n<\/ul>\n<p>Tramway<\/p>\n<ul>\n<li>T1 : le trafic sera interrompu entre <a href=\"https:\/\/www.20minutes.fr\/dossier\/asnieres\" class=\"c-link c-link--is-underlined\" rel=\"nofollow noopener\" target=\"_blank\">Asni\u00e8res<\/a> \u2013 Quatre Routes et Gare de Saint-Denis et perturb\u00e9 (d\u00e9gradation par un tiers \u00e0 L\u2019\u00cele-Saint-Denis). Aucune reprise n&rsquo;est pr\u00e9vue jusqu\u2019\u00e0 nouvel ordre. Dans la nuit du jeudi 15 au vendredi 16 mai, un bateau a percut\u00e9 le pont reliant Saint-Denis \u00e0 l\u2019Ile-Saint-Denis.<\/li>\n<li>T2 : Jusqu\u2019\u00e0 fin f\u00e9vrier 2026, le trafic est interrompu entre Porte de Versailles et Suzanne Lenglen (travaux). Pour rejoindre la Porte de Versailles, depuis Suzanne Lenglen, rejoindre \u00e0 pied la station Balard du T3a.<\/li>\n<li>T3b : Le 12 octobre de 08h15 \u00e0 12h30, le trafic est interrompu entre Porte Dauphine (Avenue Foch) et Porte Maillot (Palais des Congr\u00e8s) pour manifestation sportive.<\/li>\n<li>T4 : le trafic sera interrompu entre les stations Gargan et <a href=\"https:\/\/www.20minutes.fr\/economie\/aulnay\/\" class=\"c-link c-link--is-underlined\" rel=\"nofollow noopener\" target=\"_blank\">Aulnay-sous-Bois<\/a> d\u00e8s 22h55 jusqu\u2019au vendredi 10 octobre. Du lundi 6 octobre au dimanche 7 d\u00e9cembre, sauf le dimanche 12 octobre, le trafic sera interrompu sur l\u2019ensemble de la ligne \u00e0 partir de 21h. Un service de bus de substitution sera mis en place avec desserte des stations interm\u00e9diaires (travaux)<\/li>\n<li>T13 : jusqu\u2019au 17 octobre en semaine, le trafic sera interrompu sur l\u2019ensemble de la ligne.<\/li>\n<\/ul>\n","protected":false},"excerpt":{"rendered":"Comme chaque semaine, faisons le point sur les lignes de transports qui connaissent des perturbations \u00e0 Paris et&hellip;\n","protected":false},"author":2,"featured_media":441661,"comment_status":"","ping_status":"","sticky":false,"template":"","format":"standard","meta":{"footnotes":""},"categories":[1592],"tags":[1111,11,56815,1777,674,1011,27,662,12,626,1306,25,12443],"class_list":{"0":"post-441660","1":"post","2":"type-post","3":"status-publish","4":"format-standard","5":"has-post-thumbnail","7":"category-ile-de-france","8":"tag-actu","9":"tag-actualites","10":"tag-cergy","11":"tag-eu","12":"tag-europe","13":"tag-fr","14":"tag-france","15":"tag-ile-de-france","16":"tag-news","17":"tag-paris","18":"tag-regions","19":"tag-republique-francaise","20":"tag-transilien"},"share_on_mastodon":{"url":"https:\/\/pubeurope.com\/@fr\/115323997077986562","error":""},"_links":{"self":[{"href":"https:\/\/www.europesays.com\/fr\/wp-json\/wp\/v2\/posts\/441660","targetHints":{"allow":["GET"]}}],"collection":[{"href":"https:\/\/www.europesays.com\/fr\/wp-json\/wp\/v2\/posts"}],"about":[{"href":"https:\/\/www.europesays.com\/fr\/wp-json\/wp\/v2\/types\/post"}],"author":[{"embeddable":true,"href":"https:\/\/www.europesays.com\/fr\/wp-json\/wp\/v2\/users\/2"}],"replies":[{"embeddable":true,"href":"https:\/\/www.europesays.com\/fr\/wp-json\/wp\/v2\/comments?post=441660"}],"version-history":[{"count":0,"href":"https:\/\/www.europesays.com\/fr\/wp-json\/wp\/v2\/posts\/441660\/revisions"}],"wp:featuredmedia":[{"embeddable":true,"href":"https:\/\/www.europesays.com\/fr\/wp-json\/wp\/v2\/media\/441661"}],"wp:attachment":[{"href":"https:\/\/www.europesays.com\/fr\/wp-json\/wp\/v2\/media?parent=441660"}],"wp:term":[{"taxonomy":"category","embeddable":true,"href":"https:\/\/www.europesays.com\/fr\/wp-json\/wp\/v2\/categories?post=441660"},{"taxonomy":"post_tag","embeddable":true,"href":"https:\/\/www.europesays.com\/fr\/wp-json\/wp\/v2\/tags?post=441660"}],"curies":[{"name":"wp","href":"https:\/\/api.w.org\/{rel}","templated":true}]}}