{"id":441662,"date":"2025-10-05T22:48:20","date_gmt":"2025-10-05T22:48:20","guid":{"rendered":"https:\/\/www.europesays.com\/fr\/441662\/"},"modified":"2025-10-05T22:48:20","modified_gmt":"2025-10-05T22:48:20","slug":"sebastien-lecornu-la-derniere-carte-demmanuel-macron","status":"publish","type":"post","link":"https:\/\/www.europesays.com\/fr\/441662\/","title":{"rendered":"S\u00e9bastien Lecornu, la derni\u00e8re carte d&rsquo;Emmanuel Macron ?"},"content":{"rendered":"<p>      lire plus tard<\/p>\n<p id=\"dialog__title\" class=\"dialog__title\">Pour sauvegarder cet article, connectez-vous ou cr\u00e9ez un compte franceinfo<\/p>\n<p class=\"dialog__description\">Sans paiement. Sans abonnement.<\/p>\n<p>        Fermer la fen\u00eatre d\u2019activation des notifications France Info<\/p>\n<p>      cr\u00e9er votre compte<\/p>\n<p>      se connecter<\/p>\n<p>        Fermer la fen\u00eatre de pr\u00e9sentation<\/p>\n<p>    Publi\u00e9 le 05\/10\/2025 20:59<\/p>\n<p>      Mis \u00e0 jour le 05\/10\/2025 21:50<\/p>\n<p>        Temps de lecture : 3min &#8211; vid\u00e9o : 2min<\/p>\n<p>    <img decoding=\"async\" class=\"francetv-player-wrapper__image\" alt=\"Nouveau gouvernement : S\u00e9bastien Lecornu, la derni\u00e8re carte d'Emmanuel Macron ?\"  width=\"432\" height=\"243\" src=\"https:\/\/www.europesays.com\/fr\/wp-content\/uploads\/2025\/10\/nouveau-gouvernement-sebastien-lecornu-la-derniere-carte-d-emmanuel-macron-68e2b70a6682c682103922.jp.jpeg\" fetchpriority=\"high\"\/><\/p>\n<p>              Nouveau gouvernement : S\u00e9bastien Lecornu, la derni\u00e8re carte d&rsquo;Emmanuel Macron ?<br \/>\n                    (France 2)<\/p>\n<p>      2min<\/p>\n<p>\n  S\u00e9bastien Lecornu plaide pour l\u2019union du socle commun autour de sa feuille de route. Bruno Retailleau avait obtenu des gages, mais quelle sera la r\u00e9action du PS ? Tout se jouera au Parlement, et l\u2019\u00e9quilibre de cette majorit\u00e9 reste tr\u00e8s fragile.\n<\/p>\n<p><strong>Ce texte correspond \u00e0 une partie de la retranscription du reportage ci-dessus. Cliquez sur la vid\u00e9o pour la regarder dans son int\u00e9gralit\u00e9.<\/strong><\/p>\n<p>Apr\u00e8s une semaine de tractations et de rebondissements, S\u00e9bastien Lecornu a enfin b\u00e2ti les bases de son \u00e9quipe. Mais le plus dur commence. Le sujet maintenant, c&rsquo;est comment chacun fait un pas, un geste. Prise en \u00e9tau entre ses alli\u00e9s de LR et les socialistes, dans le viseur des insoumis et du RN qui r\u00e9clament un retour aux urnes,<a href=\"https:\/\/www.franceinfo.fr\/politique\/gouvernement-de-sebastien-lecornu\/pourquoi-sebastien-lecornu-n-est-pas-a-l-abri-de-la-censure-malgre-son-renoncement-au-49-3-pour-l-examen-du-budget-2026_7531531.html\" rel=\"noopener noreferrer nofollow\" data-tooltip-url=\"https:\/\/www.franceinfo.fr\/politique\/gouvernement-de-sebastien-lecornu\/pourquoi-sebastien-lecornu-n-est-pas-a-l-abri-de-la-censure-malgre-son-renoncement-au-49-3-pour-l-examen-du-budget-2026_7531531.html\" target=\"_blank\"> l&rsquo;avenir du Premier ministre est plus pr\u00e9caire que jamais<\/a>. Et avec lui, celui d&rsquo;Emmanuel Macron. Entre les lignes, S\u00e9bastien Lecornu, la derni\u00e8re chance du pr\u00e9sident.<\/p>\n<p>Mardi, lors de son discours de politique g\u00e9n\u00e9rale, le regard de S\u00e9bastien Lecornu se tournera forc\u00e9ment vers les bancs des socialistes. Car il le sait, il doit leur donner des gages s&rsquo;il veut durer, et des gages importants. \u00ab\u00a0On n&rsquo;a pas d&rsquo;autre choix que d&rsquo;\u00eatre durs\u00a0\u00bb, confirme un haut responsable du PS. \u00ab\u00a0Avec un accord de m*, le co\u00fbt politique serait \u00e9norme pour nous\u00a0\u00bb.<\/p>\n<p>Le RN et ses alli\u00e9s ne sont pas plus charitables. \u00ab\u00a0Lecornu aurait d\u00fb jouer une carte \u00e0 droite toute et on aurait \u00e9t\u00e9 oblig\u00e9 de suivre\u00a0\u00bb, l\u00e2che un d\u00e9put\u00e9. \u00ab\u00a0Au lieu de \u00e7a, il va se remettre dans les mains du PS, c&rsquo;est compl\u00e8tement c*. Il va se cracher\u00a0\u00bb.<\/p>\n<p>Et c&rsquo;est justement pour \u00e9viter la gauche que les LR acceptent de repartir au gouvernement, certes sans enthousiasme. \u00ab\u00a0Si nous ne faisons pas partie du gouvernement, ils sont le premier bloc parlementaire, aujourd&rsquo;hui encore. Donc notre devoir, c&rsquo;est d&#8217;emp\u00eacher cela\u00a0\u00bb, souligne Fran\u00e7ois-Xavier Bellamy, eurod\u00e9put\u00e9 et vice-pr\u00e9sident du parti.<\/p>\n<p>Jusqu&rsquo;\u00e0 mardi, les socialistes vont donc faire monter les ench\u00e8res avec la menace supr\u00eame. \u00ab\u00a0Au moment o\u00f9 nous parlons\u00a0\u00bb, confie un dirigeant, \u00ab\u00a0100 % des d\u00e9put\u00e9s socialistes sont pour la censure\u00a0\u00bb. Alors que se passerait-il en cas de nouvelle chute du gouvernement ? Une hypoth\u00e8se dans tous les esprits ou plut\u00f4t un remake vers une nouvelle dissolution?<\/p>\n<p>Alors certains s&rsquo;organisent d\u00e9j\u00e0. \u00ab\u00a0J&rsquo;ai dit \u00e0 ma suppl\u00e9ante de se pr\u00e9parer \u00e0 faire des photos pour les affiches\u00a0\u00bb, confie un cadre du PS, \u00ab\u00a0\u00e7a peut aller tr\u00e8s vite\u00a0\u00bb. D&rsquo;autres, en revanche, n&rsquo;y croient pas du tout. \u00ab\u00a0S&rsquo;il dissout, c&rsquo;est une majorit\u00e9 pour le RN et il devient la prochaine cible\u00a0\u00bb, s&rsquo;agace un parlementaire centriste. \u00ab\u00a0Il pr\u00e9f\u00e9rera encore nommer un mec de gauche, son chauffeur, son chien, plut\u00f4t que de dissoudre\u00a0\u00bb. Les prochaines heures seront cruciales, car en cas de chute de S\u00e9bastien Lecornu, Emmanuel Macron sera en premi\u00e8re ligne.<\/p>\n","protected":false},"excerpt":{"rendered":"lire plus tard Pour sauvegarder cet article, connectez-vous ou cr\u00e9ez un compte franceinfo Sans paiement. Sans abonnement. Fermer&hellip;\n","protected":false},"author":2,"featured_media":441663,"comment_status":"","ping_status":"","sticky":false,"template":"","format":"standard","meta":{"footnotes":""},"categories":[1888],"tags":[1111,1928,11,1927,1777,674,1011,27,12,1926,626,1925,25],"class_list":{"0":"post-441662","1":"post","2":"type-post","3":"status-publish","4":"format-standard","5":"has-post-thumbnail","7":"category-paris","8":"tag-actu","9":"tag-actu-paris","10":"tag-actualites","11":"tag-actualites-paris","12":"tag-eu","13":"tag-europe","14":"tag-fr","15":"tag-france","16":"tag-news","17":"tag-news-paris","18":"tag-paris","19":"tag-paris-news","20":"tag-republique-francaise"},"share_on_mastodon":{"url":"https:\/\/pubeurope.com\/@fr\/115324001674667616","error":""},"_links":{"self":[{"href":"https:\/\/www.europesays.com\/fr\/wp-json\/wp\/v2\/posts\/441662","targetHints":{"allow":["GET"]}}],"collection":[{"href":"https:\/\/www.europesays.com\/fr\/wp-json\/wp\/v2\/posts"}],"about":[{"href":"https:\/\/www.europesays.com\/fr\/wp-json\/wp\/v2\/types\/post"}],"author":[{"embeddable":true,"href":"https:\/\/www.europesays.com\/fr\/wp-json\/wp\/v2\/users\/2"}],"replies":[{"embeddable":true,"href":"https:\/\/www.europesays.com\/fr\/wp-json\/wp\/v2\/comments?post=441662"}],"version-history":[{"count":0,"href":"https:\/\/www.europesays.com\/fr\/wp-json\/wp\/v2\/posts\/441662\/revisions"}],"wp:featuredmedia":[{"embeddable":true,"href":"https:\/\/www.europesays.com\/fr\/wp-json\/wp\/v2\/media\/441663"}],"wp:attachment":[{"href":"https:\/\/www.europesays.com\/fr\/wp-json\/wp\/v2\/media?parent=441662"}],"wp:term":[{"taxonomy":"category","embeddable":true,"href":"https:\/\/www.europesays.com\/fr\/wp-json\/wp\/v2\/categories?post=441662"},{"taxonomy":"post_tag","embeddable":true,"href":"https:\/\/www.europesays.com\/fr\/wp-json\/wp\/v2\/tags?post=441662"}],"curies":[{"name":"wp","href":"https:\/\/api.w.org\/{rel}","templated":true}]}}