{"id":441664,"date":"2025-10-05T22:49:11","date_gmt":"2025-10-05T22:49:11","guid":{"rendered":"https:\/\/www.europesays.com\/fr\/441664\/"},"modified":"2025-10-05T22:49:11","modified_gmt":"2025-10-05T22:49:11","slug":"quelles-perturbations-prevoir-avec-la-ratp-et-la-sncf-cette-semaine-9","status":"publish","type":"post","link":"https:\/\/www.europesays.com\/fr\/441664\/","title":{"rendered":"Quelles perturbations pr\u00e9voir avec la RATP et la SNCF cette semaine ?"},"content":{"rendered":"<p class=\"mb-4 text-lg md:leading-8 break-words\"><strong>TRANSPORT &#8211; Du lundi 6 au dimanche 12 octobre, plusieurs changements doivent \u00eatre pris en compte par les voyageurs dans la capitale et sa r\u00e9gion<\/strong><\/p>\n<p class=\"mb-4 text-lg md:leading-8 break-words\">Comme chaque semaine, faisons le point sur les lignes de transports qui connaissent des perturbations \u00e0 Paris et en \u00cele-de-France du lundi 6 au dimanche 12 octobre 2025. Seule la ligne 12 du m\u00e9tro est concern\u00e9e, mais le RER, le transilien et le tramway connaissent plus de changements.<\/p>\n<p>M\u00e9tro<\/p>\n<ul class=\"mb-4\">\n<li class=\"ml-4 list-disc\">\n<p class=\"mb-4 text-lg md:leading-8 break-words\">Ligne 12 : Le vendredi 10 octobre d\u00e8s 22 heures, le trafic est interrompu sur toute la ligne (travaux). Du samedi 11 octobre au dimanche 12 octobre, le trafic est interrompu entre Montparnasse Bienvenue et Porte de Versailles (travaux).<\/p>\n<\/li>\n<\/ul>\n<p>RER<\/p>\n<ul class=\"mb-4\">\n<li class=\"ml-4 list-disc\">\n<p class=\"mb-4 text-lg md:leading-8 break-words\">RER A : jusqu\u2019au 17 octobre, du lundi au vendredi d\u00e8s 22h15, le trafic sera interrompu entre Maisons-Laffitte et Cergy \u2013 Le Haut (travaux).<\/p>\n<\/li>\n<li class=\"ml-4 list-disc\">\n<p class=\"mb-4 text-lg md:leading-8 break-words\"><a href=\"https:\/\/www.20minutes.fr\/dossier\/rer_b?at_medium=RSS%20feed&amp;at_campaign=ynews&amp;utm_source=yahoo&amp;utm_medium=rss&amp;utm_campaign=news_feed&amp;utm_content=in_article_link\" rel=\"nofollow noopener\" target=\"_blank\" data-ylk=\"slk:RER B;elm:context_link;itc:0;sec:content-canvas\" class=\"link \">RER B<\/a> : jusqu\u2019au vendredi 10 octobre, d\u00e8s 22h45, le trafic est interrompu entre Gare du Nord et A\u00e9roport Charles de Gaulle 2\u2013TGV via Mitry\u2013Claye (travaux).<\/p>\n<\/li>\n<\/ul>\n<p>Publicit\u00e9<\/p>\n<p>Publicit\u00e9<\/p>\n<p>Publicit\u00e9<\/p>\n<p>Publicit\u00e9<\/p>\n<p class=\"mb-4 text-lg md:leading-8 break-words\">RER C : jusqu\u2019au 31 octobre, d\u00e8s 23h30, du lundi au vendredi, le trafic sera interrompu entre Dourdan et Paris Austerlitz. Il en va de m\u00eame entre Saint-Quentin en Yvelines vers Javel. Idem entre Javel et Versailles Ch\u00e2teau Rive Gauche et Paris Austerlitz et Juvisy via Choisy le Roi. D\u00e8s 23 heures, le trafic sera interrompu entre Paris Austerlitz et Pont de Rungis et entre Avenue Henri Martin et Montigny \u2013 Beauchamp et Pontoise. Jusqu\u2019au 11 janvier, l\u2019arr\u00eat n\u2019est pas desservi \u00e0 Issy vers Dourdan la For\u00eat, Saint-Martin d\u2019\u00c9tampes et Massy \u2013 Palaiseau (travaux). Dimanche 12 octobre, \u00e0 partir de 23h45, le trafic sera interrompu entre Dourdan et Paris Austerlitz. Du s(&#8230;)<\/p>\n<p class=\"mb-4 text-lg md:leading-8 break-words\"><a href=\"https:\/\/www.20minutes.fr\/paris\/4177235-20251006-paris-ile-france-perturbations-prevoir-ratp-sncf-semaine?at_medium=RSS%20feed&amp;at_campaign=ynews&amp;utm_source=yahoo&amp;utm_medium=rss&amp;utm_campaign=news_feed&amp;utm_content=read_more_link&quot;\" rel=\"nofollow noopener\" target=\"_blank\" data-ylk=\"slk:Lire la suite sur 20minutes;elm:context_link;itc:0;sec:content-canvas\" class=\"link \">Lire la suite sur 20minutes<\/a><\/p>\n<p>\u00c0 lire aussi :<br \/><a href=\"https:\/\/www.20minutes.fr\/faits_divers\/4176703-20251002-bergerac-sncf-forces-ordre-stoppent-trafic-ferroviaire-secourir-jeune-homme?at_medium=RSS%20feed&amp;at_campaign=ynews&amp;utm_source=yahoo&amp;utm_medium=rss&amp;utm_campaign=news_feed&amp;utm_content=related_content_link\" rel=\"nofollow noopener\" target=\"_blank\" data-ylk=\"slk:Bergerac : La SNCF et les forces de l\u2019ordre stoppent le trafic ferroviaire pour secourir un jeune homme;elm:context_link;itc:0;sec:content-canvas\" class=\"link \">Bergerac : La SNCF et les forces de l\u2019ordre stoppent le trafic ferroviaire pour secourir un jeune homme<\/a><br \/><a href=\"https:\/\/www.20minutes.fr\/economie\/4176675-20251002-sncf-francais-precipites-acheter-billets-noel-prix-flambent-deja?at_medium=RSS%20feed&amp;at_campaign=ynews&amp;utm_source=yahoo&amp;utm_medium=rss&amp;utm_campaign=news_feed&amp;utm_content=related_content_link\" rel=\"nofollow noopener\" target=\"_blank\" data-ylk=\"slk:SNCF : Les Fran\u00e7ais se sont pr\u00e9cipit\u00e9s pour acheter leurs billets pour No\u00ebl, les prix flambent d\u00e9j\u00e0;elm:context_link;itc:0;sec:content-canvas\" class=\"link \">SNCF : Les Fran\u00e7ais se sont pr\u00e9cipit\u00e9s pour acheter leurs billets pour No\u00ebl, les prix flambent d\u00e9j\u00e0<\/a><\/p>\n","protected":false},"excerpt":{"rendered":"TRANSPORT &#8211; Du lundi 6 au dimanche 12 octobre, plusieurs changements doivent \u00eatre pris en compte par les&hellip;\n","protected":false},"author":2,"featured_media":441665,"comment_status":"","ping_status":"","sticky":false,"template":"","format":"standard","meta":{"footnotes":""},"categories":[1888],"tags":[1111,1928,11,1927,1777,674,1011,27,4909,12,1926,626,22865,1925,25,31629],"class_list":{"0":"post-441664","1":"post","2":"type-post","3":"status-publish","4":"format-standard","5":"has-post-thumbnail","7":"category-paris","8":"tag-actu","9":"tag-actu-paris","10":"tag-actualites","11":"tag-actualites-paris","12":"tag-eu","13":"tag-europe","14":"tag-fr","15":"tag-france","16":"tag-la-capitale","17":"tag-news","18":"tag-news-paris","19":"tag-paris","20":"tag-paris-austerlitz","21":"tag-paris-news","22":"tag-republique-francaise","23":"tag-saint-quentin-en-yvelines"},"share_on_mastodon":{"url":"https:\/\/pubeurope.com\/@fr\/115324004892079150","error":""},"_links":{"self":[{"href":"https:\/\/www.europesays.com\/fr\/wp-json\/wp\/v2\/posts\/441664","targetHints":{"allow":["GET"]}}],"collection":[{"href":"https:\/\/www.europesays.com\/fr\/wp-json\/wp\/v2\/posts"}],"about":[{"href":"https:\/\/www.europesays.com\/fr\/wp-json\/wp\/v2\/types\/post"}],"author":[{"embeddable":true,"href":"https:\/\/www.europesays.com\/fr\/wp-json\/wp\/v2\/users\/2"}],"replies":[{"embeddable":true,"href":"https:\/\/www.europesays.com\/fr\/wp-json\/wp\/v2\/comments?post=441664"}],"version-history":[{"count":0,"href":"https:\/\/www.europesays.com\/fr\/wp-json\/wp\/v2\/posts\/441664\/revisions"}],"wp:featuredmedia":[{"embeddable":true,"href":"https:\/\/www.europesays.com\/fr\/wp-json\/wp\/v2\/media\/441665"}],"wp:attachment":[{"href":"https:\/\/www.europesays.com\/fr\/wp-json\/wp\/v2\/media?parent=441664"}],"wp:term":[{"taxonomy":"category","embeddable":true,"href":"https:\/\/www.europesays.com\/fr\/wp-json\/wp\/v2\/categories?post=441664"},{"taxonomy":"post_tag","embeddable":true,"href":"https:\/\/www.europesays.com\/fr\/wp-json\/wp\/v2\/tags?post=441664"}],"curies":[{"name":"wp","href":"https:\/\/api.w.org\/{rel}","templated":true}]}}