{"id":441674,"date":"2025-10-05T22:54:10","date_gmt":"2025-10-05T22:54:10","guid":{"rendered":"https:\/\/www.europesays.com\/fr\/441674\/"},"modified":"2025-10-05T22:54:10","modified_gmt":"2025-10-05T22:54:10","slug":"trump-envoie-la-garde-nationale-californienne-a-portland-en-oregon","status":"publish","type":"post","link":"https:\/\/www.europesays.com\/fr\/441674\/","title":{"rendered":"Trump envoie la garde nationale californienne \u00e0 Portland, en Oregon"},"content":{"rendered":"<p>Le gouverneur Gavin Newsom s&rsquo;est engag\u00e9 \u00e0 contester cette d\u00e9cision devant les tribunaux.<\/p>\n<p>Washington n&rsquo;a pas annonc\u00e9 officiellement l&rsquo;appel et l&rsquo;envoi de la Garde nationale de Californie en Oregon, contrairement \u00e0 ce qui s&rsquo;\u00e9tait produit samedi lorsque le gouverneur de l&rsquo;Illinois avait annonc\u00e9 la mobilisation des troupes dans son \u00c9tat.<\/p>\n<p>La gouverneure de l&rsquo;Oregon, Tina Kotek, a affirm\u00e9 que 101 membres de la Garde nationale de Californie \u00e9taient arriv\u00e9s dans son \u00c9tat samedi soir par avion et que d&rsquo;autres \u00e9taient en route. Mme Kotek a pr\u00e9cis\u00e9 qu&rsquo;il n&rsquo;y avait eu aucune communication officielle avec le gouvernement f\u00e9d\u00e9ral au sujet de ce d\u00e9ploiement.<\/p>\n<p>\u00abCette action semble intentionnelle pour contourner la d\u00e9cision rendue hier par une juge f\u00e9d\u00e9rale, a d\u00e9clar\u00e9 Mme Kotek dimanche. Une intervention militaire n&rsquo;est pas n\u00e9cessaire en Oregon. Il n&rsquo;y a pas d&rsquo;insurrection \u00e0 Portland. Aucune menace pour la s\u00e9curit\u00e9 nationale. L&rsquo;Oregon est notre maison, pas une cible militaire.\u00bb Un porte-parole de la police de Portland a refus\u00e9 de commenter la pr\u00e9sence de membres de la Garde nationale de Californie dans la ville. Un porte-parole de Mme Kotek a d\u00e9clar\u00e9 dimanche ne pas pouvoir v\u00e9rifier la localisation actuelle des membres de la Garde arriv\u00e9s samedi, orientant les questions vers le minist\u00e8re de la D\u00e9fense.<\/p>\n<p>La Garde nationale de Californie a \u00e9galement transmis les questions au minist\u00e8re de la D\u00e9fense. Un porte-parole du minist\u00e8re a refus\u00e9 de commenter. La Maison-Blanche n&rsquo;a pas r\u00e9agi dans l&rsquo;imm\u00e9diat.<\/p>\n<p>M. Newsom, un d\u00e9mocrate, a d\u00e9clar\u00e9 dans un communiqu\u00e9 que des soldats californiens \u00e9taient en route dimanche et a affirm\u00e9 que ce d\u00e9ploiement repr\u00e9sentait un \u00ababus de droit et de pouvoir flagrant\u00bb. Il a ajout\u00e9 que ces troupes avaient \u00e9t\u00e9 \u00abf\u00e9d\u00e9ralis\u00e9es\u00bb et plac\u00e9es sous le contr\u00f4le du pr\u00e9sident il y a des mois en r\u00e9ponse aux troubles \u00e0 Los Angeles.<\/p>\n<p>\n                \u00a0<\/p>\n<p>\u00abLe commandant en chef utilise l&rsquo;arm\u00e9e am\u00e9ricaine comme une arme politique contre les citoyens am\u00e9ricains, a soutenu M. Newsom. Nous porterons cette affaire devant les tribunaux, mais le public ne peut rester silencieux face \u00e0 une conduite aussi irresponsable et autoritaire de la part du pr\u00e9sident des \u00c9tats-Unis.\u00bb<\/p>\n<p>Une juge f\u00e9d\u00e9rale nomm\u00e9e par M. Trump a temporairement bloqu\u00e9 samedi le projet de d\u00e9ployer la Garde nationale de l&rsquo;Oregon \u00e0 Portland pour prot\u00e9ger les biens f\u00e9d\u00e9raux. Cette tentative faisait suite \u00e0 des manifestations qui ont laiss\u00e9 la ville comme \u00abravag\u00e9e par la guerre\u00bb, selon le pr\u00e9sident. Des responsables de l&rsquo;Oregon et des habitants de Portland jugent cette description absurde.<\/p>\n<p>La juge Karin Immergut a d\u00e9clar\u00e9 que les manifestations relativement limit\u00e9es observ\u00e9es dans la ville ne justifiaient pas le recours aux forces f\u00e9d\u00e9rales et qu&rsquo;autoriser ce d\u00e9ploiement pourrait porter atteinte \u00e0 la souverainet\u00e9 de l&rsquo;Oregon.<\/p>\n<p>Le maire de Portland, Keith Wilson, a d\u00e9clar\u00e9 dimanche que la ville continuait de chercher des moyens l\u00e9gaux pour emp\u00eacher tout d\u00e9ploiement de la Garde nationale.<\/p>\n<p>\u00abCette action contourne la d\u00e9cision du tribunal et menace d&rsquo;enflammer une communaut\u00e9 rest\u00e9e pacifique, a affirm\u00e9 M. Wilson. Notre \u00e9quipe juridique travaille en coordination avec nos partenaires et prendra imm\u00e9diatement toutes les mesures l\u00e9gales n\u00e9cessaires pour faire respecter l&rsquo;ordonnance de la juge et prot\u00e9ger les droits des habitants de Portland.\u00bb Le b\u00e2timent de la police de l&rsquo;immigration \u00e0 Portland a r\u00e9cemment \u00e9t\u00e9 le th\u00e9\u00e2tre de manifestations nocturnes.<\/p>\n<p>M. Trump a affirm\u00e9 que Portland et Chicago sont en proie \u00e0 la criminalit\u00e9 et aux troubles, d\u00e9crivant Portland comme une \u00abzone de guerre\u00bb.<\/p>\n<p>\u00a0Depuis le d\u00e9but de son second mandat, le pr\u00e9sident a envoy\u00e9 ou \u00e9voqu\u00e9 l&rsquo;envoi de troupes dans dix villes.<\/p>\n<p>Samedi, M. Trump a autoris\u00e9 le d\u00e9ploiement de 300 soldats de la Garde nationale de l&rsquo;Illinois pour prot\u00e9ger les agents et les biens f\u00e9d\u00e9raux \u00e0 Chicago.<\/p>\n","protected":false},"excerpt":{"rendered":"Le gouverneur Gavin Newsom s&rsquo;est engag\u00e9 \u00e0 contester cette d\u00e9cision devant les tribunaux. Washington n&rsquo;a pas annonc\u00e9 officiellement&hellip;\n","protected":false},"author":2,"featured_media":441675,"comment_status":"","ping_status":"","sticky":false,"template":"","format":"standard","meta":{"footnotes":""},"categories":[1589],"tags":[11,73,1866,12,1864,1865,1863,308],"class_list":{"0":"post-441674","1":"post","2":"type-post","3":"status-publish","4":"format-standard","5":"has-post-thumbnail","7":"category-etats-unis","8":"tag-actualites","9":"tag-etats-unis","10":"tag-etats-unis-damerique","11":"tag-news","12":"tag-united-states","13":"tag-united-states-of-america","14":"tag-us","15":"tag-usa"},"share_on_mastodon":{"url":"https:\/\/pubeurope.com\/@fr\/115324024544598566","error":""},"_links":{"self":[{"href":"https:\/\/www.europesays.com\/fr\/wp-json\/wp\/v2\/posts\/441674","targetHints":{"allow":["GET"]}}],"collection":[{"href":"https:\/\/www.europesays.com\/fr\/wp-json\/wp\/v2\/posts"}],"about":[{"href":"https:\/\/www.europesays.com\/fr\/wp-json\/wp\/v2\/types\/post"}],"author":[{"embeddable":true,"href":"https:\/\/www.europesays.com\/fr\/wp-json\/wp\/v2\/users\/2"}],"replies":[{"embeddable":true,"href":"https:\/\/www.europesays.com\/fr\/wp-json\/wp\/v2\/comments?post=441674"}],"version-history":[{"count":0,"href":"https:\/\/www.europesays.com\/fr\/wp-json\/wp\/v2\/posts\/441674\/revisions"}],"wp:featuredmedia":[{"embeddable":true,"href":"https:\/\/www.europesays.com\/fr\/wp-json\/wp\/v2\/media\/441675"}],"wp:attachment":[{"href":"https:\/\/www.europesays.com\/fr\/wp-json\/wp\/v2\/media?parent=441674"}],"wp:term":[{"taxonomy":"category","embeddable":true,"href":"https:\/\/www.europesays.com\/fr\/wp-json\/wp\/v2\/categories?post=441674"},{"taxonomy":"post_tag","embeddable":true,"href":"https:\/\/www.europesays.com\/fr\/wp-json\/wp\/v2\/tags?post=441674"}],"curies":[{"name":"wp","href":"https:\/\/api.w.org\/{rel}","templated":true}]}}