{"id":441680,"date":"2025-10-05T22:57:15","date_gmt":"2025-10-05T22:57:15","guid":{"rendered":"https:\/\/www.europesays.com\/fr\/441680\/"},"modified":"2025-10-05T22:57:15","modified_gmt":"2025-10-05T22:57:15","slug":"le-gaz-americain-gagne-enfin-des-contrats-de-long-terme-en-europe","status":"publish","type":"post","link":"https:\/\/www.europesays.com\/fr\/441680\/","title":{"rendered":"Le gaz am\u00e9ricain gagne enfin des contrats de long terme en Europe"},"content":{"rendered":"<p>\n                                                Depuis des mois, Donald Trump met la pression sur les Europ\u00e9ens pour qu\u2019ils remplacent les derniers achats de gaz russe par des importations am\u00e9ricaines. D\u00e9sormais, les compagnies europ\u00e9ennes semblent pr\u00eates\u00a0\u00e0 s&rsquo;engager\u00a0sur de longues dur\u00e9es \u00e0 acheter\u00a0du GNL en provenance des \u00c9tats-Unis.                    <\/p>\n<p>M\u00eame si l\u2019<a href=\"https:\/\/www.rfi.fr\/fr\/tag\/union-europ\u00e9enne\/\" target=\"_self\" rel=\"noopener\"><strong>Europe<\/strong><\/a> n\u2019entend pas acc\u00e9l\u00e9rer la fin de ses achats de gaz russes, ils ont d\u00e9j\u00e0 tr\u00e8s fortement diminu\u00e9. Et Bruxelles pr\u00e9voit que les derniers contrats s&rsquo;arr\u00eatent fin 2027. Ce qui est nouveau, c\u2019est que certaines compagnies europ\u00e9ennes ont effectivement commenc\u00e9 \u00e0 passer des contrats de long terme avec des fournisseurs am\u00e9ricains. En juillet, le p\u00e9trolier italien ENI et l\u2019Allemand Sefe ont sign\u00e9 des contrats de vingt ans. Et en septembre, c\u2019est la major Exxon qui a publiquement reconnu qu\u2019elle esp\u00e9rait \u00e0 son tour conclure un accord de long terme avec l\u2019Europe. \u00a0<\/p>\n<p> Une production am\u00e9ricaine attractive <\/p>\n<p>Si les Europ\u00e9ens se montrent finalement int\u00e9ress\u00e9s par ces contrats, c\u2019est d\u2019abord parce qu\u2019avec la guerre en <a href=\"https:\/\/www.rfi.fr\/fr\/tag\/ukraine\/\" target=\"_self\" rel=\"noopener\"><strong>Ukraine<\/strong><\/a> et la diminution des achats de gaz russe, ils ont \u00e9t\u00e9 contraints de se r\u00e9organiser. Ils ont d\u2019abord privil\u00e9gi\u00e9 le gaz asiatique, puis du GNL am\u00e9ricain sur le march\u00e9 spot. Mais les prix de gros du gaz am\u00e9ricain sont actuellement trois fois inf\u00e9rieurs. \u00c0 moyen terme, l&rsquo;\u00e9cart pourrait se resserrer, mais les prix am\u00e9ricains devraient rester bien inf\u00e9rieurs \u00e0 ceux du gaz asiatique et europ\u00e9en. Et question volume, les \u00c9tats-Unis sont pr\u00eats. La production am\u00e9ricaine de GNL va repr\u00e9senter la moiti\u00e9 de l\u2019augmentation de l\u2019offre mondiale d&rsquo;ici \u00e0 2030.<\/p>\n<p class=\"a-read-more\">\u00c0 lire aussi<a href=\"https:\/\/www.rfi.fr\/fr\/podcasts\/chronique-des-mati\u00e8res-premi\u00e8res\/20250218-l-europe-consomme-moins-de-gaz-naturel-liqu\u00e9fi\u00e9-mais-en-ach\u00e8te-plus-\u00e0-la-russie\" target=\"_self\" class=\"a-read-more__link\" rel=\"noopener\">L&rsquo;Europe consomme moins de gaz naturel liqu\u00e9fi\u00e9 mais en ach\u00e8te plus \u00e0 la Russie<\/a><\/p>\n<p> Un nombre record de projets <\/p>\n<p>Car malgr\u00e9 l&rsquo;incertitude macro\u00e9conomique et le besoin d\u2019acc\u00e9l\u00e9rer la transition \u00e9nerg\u00e9tique, les <a href=\"https:\/\/www.rfi.fr\/fr\/tag\/\u00e9tats-unis\/\" target=\"_self\" rel=\"noopener\"><strong>\u00c9tats-Unis<\/strong><\/a> continuent toujours de miser sur le d\u00e9veloppement du gaz. <a href=\"https:\/\/www.rfi.fr\/fr\/tag\/donald-trump\/\" target=\"_self\" rel=\"noopener\"><strong>Donald Trump<\/strong><\/a> n\u2019y est pas \u00e9tranger. L&rsquo;activit\u00e9 de liqu\u00e9faction de GNL est rest\u00e9e tr\u00e8s soutenue depuis le d\u00e9but de l&rsquo;ann\u00e9e. Les \u00c9tats-Unis ont approuv\u00e9 un nombre de record de projets dans ce domaine. C\u2019est la suite d\u2019un d\u00e9veloppement sans pr\u00e9c\u00e9dent de cette industrie qui a commenc\u00e9 il y a plus de vingt ans. Entre 2004 et 2024, la production gazi\u00e8re am\u00e9ricaine a doubl\u00e9. Les \u00c9tats-Unis sont devenus le premier exportateur mondial de GNL en 2023. Fin 2024, leur capacit\u00e9 de liqu\u00e9faction atteignait pr\u00e8s de 120\u00a0milliards de m\u00e8tres cubes par an, soit 20 % de la production mondiale. \u00a0<\/p>\n<p>\u00a0<\/p>\n<p class=\"a-read-more\">\u00c0 lire aussi<a href=\"https:\/\/www.rfi.fr\/fr\/podcasts\/chronique-des-mati\u00e8res-premi\u00e8res\/20241225-\u00e9tats-unis-le-pr\u00e9sident-\u00e9lu-donald-trump-veut-lib\u00e9rer-les-\u00e9nergies-fossiles\" target=\"_self\" class=\"a-read-more__link\" rel=\"noopener\">\u00c9tats-Unis: le pr\u00e9sident \u00e9lu Donald Trump veut lib\u00e9rer les \u00e9nergies fossiles<\/a><\/p>\n","protected":false},"excerpt":{"rendered":"Depuis des mois, Donald Trump met la pression sur les Europ\u00e9ens pour qu\u2019ils remplacent les derniers achats de&hellip;\n","protected":false},"author":2,"featured_media":441681,"comment_status":"","ping_status":"","sticky":false,"template":"","format":"standard","meta":{"footnotes":""},"categories":[1586],"tags":[11,9099,33,73,1777,674,1011,27,6848,12,25,364],"class_list":{"0":"post-441680","1":"post","2":"type-post","3":"status-publish","4":"format-standard","5":"has-post-thumbnail","7":"category-europe","8":"tag-actualites","9":"tag-chronique-des-matieres-premieres","10":"tag-economie","11":"tag-etats-unis","12":"tag-eu","13":"tag-europe","14":"tag-fr","15":"tag-france","16":"tag-matieres-premieres","17":"tag-news","18":"tag-republique-francaise","19":"tag-union-europeenne"},"share_on_mastodon":{"url":"https:\/\/pubeurope.com\/@fr\/115324036336083133","error":""},"_links":{"self":[{"href":"https:\/\/www.europesays.com\/fr\/wp-json\/wp\/v2\/posts\/441680","targetHints":{"allow":["GET"]}}],"collection":[{"href":"https:\/\/www.europesays.com\/fr\/wp-json\/wp\/v2\/posts"}],"about":[{"href":"https:\/\/www.europesays.com\/fr\/wp-json\/wp\/v2\/types\/post"}],"author":[{"embeddable":true,"href":"https:\/\/www.europesays.com\/fr\/wp-json\/wp\/v2\/users\/2"}],"replies":[{"embeddable":true,"href":"https:\/\/www.europesays.com\/fr\/wp-json\/wp\/v2\/comments?post=441680"}],"version-history":[{"count":0,"href":"https:\/\/www.europesays.com\/fr\/wp-json\/wp\/v2\/posts\/441680\/revisions"}],"wp:featuredmedia":[{"embeddable":true,"href":"https:\/\/www.europesays.com\/fr\/wp-json\/wp\/v2\/media\/441681"}],"wp:attachment":[{"href":"https:\/\/www.europesays.com\/fr\/wp-json\/wp\/v2\/media?parent=441680"}],"wp:term":[{"taxonomy":"category","embeddable":true,"href":"https:\/\/www.europesays.com\/fr\/wp-json\/wp\/v2\/categories?post=441680"},{"taxonomy":"post_tag","embeddable":true,"href":"https:\/\/www.europesays.com\/fr\/wp-json\/wp\/v2\/tags?post=441680"}],"curies":[{"name":"wp","href":"https:\/\/api.w.org\/{rel}","templated":true}]}}