{"id":441701,"date":"2025-10-05T23:13:14","date_gmt":"2025-10-05T23:13:14","guid":{"rendered":"https:\/\/www.europesays.com\/fr\/441701\/"},"modified":"2025-10-05T23:13:14","modified_gmt":"2025-10-05T23:13:14","slug":"erik-orsenna-militant-litteraire-au-festival-de-mouans-sartoux","status":"publish","type":"post","link":"https:\/\/www.europesays.com\/fr\/441701\/","title":{"rendered":"Erik Orsenna, militant litt\u00e9raire au Festival de Mouans-Sartoux"},"content":{"rendered":"<p class=\"fs-5 \">\u00ab Mouans-Sartoux me fait penser \u00e0 une \u00eele enchant\u00e9e au milieu de la Terre. Il y a cette sublime M\u00e9diterran\u00e9e, ces flux de touristes, et puis il y a Mouans-Sartoux. Et depuis toujours, on se demande : est-ce que cette fragilit\u00e9, on va pouvoir la sauver ? Ce climat de bienveillance, o\u00f9 l\u2019on est comme des fr\u00e8res, comme des marins sur des bateaux. Ici, c\u2019est le bateau Terre en r\u00e9duction, celui o\u00f9 l\u2019on prend soin de la terre, sans se prendre au s\u00e9rieux, tout en sonnant l\u2019alerte. \u00bb<\/p>\n<p class=\"fs-5 \">Volubile en \u00e9voquant ce festival o\u00f9 il se sent comme un poisson dans l\u2019eau, Erik Orsenna, doublement honor\u00e9 par l\u2019inauguration de la m\u00e9diath\u00e8que portant son nom \u00e0 Ch\u00e2teauneuf de Grasse et l\u2019attribution du Prix du livre engag\u00e9 pour la plan\u00e8te pour Adopte ta rivi\u00e8re (\u00e9ditions L\u2019iconoclaste) est forc\u00e9ment inspir\u00e9 par le th\u00e8me de cette 38e \u00e9dition : Quel monde demain.<\/p>\n<p class=\"fs-5 \">\u00ab Je suis \u00e9conomiste des mati\u00e8res premi\u00e8res et, il y a 20 ans, j\u2019ai r\u00e9alis\u00e9 que la premi\u00e8re des mati\u00e8res premi\u00e8res, \u00e0 savoir l\u2019eau, on s\u2019en foutait. Car j\u2019avais \u00e9crit un livre intitul\u00e9 L\u2019avenir de l\u2019eau, et on m\u2019a dit : \u2018\u2018ce que tu racontes est int\u00e9ressant, mais \u00e7a ne nous concerne pas. Nous sommes un pays temp\u00e9r\u00e9, jamais nous ne souffrirons de s\u00e9cheresse ni d\u2019inondations\u2019\u2019. J\u2019ai donc d\u00e9cid\u00e9 de m\u2019occuper des fleuves et des rivi\u00e8res, parce que ce sont des \u00eatres vivants, alors que l\u2019eau est une mati\u00e8re. Et que cela pouvait davantage \u00e9mouvoir. \u00bb<\/p>\n<p>                                                                                Les rivi\u00e8res apr\u00e8s la grammaire<\/p>\n<p class=\"fs-5 \">Dans la foul\u00e9e, l\u2019Acad\u00e9micien cr\u00e9e en 2017 l\u2019ONG Initiatives pour l\u2019Avenir des Grands Fleuves (IAGF). Eprouve l\u2019envie de sensibiliser les grand-enfants : les CM2-6e.<\/p>\n<p class=\"fs-5 \">De la m\u00eame fa\u00e7on qu\u2019il avait apprivois\u00e9 les plus rev\u00eaches avec La grammaire est une chanson douce, il passe une ann\u00e9e compl\u00e8te sur le terrain avec des classes de CM2, au bord de la rivi\u00e8re la plus proche de l\u2019\u00e9cole. Pour y observer la faune, la flore, les m\u00e9faits de la pollution aussi.<\/p>\n<p class=\"fs-5 \">C\u2019est ainsi qu\u2019est n\u00e9e l\u2019id\u00e9e de ce v\u00e9ritable conte qu\u2019est Adopte ta rivi\u00e8re, dont la magie a si bien op\u00e9r\u00e9 que gr\u00e2ce \u00e0 l\u2019association du m\u00eame nom, une centaine d\u2019\u00e9coles en France sont en cours d\u2019adoption d\u2019une rivi\u00e8re.<\/p>\n<p class=\"fs-5 \">Quant \u00e0 son livre Ces fleuves qui coulent en nous (\u00e9ditions Julliard) il est n\u00e9 de l\u2019id\u00e9e selon laquelle il y avait des similitudes entre le m\u00e9tier de son \u00e9pouse, m\u00e9decin vasculaire, et le sien : \u00ab Je m\u2019occupais des fleuves, de la plan\u00e8te, et elle des art\u00e8res, des veines qui r\u00e9gulent le corps, et selon une vieille philosophie du Moyen \u00c2ge, la plan\u00e8te et le corps, c\u2019est la m\u00eame chose. \u00bb<\/p>\n<p class=\"fs-5 \">\u00c0 partir de l\u00e0, cet \u00e9ternel explorateur nous embarque dans un fabuleux voyage, parfaitement sourc\u00e9 aupr\u00e8s d\u2019experts tels que le professeur de g\u00e9ologie Pierrick Graviou, o\u00f9 il est question de similitudes entre le r\u00e9seau cosmique des galaxies et celui des cellules neuronales de notre cerveau.<\/p>\n<p class=\"fs-5 \">D\u2019Hildegarde Von Bingen, cette sainte musicienne et naturaliste, dont une miniature a inspir\u00e9 Leonard de Vinci pour son Homme de Vitruve.<\/p>\n<p class=\"fs-5 \">Du combat de Robert Hue pour sensibiliser le public \u00e0 la maladie g\u00e9n\u00e9tique de la dr\u00e9panocytose.<\/p>\n<p class=\"fs-5 \">Mais aussi et surtout de cette id\u00e9e, qui traverse d\u2019un bout \u00e0 l\u2019autre cet ouvrage : \u00ab Ces fleuves qui coulent en nous ne sont pas faits que d\u2019eau, mais aussi d\u2019\u00e9motions. Et le plus vital, c\u2019est celui de l\u2019amiti\u00e9. \u00bb Dixit Erik Orsenna.<\/p>\n","protected":false},"excerpt":{"rendered":"\u00ab Mouans-Sartoux me fait penser \u00e0 une \u00eele enchant\u00e9e au milieu de la Terre. Il y a cette&hellip;\n","protected":false},"author":2,"featured_media":441702,"comment_status":"","ping_status":"","sticky":false,"template":"","format":"standard","meta":{"footnotes":""},"categories":[1357],"tags":[1379,58,59,1011,27,1380],"class_list":{"0":"post-441701","1":"post","2":"type-post","3":"status-publish","4":"format-standard","5":"has-post-thumbnail","7":"category-livres","8":"tag-books","9":"tag-divertissement","10":"tag-entertainment","11":"tag-fr","12":"tag-france","13":"tag-livres"},"share_on_mastodon":{"url":"https:\/\/pubeurope.com\/@fr\/115324099155160803","error":""},"_links":{"self":[{"href":"https:\/\/www.europesays.com\/fr\/wp-json\/wp\/v2\/posts\/441701","targetHints":{"allow":["GET"]}}],"collection":[{"href":"https:\/\/www.europesays.com\/fr\/wp-json\/wp\/v2\/posts"}],"about":[{"href":"https:\/\/www.europesays.com\/fr\/wp-json\/wp\/v2\/types\/post"}],"author":[{"embeddable":true,"href":"https:\/\/www.europesays.com\/fr\/wp-json\/wp\/v2\/users\/2"}],"replies":[{"embeddable":true,"href":"https:\/\/www.europesays.com\/fr\/wp-json\/wp\/v2\/comments?post=441701"}],"version-history":[{"count":0,"href":"https:\/\/www.europesays.com\/fr\/wp-json\/wp\/v2\/posts\/441701\/revisions"}],"wp:featuredmedia":[{"embeddable":true,"href":"https:\/\/www.europesays.com\/fr\/wp-json\/wp\/v2\/media\/441702"}],"wp:attachment":[{"href":"https:\/\/www.europesays.com\/fr\/wp-json\/wp\/v2\/media?parent=441701"}],"wp:term":[{"taxonomy":"category","embeddable":true,"href":"https:\/\/www.europesays.com\/fr\/wp-json\/wp\/v2\/categories?post=441701"},{"taxonomy":"post_tag","embeddable":true,"href":"https:\/\/www.europesays.com\/fr\/wp-json\/wp\/v2\/tags?post=441701"}],"curies":[{"name":"wp","href":"https:\/\/api.w.org\/{rel}","templated":true}]}}