{"id":441711,"date":"2025-10-05T23:22:18","date_gmt":"2025-10-05T23:22:18","guid":{"rendered":"https:\/\/www.europesays.com\/fr\/441711\/"},"modified":"2025-10-05T23:22:18","modified_gmt":"2025-10-05T23:22:18","slug":"greta-thunberg-dit-avoir-ete-maltraitee-en-prison-en-israel","status":"publish","type":"post","link":"https:\/\/www.europesays.com\/fr\/441711\/","title":{"rendered":"Greta Thunberg dit avoir \u00e9t\u00e9 maltrait\u00e9e en prison en Isra\u00ebl"},"content":{"rendered":"<p>        <img decoding=\"async\" loading=\"lazy\" src=\"https:\/\/www.europesays.com\/fr\/wp-content\/uploads\/2025\/10\/59d9fb6_upload-1-irvrlteh8sf4-afp-20250901-733v93b-v2-highres-spainisraelpalestiniangazaconflictaidf.jpeg\"  width=\"728\" height=\"409\" alt=\"Des \u00ab\u00a0traitements violents\u00a0\u00bb\u00a0: Greta Thunberg affirme \u00eatre maltrait\u00e9e en prison en Isra\u00ebl\"\/>  <\/p>\n<p>LLUIS GENE \/ AFP<\/p>\n<p>Des \u00ab\u00a0traitements violents\u00a0\u00bb\u00a0: Greta Thunberg affirme \u00eatre maltrait\u00e9e en prison en Isra\u00ebl<\/p>\n<p class=\"asset asset-text\">GAZA &#8211; Des accusations graves. <a href=\"https:\/\/www.huffingtonpost.fr\/international\/article\/greta-thunberg-annonce-une-nouvelle-flottille-pour-gaza-la-plus-grande-tentative-de-briser-le-blocus_253466.html\" target=\"_blank\" rel=\"noopener\">Greta Thunberg<\/a> affirme subir des mauvais traitements, alors qu\u2019elle est d\u00e9tenue dans une prison isra\u00e9lienne depuis l\u2019interception de <a href=\"https:\/\/www.huffingtonpost.fr\/international\/article\/l-ensemble-de-la-flottille-global-sumud-en-route-pour-gaza-mise-en-echec-par-israel_255516.html\" target=\"_blank\" rel=\"noopener\">la flottille Global Sumud <\/a>et de ses membres en direction de la bande de Gaza. Certains des compagnons de la militante Su\u00e9doise confirment et parlent \u00ab\u00a0d\u2019humiliations.\u00a0\u00bb<\/p>\n<p class=\"asset asset-text\">Dans un mail r\u00e9dig\u00e9 par le minist\u00e8re su\u00e9dois des Affaires \u00e9trang\u00e8res, et consult\u00e9 par <a href=\"https:\/\/www.theguardian.com\/world\/2025\/oct\/04\/greta-thunberg-israel-gaza-sweden\" target=\"_blank\" rel=\"noopener\" title=\"Nouvelle fen\u00eatre\">The Guardian,<\/a> un responsable qui a lui a rendu visite en fin de semaine derni\u00e8re rapporte ces accusations.<\/p>\n<p class=\"asset asset-text\">\u00ab\u00a0Ell\u00e9 a signal\u00e9 une d\u00e9shydratation. Elle n\u2019a pas re\u00e7u suffisamment d\u2019eau et de nourriture. Elle a \u00e9galement d\u00e9clar\u00e9 avoir d\u00e9velopp\u00e9 des \u00e9ruptions cutan\u00e9es qu\u2019elle soup\u00e7onne d\u2019\u00eatre caus\u00e9es par des punaises de lit. Elle a parl\u00e9 de traitements violents et a d\u00e9clar\u00e9 \u00eatre rest\u00e9e assise pendant de longues p\u00e9riodes sur des surfaces dures\u00a0\u00bb, explique ce mail, d\u00e9voil\u00e9 par le journal britannique samedi 4\u00a0octobre.<\/p>\n<p class=\"asset asset-text\">Vendredi 3\u00a0octobre, des repr\u00e9sentants de l\u2019ambassade de Su\u00e8de \u00e0 Tel Aviv avaient \u00e9t\u00e9 autoris\u00e9s \u00e0 rendre visite \u00e0 neuf ressortissants su\u00e9dois d\u00e9tenus \u00e0 la prison de Ketziot, en Isra\u00ebl.<\/p>\n<p>                     Un \u00ab\u00a0avertissement pour les autres\u00a0\u00bb    <\/p>\n<p class=\"asset asset-text\">Ce r\u00e9cit est corrobor\u00e9 par des membres de la flottille. \u00ab\u00a0Ils ont tra\u00een\u00e9 la petite Greta\u00a0[Thunberg] par les cheveux sous nos yeux, l\u2019ont battue et l\u2019ont forc\u00e9e \u00e0 embrasser le drapeau isra\u00e9lien. Ils lui ont fait des choses inimaginables, comme avertissements pour les autres\u00a0\u00bb membres de l\u2019op\u00e9ration humanitaire, a d\u00e9clar\u00e9 le journaliste et militant pr\u00e9sent \u00e0 bord Ersin Celik.<\/p>\n<p class=\"asset asset-text\">Un autre membre du convoi, Lorenzo D\u2019Agostino, raconte \u00e9galement que la jeune femme a \u00e9t\u00e9 \u00ab\u00a0envelopp\u00e9e dans le drapeau isra\u00e9lien et promen\u00e9e comme un troph\u00e9e\u00a0\u00bb.<\/p>\n<p class=\"asset asset-text\">L\u2019ambassade isra\u00e9lienne en Su\u00e8de d\u00e9ment ces accusations. \u00ab\u00a0Tous les d\u00e9tenus de la provocation Hamas &#8211; Sumud ont eu acc\u00e8s \u00e0 l\u2019eau, \u00e0 la nourriture et aux toilettes\u00a0; ils n\u2019ont pas \u00e9t\u00e9 priv\u00e9s de l\u2019acc\u00e8s \u00e0 un avocat et tous leurs droits l\u00e9gaux, y compris l\u2019acc\u00e8s aux soins m\u00e9dicaux, ont \u00e9t\u00e9 pleinement respect\u00e9s\u00a0\u00bb, a-t-elle affirm\u00e9. \u00ab\u00a0Isra\u00ebl est et restera un \u00c9tat de droit, d\u00e9termin\u00e9 \u00e0 d\u00e9fendre les droits et la dignit\u00e9 de tous les individus conform\u00e9ment aux normes internationales\u00a0\u00bb, a ajout\u00e9 l\u2019ambassade.<\/p>\n<p class=\"asset asset-text\">Greta Thunberg fait partie des 437\u00a0personnes qui ont pris part \u00e0 la flottille Global Sumud. Des centaines de militants \u00e0 bord de ces bateaux ont \u00e9t\u00e9 arr\u00eat\u00e9es par les forces isra\u00e9liennes et attendent d\u2019\u00eatre expuls\u00e9s. Parmi eux, 137 militants de treize pays se sont envol\u00e9s samedi pour Istanbul.<\/p>\n","protected":false},"excerpt":{"rendered":"LLUIS GENE \/ AFP Des \u00ab\u00a0traitements violents\u00a0\u00bb\u00a0: Greta Thunberg affirme \u00eatre maltrait\u00e9e en prison en Isra\u00ebl GAZA &#8211;&hellip;\n","protected":false},"author":2,"featured_media":441712,"comment_status":"","ping_status":"","sticky":false,"template":"","format":"standard","meta":{"footnotes":""},"categories":[5],"tags":[11,3259,1011,27,665,26418,14,664,12,28],"class_list":{"0":"post-441711","1":"post","2":"type-post","3":"status-publish","4":"format-standard","5":"has-post-thumbnail","7":"category-international","8":"tag-actualites","9":"tag-conflit-israelo-palestinien","10":"tag-fr","11":"tag-france","12":"tag-gaza","13":"tag-greta-thunberg","14":"tag-international","15":"tag-israel","16":"tag-news","17":"tag-world"},"share_on_mastodon":{"url":"https:\/\/pubeurope.com\/@fr\/115324135433340114","error":""},"_links":{"self":[{"href":"https:\/\/www.europesays.com\/fr\/wp-json\/wp\/v2\/posts\/441711","targetHints":{"allow":["GET"]}}],"collection":[{"href":"https:\/\/www.europesays.com\/fr\/wp-json\/wp\/v2\/posts"}],"about":[{"href":"https:\/\/www.europesays.com\/fr\/wp-json\/wp\/v2\/types\/post"}],"author":[{"embeddable":true,"href":"https:\/\/www.europesays.com\/fr\/wp-json\/wp\/v2\/users\/2"}],"replies":[{"embeddable":true,"href":"https:\/\/www.europesays.com\/fr\/wp-json\/wp\/v2\/comments?post=441711"}],"version-history":[{"count":0,"href":"https:\/\/www.europesays.com\/fr\/wp-json\/wp\/v2\/posts\/441711\/revisions"}],"wp:featuredmedia":[{"embeddable":true,"href":"https:\/\/www.europesays.com\/fr\/wp-json\/wp\/v2\/media\/441712"}],"wp:attachment":[{"href":"https:\/\/www.europesays.com\/fr\/wp-json\/wp\/v2\/media?parent=441711"}],"wp:term":[{"taxonomy":"category","embeddable":true,"href":"https:\/\/www.europesays.com\/fr\/wp-json\/wp\/v2\/categories?post=441711"},{"taxonomy":"post_tag","embeddable":true,"href":"https:\/\/www.europesays.com\/fr\/wp-json\/wp\/v2\/tags?post=441711"}],"curies":[{"name":"wp","href":"https:\/\/api.w.org\/{rel}","templated":true}]}}