{"id":441713,"date":"2025-10-05T23:23:17","date_gmt":"2025-10-05T23:23:17","guid":{"rendered":"https:\/\/www.europesays.com\/fr\/441713\/"},"modified":"2025-10-05T23:23:17","modified_gmt":"2025-10-05T23:23:17","slug":"sebastien-lecornu-vise-par-une-triple-motion-de-censure-des-cette-semaine-le-scenario-qui-se-profile","status":"publish","type":"post","link":"https:\/\/www.europesays.com\/fr\/441713\/","title":{"rendered":"S\u00e9bastien Lecornu vis\u00e9 par une triple motion de censure d\u00e8s cette semaine\u00a0? Le sc\u00e9nario qui se profile"},"content":{"rendered":"<p>        <img decoding=\"async\" loading=\"lazy\" src=\"https:\/\/www.europesays.com\/fr\/wp-content\/uploads\/2025\/10\/d187a08_upload-1-dqnux1ckza69-afp-20250910-73zp27v-v1-midres-francepoliticsgovernmenthandover.jpg\"  width=\"728\" height=\"410\" alt=\"S\u00e9bastien Lecornu \u00e0 Matignon.\"\/>  <\/p>\n<p>LUDOVIC MARIN \/ AFP<\/p>\n<p>S\u00e9bastien Lecornu \u00e0 Matignon.<\/p>\n<p class=\"asset asset-text\">POLITIQUE &#8211; Sans gouvernement, <a href=\"https:\/\/www.huffingtonpost.fr\/politique\/article\/avant-son-gouvernement-lecornu-envoie-une-feuille-de-route-qui-tourne-le-dos-a-la-gauche_255613.html\" rel=\"nofollow noopener\" target=\"_blank\">S\u00e9bastien Lecornu<\/a> semble d\u00e9j\u00e0 sur un si\u00e8ge \u00e9jectable. Deviendra-t-il, quatre semaines tout juste apr\u00e8s avoir \u00e9t\u00e9 nomm\u00e9 \u00e0 Matignon, le Premier ministre le plus \u00e9ph\u00e9m\u00e8re de la Ve\u00a0R\u00e9publique\u00a0? Le record est pour le moment d\u00e9tenu par Michel Barnier, rest\u00e9 trois petits mois rue de Varenne.<\/p>\n<p class=\"asset asset-text\">Mardi 7\u00a0octobre, \u00e0 15h, <a href=\"https:\/\/www.huffingtonpost.fr\/politique\/article\/pour-une-majorite-de-francais-lecornu-ne-correspond-pas-a-la-realite-politique-du-pays-exclusif_255600.html\" rel=\"nofollow noopener\" target=\"_blank\">l\u2019ancien ministre des Arm\u00e9es<\/a> prononcera sa tr\u00e8s attendue d\u00e9claration de politique g\u00e9n\u00e9rale. L\u2019occasion d\u2019y voir plus clair, alors qu\u2019il se montre tr\u00e8s avare en annonces et en prises de parole. S\u2019il n\u2019a pas pr\u00e9vu de solliciter un vote de confiance de l\u2019Assembl\u00e9e, n\u2019ayant aucune chance de l\u2019emporter compte tenu de la configuration de l\u2019h\u00e9micycle, S\u00e9bastien Lecornu sera tout de m\u00eame la cible de plusieurs motions de censure.<\/p>\n<p class=\"asset asset-text\">La premi\u00e8re devrait \u00eatre d\u00e9pos\u00e9e par <a href=\"https:\/\/www.huffingtonpost.fr\/politique\/article\/flottille-de-la-liberte-les-elus-de-la-france-insoumise-retenus-en-israel-commencent-une-greve-de-la-faim_255594.html\" rel=\"nofollow noopener\" target=\"_blank\">La France insoumise<\/a>. Le groupe pr\u00e9sid\u00e9 par Mathilde Panot a annonc\u00e9 son souhait depuis plusieurs jours d\u2019en finir le plus vite possible avec le troisi\u00e8me Premier ministre nomm\u00e9 par Emmanuel Macron depuis la dissolution. \u00ab\u00a0Il ne changera ni de politique, ni les membres de son gouvernement minoritaire depuis 2024 et encore moins son ministre de l\u2019Int\u00e9rieur qui parle de \u201cFran\u00e7ais de papier\u201d\u00a0\u00bb, a exprim\u00e9 le d\u00e9put\u00e9 LFI et pr\u00e9sident de la commission des Finances \u00c9ric Coquerel sur franceinfo. Le coordinateur du mouvement Manuel Bompard r\u00e9v\u00e8le, lui, avoir \u00ab\u00a0propos\u00e9 aux d\u00e9put\u00e9s \u00e9cologistes, communistes et m\u00eame socialistes de cosigner\u00a0\u00bb cette motion de censure. \u00ab\u00a0Pour l\u2019instant, nous n\u2019avons pas eu de r\u00e9ponse\u00a0\u00bb du PS, regrette-t-il.<\/p>\n<p class=\"asset asset-text\">Mais d\u2019autres initiatives pourraient s\u2019ajouter \u00e0 celle des insoumis. D\u2019abord les socialistes, qui semblent de plus en plus accr\u00e9diter l\u2019id\u00e9e qu\u2019ils censureront S\u00e9bastien Lecornu. \u00ab\u00a0Nous nous dirigeons tout droit vers la censure\u00a0\u00bb, a exprim\u00e9 <a href=\"https:\/\/www.huffingtonpost.fr\/politique\/article\/de-zucman-a-borne-le-ps-fixe-ses-conditions-pour-ne-pas-censurer-lecornu-apres-un-nouvel-entretien_255565.html\" rel=\"nofollow noopener\" target=\"_blank\">le Premier secr\u00e9taire du PS Olivier Faure<\/a> ce 5\u00a0octobre dans le Parisien. Lui embrayant le pas, la num\u00e9ro\u00a02\u00a0du PS et maire de Nantes Johanna Roland ne voit pas comment le Premier ministre pourrait \u00e9chapper \u00e0 la censure, bien qu\u2019elle lui laisse \u00ab\u00a0jusqu\u2019\u00e0 mardi pour amener des choses\u00a0\u00bb. Sinon \u00ab\u00a0les socialistes prendront leurs responsabilit\u00e9s\u00a0\u00bb, a-t-elle pr\u00e9venu sur France 3. Comprendre\u00a0: ils pourront d\u00e9poser leur propre motion de censure.<\/p>\n<p>                     Les Verts en m\u00e9diateur\u00a0?    <\/p>\n<p class=\"asset asset-text\">Une rivalit\u00e9 semble donc s\u2019engager entre socialistes et insoumis sur la question de la paternit\u00e9 de la motion de censure. En jeu\u00a0: la capacit\u00e9 \u00e0 engranger le maximum de voix (dont celles du RN) pour faire tomber S\u00e9bastien Lecornu.<\/p>\n<p class=\"asset asset-text\">Cherchant \u00e0 conforter son r\u00f4le de trait d\u2019union, \u00e0 bonne distance entre le PS et LFI, <a href=\"https:\/\/www.huffingtonpost.fr\/politique\/article\/ce-sondage-ifop-pour-la-presidentielle-2027-met-marine-tondelier-en-colere-et-ce-n-est-pas-a-cause-de-son-score_255424.html\" rel=\"nofollow noopener\" target=\"_blank\">Marine Tondelier<\/a>\u00a0a r\u00e9v\u00e9l\u00e9 sur BFMTV que les Verts pourraient d\u00e9poser eux aussi une motion de censure qui contenterait tout le monde. Elle dit avoir \u00ab\u00a0pris contact avec tous les groupes pour \u00eatre l\u2019auteur d\u2019une motion de censure unitaire, f\u00e9d\u00e9rative, parce qu\u2019on ne voit pas trop quoi faire d\u2019autre en r\u00e9alit\u00e9\u00a0\u00bb. \u00ab\u00a0Aucune voix ne doit manquer\u00a0\u00bb, ajoute-t-elle. La secr\u00e9taire nationale des \u00c9cologistes assure ne \u00ab\u00a0pas voir d\u2019autre chemin que la censure\u00a0\u00bb.<\/p>\n<p class=\"asset asset-text\">Rien, dans ce qu\u2019a pour l\u2019instant indiqu\u00e9 le Premier ministre, ne constitue \u00ab\u00a0un d\u00e9but de commencement d\u2019argument pour convaincre ne serait-ce qu\u2019un d\u00e9put\u00e9 \u00e9cologiste du groupe de voter autre chose que la censure\u00a0\u00bb. La gauche est donc dans les starting-blocks pour r\u00e9server une semaine de tous les dangers \u00e0 S\u00e9bastien Lecornu.<\/p>\n","protected":false},"excerpt":{"rendered":"LUDOVIC MARIN \/ AFP S\u00e9bastien Lecornu \u00e0 Matignon. POLITIQUE &#8211; Sans gouvernement, S\u00e9bastien Lecornu semble d\u00e9j\u00e0 sur un&hellip;\n","protected":false},"author":2,"featured_media":441714,"comment_status":"","ping_status":"","sticky":false,"template":"","format":"standard","meta":{"footnotes":""},"categories":[4],"tags":[11,1011,27,2383,26542,12,316,25,11067],"class_list":{"0":"post-441713","1":"post","2":"type-post","3":"status-publish","4":"format-standard","5":"has-post-thumbnail","7":"category-france","8":"tag-actualites","9":"tag-fr","10":"tag-france","11":"tag-gauche","12":"tag-motion-de-censure","13":"tag-news","14":"tag-politique","15":"tag-republique-francaise","16":"tag-sebastien-lecornu"},"share_on_mastodon":{"url":"https:\/\/pubeurope.com\/@fr\/115324138625430134","error":""},"_links":{"self":[{"href":"https:\/\/www.europesays.com\/fr\/wp-json\/wp\/v2\/posts\/441713","targetHints":{"allow":["GET"]}}],"collection":[{"href":"https:\/\/www.europesays.com\/fr\/wp-json\/wp\/v2\/posts"}],"about":[{"href":"https:\/\/www.europesays.com\/fr\/wp-json\/wp\/v2\/types\/post"}],"author":[{"embeddable":true,"href":"https:\/\/www.europesays.com\/fr\/wp-json\/wp\/v2\/users\/2"}],"replies":[{"embeddable":true,"href":"https:\/\/www.europesays.com\/fr\/wp-json\/wp\/v2\/comments?post=441713"}],"version-history":[{"count":0,"href":"https:\/\/www.europesays.com\/fr\/wp-json\/wp\/v2\/posts\/441713\/revisions"}],"wp:featuredmedia":[{"embeddable":true,"href":"https:\/\/www.europesays.com\/fr\/wp-json\/wp\/v2\/media\/441714"}],"wp:attachment":[{"href":"https:\/\/www.europesays.com\/fr\/wp-json\/wp\/v2\/media?parent=441713"}],"wp:term":[{"taxonomy":"category","embeddable":true,"href":"https:\/\/www.europesays.com\/fr\/wp-json\/wp\/v2\/categories?post=441713"},{"taxonomy":"post_tag","embeddable":true,"href":"https:\/\/www.europesays.com\/fr\/wp-json\/wp\/v2\/tags?post=441713"}],"curies":[{"name":"wp","href":"https:\/\/api.w.org\/{rel}","templated":true}]}}