{"id":441723,"date":"2025-10-05T23:31:14","date_gmt":"2025-10-05T23:31:14","guid":{"rendered":"https:\/\/www.europesays.com\/fr\/441723\/"},"modified":"2025-10-05T23:31:14","modified_gmt":"2025-10-05T23:31:14","slug":"la-fregate-canadienne-st-johns-de-passage-a-toulon","status":"publish","type":"post","link":"https:\/\/www.europesays.com\/fr\/441723\/","title":{"rendered":"La fr\u00e9gate canadienne St John\u2019s de passage \u00e0 Toulon"},"content":{"rendered":"<p>\n      Apr\u00e8s plusieurs jours d\u2019escale dans la base navale varoise, le HMCS St John\u2019s, l\u2019une des fr\u00e9gates canadiennes du type City, a repris la mer le samedi 4 octobre.\n    <\/p>\n<p>Partie le 13 juillet de la base navale d\u2019Halifax pour un d\u00e9ploiement de plusieurs mois en Europe, la fr\u00e9gate canadienne St John\u2019s a fait escale la semaine derni\u00e8re \u00e0 Toulon. Apr\u00e8s plusieurs jours de rel\u00e2che, le b\u00e2timent a quitt\u00e9 samedi matin les appontements Milhaud, o\u00f9 il \u00e9tait amarr\u00e9 pr\u00e8s <a href=\"https:\/\/www.meretmarine.com\/fr\/defense\/le-porte-avions-charles-de-gaulle-remonte-en-puissance\" target=\"_blank\" rel=\"noopener\">du porte-avions Charles de Gaulle, rentr\u00e9 apr\u00e8s une premi\u00e8re sortie d\u2019entrainement apr\u00e8s son arr\u00eat technique estival<\/a>.\u00a0<\/p>\n<p>\u00a0<\/p>\n<p>      La fr\u00e9gate St John&rsquo;s appareillant de Toulon le 4 octobre.\u00a0<\/p>\n<p>\u00a0<\/p>\n<p>      Le St John&rsquo;s quittant Toulon.\u00a0<\/p>\n<p>\u00a0<\/p>\n<p>\n                  Diaporama                <\/p>\n<p>La fr\u00e9gate canadienne St John&rsquo;s quittant Toulon le samedi 4 octobre. <\/p>\n<p>\u00a0<\/p>\n<p>      Le St John&rsquo;s quittant Toulon.\u00a0<\/p>\n<p>\u00a0<\/p>\n<p>La mission du St John\u2019s en M\u00e9diterran\u00e9e s\u2019inscrit dans le cadre de l\u2019op\u00e9ration Reassurance, qui voit le Canada poursuivre sa contribution permanente \u00e0 la s\u00e9curit\u00e9 de l\u2019Alliance atlantique en Europe. La fr\u00e9gate est ainsi d\u00e9ploy\u00e9e au sein du Standing Nato Maritime Group 2 (SNMG2), l\u2019un des groupes navals permanents de l\u2019OTAN, auxquels participe r\u00e9guli\u00e8rement la marine canadienne. Le d\u00e9ploiement du St John\u2019s doit s\u2019achever en d\u00e9cembre.\u00a0<\/p>\n<p>Onzi\u00e8me des 12 fr\u00e9gates canadiennes du type City, aussi connues en tant que classe Halifax, du nom du b\u00e2timent t\u00eate de s\u00e9rie, le St John\u2019s a \u00e9t\u00e9 mis en service en juin 1996. Long de 134 m\u00e8tres pour une largeur de 16.4 m\u00e8tres, ce b\u00e2timent de pr\u00e8s de 4800 tonnes \u00e0 pleine charge est arm\u00e9 par 250 marins. Dot\u00e9 de radars SMART-S et Sea Giraffe, d\u2019un sonar de coque SQS-510 et d\u2019une antenne remorqu\u00e9e TLFAS, il peut embarquer un h\u00e9licopt\u00e8re Cyclone. L\u2019armement comprend 8 missiles antinavires Harpoon, des cellules de lancement vertical pour 16 missiles surface-air ESSM, une tourelle de 57 mm, un syst\u00e8me multitubes Phalanx, de l\u2019artillerie l\u00e9g\u00e8re et deux plateformes triples pour torpilles Mk46.<\/p>\n<p>Les 12 unit\u00e9s de ce type, entr\u00e9es en flotte entre 1992 et 1996, vont \u00eatre remplac\u00e9es par <a href=\"https:\/\/www.meretmarine.com\/fr\/defense\/le-canada-notifie-la-construction-de-ses-trois-premieres-fregates-de-la-classe-river\" target=\"_blank\" rel=\"noopener\">les nouvelles fr\u00e9gates de la classe River<\/a>, d\u00e9riv\u00e9es des T26 britanniques. La construction de la t\u00eate de s\u00e9rie, le futur HMCS Fraser, a d\u00e9but\u00e9 en avril dernier au chantier Irving d\u2019Halifax en vue d\u2019une mise en service dans le courant des ann\u00e9es 2030. En tout, le Canada ambitionne de construire 15 b\u00e2timents de ce type afin de remplacer non seulement les 12 City, mais aussi les anciens destroyers du type Tribal d\u00e9j\u00e0 d\u00e9sarm\u00e9s.\u00a0<\/p>\n<p><strong>\u00a9 Un article de la r\u00e9daction de Mer et Marine.\u00a0Reproduction interdite sans consentement du ou des auteurs.<\/strong><strong>\u00a0\u00a0\u00a0<\/strong><\/p>\n<p>\u00a0<\/p>\n","protected":false},"excerpt":{"rendered":"Apr\u00e8s plusieurs jours d\u2019escale dans la base navale varoise, le HMCS St John\u2019s, l\u2019une des fr\u00e9gates canadiennes du&hellip;\n","protected":false},"author":2,"featured_media":441724,"comment_status":"","ping_status":"","sticky":false,"template":"","format":"standard","meta":{"footnotes":""},"categories":[9619],"tags":[1111,11,6130,6141,6131,6138,2380,6135,554,1777,6136,674,1011,27,6139,6134,3135,6128,567,6129,6127,12,6132,4838,882,6133,25,6140,6137,2310],"class_list":{"0":"post-441723","1":"post","2":"type-post","3":"status-publish","4":"format-standard","5":"has-post-thumbnail","7":"category-toulon","8":"tag-actu","9":"tag-actualites","10":"tag-chantiers","11":"tag-commando","12":"tag-construction-navale","13":"tag-costa","14":"tag-croisiere","15":"tag-dcns","16":"tag-defense","17":"tag-eu","18":"tag-euronaval","19":"tag-europe","20":"tag-fr","21":"tag-france","22":"tag-fremm","23":"tag-interviews","24":"tag-littoral","25":"tag-marine","26":"tag-marine-nationale","27":"tag-maritime","28":"tag-mer","29":"tag-news","30":"tag-offshore","31":"tag-peche","32":"tag-provence-alpes-cote-dazur","33":"tag-reportages","34":"tag-republique-francaise","35":"tag-sncm","36":"tag-stx","37":"tag-toulon"},"share_on_mastodon":{"url":"https:\/\/pubeurope.com\/@fr\/115324169999475207","error":""},"_links":{"self":[{"href":"https:\/\/www.europesays.com\/fr\/wp-json\/wp\/v2\/posts\/441723","targetHints":{"allow":["GET"]}}],"collection":[{"href":"https:\/\/www.europesays.com\/fr\/wp-json\/wp\/v2\/posts"}],"about":[{"href":"https:\/\/www.europesays.com\/fr\/wp-json\/wp\/v2\/types\/post"}],"author":[{"embeddable":true,"href":"https:\/\/www.europesays.com\/fr\/wp-json\/wp\/v2\/users\/2"}],"replies":[{"embeddable":true,"href":"https:\/\/www.europesays.com\/fr\/wp-json\/wp\/v2\/comments?post=441723"}],"version-history":[{"count":0,"href":"https:\/\/www.europesays.com\/fr\/wp-json\/wp\/v2\/posts\/441723\/revisions"}],"wp:featuredmedia":[{"embeddable":true,"href":"https:\/\/www.europesays.com\/fr\/wp-json\/wp\/v2\/media\/441724"}],"wp:attachment":[{"href":"https:\/\/www.europesays.com\/fr\/wp-json\/wp\/v2\/media?parent=441723"}],"wp:term":[{"taxonomy":"category","embeddable":true,"href":"https:\/\/www.europesays.com\/fr\/wp-json\/wp\/v2\/categories?post=441723"},{"taxonomy":"post_tag","embeddable":true,"href":"https:\/\/www.europesays.com\/fr\/wp-json\/wp\/v2\/tags?post=441723"}],"curies":[{"name":"wp","href":"https:\/\/api.w.org\/{rel}","templated":true}]}}