{"id":441732,"date":"2025-10-05T23:36:24","date_gmt":"2025-10-05T23:36:24","guid":{"rendered":"https:\/\/www.europesays.com\/fr\/441732\/"},"modified":"2025-10-05T23:36:24","modified_gmt":"2025-10-05T23:36:24","slug":"reconcilier-grenoble-reclame-la-publication-du-dernier-sondage-dans-son-integralite","status":"publish","type":"post","link":"https:\/\/www.europesays.com\/fr\/441732\/","title":{"rendered":"R\u00e9concilier Grenoble r\u00e9clame la publication du dernier sondage dans son int\u00e9gralit\u00e9"},"content":{"rendered":"<p>\t\t\t\t\t\t\t\t\t\t\t<img loading=\"lazy\" decoding=\"async\" width=\"1280\" title=\"Municipales \u00e0 Grenoble : R\u00e9concilier Grenoble r\u00e9clame la publication du dernier sondage dans son int\u00e9gralit\u00e9\" class=\"img-fluid  mb-3\" src=\"https:\/\/grandgrenoble.alpes1.com\/media\/news\/municipales-a-grenoble-reconcilier-grenoble-reclame-la-publication-du-dernier-sondage-dans-son-integralite_68e24d89ba5ec.webp\" alt=\"Municipales \u00e0 Grenoble : R\u00e9concilier Grenoble r\u00e9clame la publication du dernier sondage dans son int\u00e9gralit\u00e9\" itemprop=\"image\" height=\"720\"\/>\t\t\t\t\t\t\t\t\t\t\t\t<\/p>\n<p>Municipales \u00e0 Grenoble : R\u00e9concilier Grenoble r\u00e9clame la publication du dernier sondage dans son int\u00e9gralit\u00e9 &#8211; DR<\/p>\n<p itemprop=\"description\"><strong>Il y a quelques jours, un premier sondage testant les diff\u00e9rents candidats aux \u00e9lections municipales 2026 \u00e0 Grenoble faisait sensation.<\/strong><\/p>\n<p>Et pour cause, avec ou sans LFI \u00e0 ses c\u00f4t\u00e9s, l&rsquo;\u00e9cologiste Laurence Ruffin apparaissait en position de force au 1er tour du scrutin selon l&rsquo;\u00e9tude Cluster 17 command\u00e9e par l&rsquo;ADES.<\/p>\n<p>Mais selon le collectif R\u00e9concilier Grenoble, proche d&rsquo;Alain Carignon, il manque des donn\u00e9es importantes. Cl\u00e9ment Chappet, animateur du collectif, croit savoir que des questions pour se projeter sur le second tour des municipales grenobloises ont \u00e9t\u00e9 pos\u00e9es aux 505 personnes interrog\u00e9es du 3 au 9 septembre.<\/p>\n<p>Or, ces donn\u00e9es pr\u00e9sum\u00e9es sont absentes de <a href=\"https:\/\/www.commission-des-sondages.fr\/notices\/files\/notices\/2025\/octobre\/9989-mun-grenoble-cluster-17-le-dauphine-2-octobre.pdf\" target=\"_blank\" rel=\"noopener\">la notice publi\u00e9e par Cluster17<\/a>.<\/p>\n<p>\u00ab\u00a0Le collectif a saisi la commission nationale des sondages et l\u2019institut de sondage pour exiger cette transparence. La campagne municipale ne doit pas \u00eatre le cadre des coups tordus habituels de l\u2019ADES, groupuscule qui manoeuvre pour maintenir la coalition actuelle au pouvoir. Elle doit se d\u00e9rouler dans la clart\u00e9 et les Grenoblois ne doivent pas subir ces op\u00e9rations de communication successives qui faussent le d\u00e9bat et le scrutin\u00a0\u00bb, poursuit Cl\u00e9ment Chappet.<\/p>\n<p>R\u00e9concilier Grenoble demande aussi \u00e0 Laurence Ruffin de \u00ab\u00a0r\u00e9cuser ces m\u00e9thodes\u00a0\u00bb.<\/p>\n<p>\u00ab\u00a0Ce nouvel \u00e9pisode de tricherie \u00e0 grande \u00e9chelle, inqui\u00e9tant pour la d\u00e9mocratie locale, doit \u00eatre corrig\u00e9 par la publication de l\u2019int\u00e9gralit\u00e9 des donn\u00e9es\u00a0\u00bb, s&rsquo;\u00e9meut Cl\u00e9ment Chappet.<\/p>\n","protected":false},"excerpt":{"rendered":"Municipales \u00e0 Grenoble : R\u00e9concilier Grenoble r\u00e9clame la publication du dernier sondage dans son int\u00e9gralit\u00e9 &#8211; DR Il&hellip;\n","protected":false},"author":2,"featured_media":441733,"comment_status":"","ping_status":"","sticky":false,"template":"","format":"standard","meta":{"footnotes":""},"categories":[9566],"tags":[1111,11,7733,8279,2430,7736,650,7734,2889,2263,1777,674,1011,27,2731,8280,6417,1114,108,4662,12,3725,1825,25,7737],"class_list":{"0":"post-441732","1":"post","2":"type-post","3":"status-publish","4":"format-standard","5":"has-post-thumbnail","7":"category-grenoble","8":"tag-actu","9":"tag-actualites","10":"tag-alpes","11":"tag-alpes1","12":"tag-auvergne-rhone-alpes","13":"tag-cds","14":"tag-cinema","15":"tag-ecoute","16":"tag-emission","17":"tag-equipe","18":"tag-eu","19":"tag-europe","20":"tag-fr","21":"tag-france","22":"tag-grenoble","23":"tag-haute","24":"tag-information","25":"tag-infos","26":"tag-isere","27":"tag-journal","28":"tag-news","29":"tag-podcast","30":"tag-radio","31":"tag-republique-francaise","32":"tag-winamp"},"share_on_mastodon":{"url":"https:\/\/pubeurope.com\/@fr\/115324190272203212","error":""},"_links":{"self":[{"href":"https:\/\/www.europesays.com\/fr\/wp-json\/wp\/v2\/posts\/441732","targetHints":{"allow":["GET"]}}],"collection":[{"href":"https:\/\/www.europesays.com\/fr\/wp-json\/wp\/v2\/posts"}],"about":[{"href":"https:\/\/www.europesays.com\/fr\/wp-json\/wp\/v2\/types\/post"}],"author":[{"embeddable":true,"href":"https:\/\/www.europesays.com\/fr\/wp-json\/wp\/v2\/users\/2"}],"replies":[{"embeddable":true,"href":"https:\/\/www.europesays.com\/fr\/wp-json\/wp\/v2\/comments?post=441732"}],"version-history":[{"count":0,"href":"https:\/\/www.europesays.com\/fr\/wp-json\/wp\/v2\/posts\/441732\/revisions"}],"wp:featuredmedia":[{"embeddable":true,"href":"https:\/\/www.europesays.com\/fr\/wp-json\/wp\/v2\/media\/441733"}],"wp:attachment":[{"href":"https:\/\/www.europesays.com\/fr\/wp-json\/wp\/v2\/media?parent=441732"}],"wp:term":[{"taxonomy":"category","embeddable":true,"href":"https:\/\/www.europesays.com\/fr\/wp-json\/wp\/v2\/categories?post=441732"},{"taxonomy":"post_tag","embeddable":true,"href":"https:\/\/www.europesays.com\/fr\/wp-json\/wp\/v2\/tags?post=441732"}],"curies":[{"name":"wp","href":"https:\/\/api.w.org\/{rel}","templated":true}]}}