{"id":441734,"date":"2025-10-05T23:37:11","date_gmt":"2025-10-05T23:37:11","guid":{"rendered":"https:\/\/www.europesays.com\/fr\/441734\/"},"modified":"2025-10-05T23:37:11","modified_gmt":"2025-10-05T23:37:11","slug":"grenoble-inattendu-leader-toulouse-en-forme","status":"publish","type":"post","link":"https:\/\/www.europesays.com\/fr\/441734\/","title":{"rendered":"Grenoble inattendu leader, Toulouse en forme"},"content":{"rendered":"<p>C\u2019est le promu Grenoble qui est le seul leader de Seconde Ligue apr\u00e8s 4 journ\u00e9es, \u00e0 la faveur d\u2019un troisi\u00e8me succ\u00e8s. Impressionnant !<\/p>\n<p>Grenoble fait fort, tr\u00e8s fort. Apr\u00e8s sa saison magnifique en D3 qui a vu l\u2019\u00e9quipe monter sans jamais vraiment afficher au grand jour ses ambitions, les joueuses de Nassredine Behloul alias Titine sont en train de cr\u00e9er une nouvelle sensation. <\/p>\n<p class=\"has-background\" style=\"background-color:#eeeeee\"><a href=\"https:\/\/footeuses.com\/ophelie-wasner-grenoble-serait-dommage-ne-pas-aller-au-bout-des-choses\/\" rel=\"nofollow noopener\" target=\"_blank\">Retrouvez notre entretien avec Oph\u00e9lie Wasner (Grenoble)<\/a><\/p>\n<p>Ce 5 octobre, elles ont accroch\u00e9 leur premier succ\u00e8s \u00e0 l\u2019ext\u00e9rieur de la saison, sans conc\u00e9der de but, \u00e0 Rodez. Une belle victoire 2-0, assur\u00e9e gr\u00e2ce au but en fin de match de la jeune Sadiki, qui permet \u00e0 l\u2019\u00e9quipe d\u2019afficher 9 points apr\u00e8s 4 journ\u00e9es, le meilleur bilan du championnat.<\/p>\n<p>Derri\u00e8re, <a href=\"https:\/\/footeuses.com\/le-gros-coup-pour-rodez-metz-le-mans-et-grenoble-confirment\/\" rel=\"nofollow noopener\" target=\"_blank\">Toulouse se replace<\/a>, gr\u00e2ce \u00e0 une victoire indiscutable sur Guingamp, avec un doubl\u00e9 de <a href=\"https:\/\/footeuses.com\/louna-lapassouse-cannes-revelation-offensive-d3-feminine\/\" rel=\"nofollow noopener\" target=\"_blank\">Lapassouse<\/a>. Reims continue \u00e0 creuser en s\u2019inclinant chez lui contre le promu auxerrois, le choc Lille-Metz accouche d\u2019une souris et d\u2019un 0-0. Thonon bat, de mani\u00e8re surprenante, Le Mans et Nice craque \u00e0 Saint-Malo.<\/p>\n<p class=\"has-text-align-right\">J\u00e9r\u00f4me Flury<\/p>\n<p class=\"has-text-align-right\">Photo \u00a9<a href=\"https:\/\/www.facebook.com\/grenoblefoot38?__tn__=-UC*F\" rel=\"nofollow noopener\" target=\"_blank\">Grenoble Foot 38<\/a><\/p>\n<p class=\"has-background\" style=\"background-color:#eeeeee\"><strong>Les r\u00e9sultats <\/strong><br \/>Thonon Evian \u2013 Le Mans : 1-0<br \/>Toulouse \u2013 Guingamp : 3-0<br \/>Rodez \u2013 Grenoble : 0-2<br \/>Saint-Malo \u2013 Nice : 2-1<br \/>Reims \u2013 Auxerre : 1-2<br \/>Lille \u2013 Metz : 0-0<\/p>\n","protected":false},"excerpt":{"rendered":"C\u2019est le promu Grenoble qui est le seul leader de Seconde Ligue apr\u00e8s 4 journ\u00e9es, \u00e0 la faveur&hellip;\n","protected":false},"author":2,"featured_media":441735,"comment_status":"","ping_status":"","sticky":false,"template":"","format":"standard","meta":{"footnotes":""},"categories":[9566],"tags":[1111,11,2430,1777,674,1011,27,2731,12,25],"class_list":{"0":"post-441734","1":"post","2":"type-post","3":"status-publish","4":"format-standard","5":"has-post-thumbnail","7":"category-grenoble","8":"tag-actu","9":"tag-actualites","10":"tag-auvergne-rhone-alpes","11":"tag-eu","12":"tag-europe","13":"tag-fr","14":"tag-france","15":"tag-grenoble","16":"tag-news","17":"tag-republique-francaise"},"share_on_mastodon":{"url":"https:\/\/pubeurope.com\/@fr\/115324193505891453","error":""},"_links":{"self":[{"href":"https:\/\/www.europesays.com\/fr\/wp-json\/wp\/v2\/posts\/441734","targetHints":{"allow":["GET"]}}],"collection":[{"href":"https:\/\/www.europesays.com\/fr\/wp-json\/wp\/v2\/posts"}],"about":[{"href":"https:\/\/www.europesays.com\/fr\/wp-json\/wp\/v2\/types\/post"}],"author":[{"embeddable":true,"href":"https:\/\/www.europesays.com\/fr\/wp-json\/wp\/v2\/users\/2"}],"replies":[{"embeddable":true,"href":"https:\/\/www.europesays.com\/fr\/wp-json\/wp\/v2\/comments?post=441734"}],"version-history":[{"count":0,"href":"https:\/\/www.europesays.com\/fr\/wp-json\/wp\/v2\/posts\/441734\/revisions"}],"wp:featuredmedia":[{"embeddable":true,"href":"https:\/\/www.europesays.com\/fr\/wp-json\/wp\/v2\/media\/441735"}],"wp:attachment":[{"href":"https:\/\/www.europesays.com\/fr\/wp-json\/wp\/v2\/media?parent=441734"}],"wp:term":[{"taxonomy":"category","embeddable":true,"href":"https:\/\/www.europesays.com\/fr\/wp-json\/wp\/v2\/categories?post=441734"},{"taxonomy":"post_tag","embeddable":true,"href":"https:\/\/www.europesays.com\/fr\/wp-json\/wp\/v2\/tags?post=441734"}],"curies":[{"name":"wp","href":"https:\/\/api.w.org\/{rel}","templated":true}]}}