{"id":441750,"date":"2025-10-05T23:50:14","date_gmt":"2025-10-05T23:50:14","guid":{"rendered":"https:\/\/www.europesays.com\/fr\/441750\/"},"modified":"2025-10-05T23:50:14","modified_gmt":"2025-10-05T23:50:14","slug":"previsions-du-lundi-6-octobre-2025-6","status":"publish","type":"post","link":"https:\/\/www.europesays.com\/fr\/441750\/","title":{"rendered":"pr\u00e9visions du lundi 6 octobre 2025"},"content":{"rendered":"<p>La journ\u00e9e qui s&rsquo;annonce \u00e0 Toulouse, promet d&rsquo;\u00eatre belle et ensoleill\u00e9e ! Les valeurs afficheront entre 8 et 21\u00b0C. Le matin, on anticipe des temp\u00e9ratures d&rsquo;environ 13\u00b0C. Un l\u00e9ger vent de nord-ouest soufflera. Un temps plus chaud est attendu l&rsquo;apr\u00e8s-midi puisque le mercure va enregistrer une augmentation. Les maximales pourront atteindre 21\u00b0C et les minimales seront de 18\u00b0C. Le ciel sera assez lumineux, avec quelques \u00e9claircies le soir. Le ciel sera limpide dans la nuit de lundi \u00e0 mardi.<\/p>\n<p>Demain, les Toulousains vont pouvoir b\u00e9n\u00e9ficier d&rsquo;un soleil radieux. C&rsquo;est une hausse de quelques degr\u00e9s que vont conna\u00eetre les temp\u00e9ratures. Les valeurs s&rsquo;\u00e9chelonneront entre 11 et 24\u00b0C. Une modeste brise de nord-ouest sera ressentie par les habitants. Le matin, le mercure affichera 16\u00b0C en moyenne. Les temp\u00e9ratures vont grimper pendant l&rsquo;apr\u00e8s-midi de plusieurs degr\u00e9s. Les valeurs seront de 21\u00b0C au minimum et de 24\u00b0C au maximum. Demain soir, le vent va peu \u00e0 peu \u00e9loigner les nuages. Les valeurs avoisineront les 19\u00b0C.<\/p>\n<p>Les jours suivants s&rsquo;annoncent similaires. On s&rsquo;attend \u00e0 des journ\u00e9es ensoleill\u00e9es, avec des temp\u00e9ratures dans les 18\u00b0C en moyenne.<\/p>\n<p><\/p>\n","protected":false},"excerpt":{"rendered":"La journ\u00e9e qui s&rsquo;annonce \u00e0 Toulouse, promet d&rsquo;\u00eatre belle et ensoleill\u00e9e ! Les valeurs afficheront entre 8 et&hellip;\n","protected":false},"author":2,"featured_media":441751,"comment_status":"","ping_status":"","sticky":false,"template":"","format":"standard","meta":{"footnotes":""},"categories":[2816],"tags":[1111,11,1777,674,1011,27,12,2680,2119,25,2312],"class_list":{"0":"post-441750","1":"post","2":"type-post","3":"status-publish","4":"format-standard","5":"has-post-thumbnail","7":"category-toulouse","8":"tag-actu","9":"tag-actualites","10":"tag-eu","11":"tag-europe","12":"tag-fr","13":"tag-france","14":"tag-news","15":"tag-occitanie","16":"tag-previsions-meteo","17":"tag-republique-francaise","18":"tag-toulouse"},"share_on_mastodon":{"url":"https:\/\/pubeurope.com\/@fr\/115324244678943530","error":""},"_links":{"self":[{"href":"https:\/\/www.europesays.com\/fr\/wp-json\/wp\/v2\/posts\/441750","targetHints":{"allow":["GET"]}}],"collection":[{"href":"https:\/\/www.europesays.com\/fr\/wp-json\/wp\/v2\/posts"}],"about":[{"href":"https:\/\/www.europesays.com\/fr\/wp-json\/wp\/v2\/types\/post"}],"author":[{"embeddable":true,"href":"https:\/\/www.europesays.com\/fr\/wp-json\/wp\/v2\/users\/2"}],"replies":[{"embeddable":true,"href":"https:\/\/www.europesays.com\/fr\/wp-json\/wp\/v2\/comments?post=441750"}],"version-history":[{"count":0,"href":"https:\/\/www.europesays.com\/fr\/wp-json\/wp\/v2\/posts\/441750\/revisions"}],"wp:featuredmedia":[{"embeddable":true,"href":"https:\/\/www.europesays.com\/fr\/wp-json\/wp\/v2\/media\/441751"}],"wp:attachment":[{"href":"https:\/\/www.europesays.com\/fr\/wp-json\/wp\/v2\/media?parent=441750"}],"wp:term":[{"taxonomy":"category","embeddable":true,"href":"https:\/\/www.europesays.com\/fr\/wp-json\/wp\/v2\/categories?post=441750"},{"taxonomy":"post_tag","embeddable":true,"href":"https:\/\/www.europesays.com\/fr\/wp-json\/wp\/v2\/tags?post=441750"}],"curies":[{"name":"wp","href":"https:\/\/api.w.org\/{rel}","templated":true}]}}