{"id":441752,"date":"2025-10-05T23:52:15","date_gmt":"2025-10-05T23:52:15","guid":{"rendered":"https:\/\/www.europesays.com\/fr\/441752\/"},"modified":"2025-10-05T23:52:15","modified_gmt":"2025-10-05T23:52:15","slug":"previsions-du-lundi-6-octobre-2025-7","status":"publish","type":"post","link":"https:\/\/www.europesays.com\/fr\/441752\/","title":{"rendered":"pr\u00e9visions du lundi 6 octobre 2025"},"content":{"rendered":"<p class=\"mb-4 text-lg md:leading-8 break-words\"><strong>M\u00e9t\u00e9o &#8211; Aujourd&rsquo;hui, on verra l&rsquo;arriv\u00e9e de petits nuages. Les temp\u00e9ratures seront de 13\u00b0C la matin\u00e9e et de 17\u00b0C l&rsquo;apr\u00e8s-midi&#8230;<\/strong><\/p>\n<p class=\"mb-4 text-lg md:leading-8 break-words\">Un temps voil\u00e9 pour Lille avec un d\u00e9veloppement de l\u00e9gers nuages est annonc\u00e9 dans la journ\u00e9e. Les temp\u00e9ratures s&rsquo;\u00e9chelonneront de 10 \u00e0 17\u00b0C. Un vent d&rsquo;ouest soufflera un peu, avec 13 km\/h. L&rsquo;apr\u00e8s-midi, encore de petits nuages dans le ciel qui emp\u00eachent le soleil de faire son apparition. D&rsquo;un autre c\u00f4t\u00e9, les temp\u00e9ratures vont enregistrer une augmentation de quelques degr\u00e9s. Les valeurs s&rsquo;\u00e9chelonneront entre 15\u00b0C et 17\u00b0C. Des \u00e9claircies appara\u00eetront dans la soir\u00e9e. Il fera 13\u00b0C en moyenne. Un ciel d\u00e9pourvu de nuages est pr\u00e9vu dans la nuit entre lundi et mardi.<\/p>\n<p class=\"mb-4 text-lg md:leading-8 break-words\">La ville de Lille aura quelques \u00e9claircies demain. L&rsquo;air ambiant va se r\u00e9chauffer avec une hausse de quelques degr\u00e9s. On anticipe des temp\u00e9ratures d&rsquo;environ 16\u00b0C. Une l\u00e9g\u00e8re brise de sud-ouest sera ressentie par les habitants. Les temp\u00e9ratures vont grimper pendant l&rsquo;apr\u00e8s-midi de quelques degr\u00e9s. Les valeurs afficheront entre 17 et 20\u00b0C. Demain soir, le vent va peu \u00e0 peu \u00e9loigner la grisaille.<\/p>\n<p class=\"mb-4 text-lg md:leading-8 break-words\">Pour les prochains jours, la m\u00e9t\u00e9o ne changera pas. Il va faire un temps relativement ensoleill\u00e9 avec des temp\u00e9ratures autour de 15\u00b0C.<\/p>\n<p class=\"mb-4 text-lg md:leading-8 break-words\"><a href=\"https:\/\/www.20minutes.fr\/planete\/previsions-meteo\/4177253-20251006-meteo-lille-previsions-lundi-6-octobre-2025?at_medium=RSS%20feed&amp;at_campaign=ynews&amp;utm_source=yahoo&amp;utm_medium=rss&amp;utm_campaign=news_feed&amp;utm_content=read_more_link&quot;\" rel=\"nofollow noopener\" target=\"_blank\" data-ylk=\"slk:Lire la suite sur 20minutes;elm:context_link;itc:0;sec:content-canvas\" class=\"link \">Lire la suite sur 20minutes<\/a><\/p>\n","protected":false},"excerpt":{"rendered":"M\u00e9t\u00e9o &#8211; Aujourd&rsquo;hui, on verra l&rsquo;arriv\u00e9e de petits nuages. Les temp\u00e9ratures seront de 13\u00b0C la matin\u00e9e et de&hellip;\n","protected":false},"author":2,"featured_media":441753,"comment_status":"","ping_status":"","sticky":false,"template":"","format":"standard","meta":{"footnotes":""},"categories":[2815],"tags":[1111,11,1777,674,1011,27,811,51394,1307,2487,12,25,55605],"class_list":{"0":"post-441752","1":"post","2":"type-post","3":"status-publish","4":"format-standard","5":"has-post-thumbnail","7":"category-lille","8":"tag-actu","9":"tag-actualites","10":"tag-eu","11":"tag-europe","12":"tag-fr","13":"tag-france","14":"tag-hauts-de-france","15":"tag-la-matinee","16":"tag-lille","17":"tag-meteo","18":"tag-news","19":"tag-republique-francaise","20":"tag-vent-douest"},"share_on_mastodon":{"url":"https:\/\/pubeurope.com\/@fr\/115324252574148447","error":""},"_links":{"self":[{"href":"https:\/\/www.europesays.com\/fr\/wp-json\/wp\/v2\/posts\/441752","targetHints":{"allow":["GET"]}}],"collection":[{"href":"https:\/\/www.europesays.com\/fr\/wp-json\/wp\/v2\/posts"}],"about":[{"href":"https:\/\/www.europesays.com\/fr\/wp-json\/wp\/v2\/types\/post"}],"author":[{"embeddable":true,"href":"https:\/\/www.europesays.com\/fr\/wp-json\/wp\/v2\/users\/2"}],"replies":[{"embeddable":true,"href":"https:\/\/www.europesays.com\/fr\/wp-json\/wp\/v2\/comments?post=441752"}],"version-history":[{"count":0,"href":"https:\/\/www.europesays.com\/fr\/wp-json\/wp\/v2\/posts\/441752\/revisions"}],"wp:featuredmedia":[{"embeddable":true,"href":"https:\/\/www.europesays.com\/fr\/wp-json\/wp\/v2\/media\/441753"}],"wp:attachment":[{"href":"https:\/\/www.europesays.com\/fr\/wp-json\/wp\/v2\/media?parent=441752"}],"wp:term":[{"taxonomy":"category","embeddable":true,"href":"https:\/\/www.europesays.com\/fr\/wp-json\/wp\/v2\/categories?post=441752"},{"taxonomy":"post_tag","embeddable":true,"href":"https:\/\/www.europesays.com\/fr\/wp-json\/wp\/v2\/tags?post=441752"}],"curies":[{"name":"wp","href":"https:\/\/api.w.org\/{rel}","templated":true}]}}