{"id":441754,"date":"2025-10-05T23:53:30","date_gmt":"2025-10-05T23:53:30","guid":{"rendered":"https:\/\/www.europesays.com\/fr\/441754\/"},"modified":"2025-10-05T23:53:30","modified_gmt":"2025-10-05T23:53:30","slug":"a-la-foire-miss-corse-valorise-les-producteurs-de-sa-region","status":"publish","type":"post","link":"https:\/\/www.europesays.com\/fr\/441754\/","title":{"rendered":"\u00c0 la foire, Miss Corse valorise les producteurs de sa r\u00e9gion"},"content":{"rendered":"\n<p>Pour sa premi\u00e8re visite \u00e0 la foire de Marseille, Manon Mateus re\u00e7oit un accueil royal. \u00ab\u00a0Je suis tr\u00e8s heureuse d\u2019\u00eatre ici aujourd\u2019hui, parmi tous ces artisans qui font briller la Corse\u00a0\u00bb, lance la jeune femme de 23 ans, \u00e9lue Miss Corse en juillet\u00a02025 et invit\u00e9e \u00e0 la foire par la Maison de la Corse.<\/p>\n<p>Sa pr\u00e9sence, plus que bienvenue en cette journ\u00e9e \u00ab\u00a0un peu plus creuse que les autres\u00a0\u00bb selon les exposants, ravit \u00e9galement les visiteurs du jour, qui, lorsqu\u2019ils ne s\u2019arr\u00eatent pas pour demander un autographe \u00e0 Manon Mateus, la saluent par un sourire. \u00ab\u00a0C\u2019est une fiert\u00e9 pour nous, Corses, que d\u2019avoir une jeune femme aussi sympathique comme repr\u00e9sentante\u00a0\u00bb, estiment Marc et Philippe, alors qu\u2019ils profitent des d\u00e9gustations offertes sur les stands. \u00c0 quelques pas de l\u2019espace restauration, Marie-Jo, inform\u00e9e de la pr\u00e9sence de la Miss par une annonce au micro, est impatiente de la rencontrer\u00a0: \u00ab\u00a0je suis le concours des Miss de tr\u00e8s pr\u00e8s chaque ann\u00e9e, alors quand je peux les rencontrer en vrai je ne manque pas l\u2019occasion\u00a0\u00bb, sourit-elle.<\/p>\n<p> \u00ab\u00a0adopt\u00e9e\u00a0\u00bb par l\u2019\u00eele\n              <\/p>\n<p>Originaire de la r\u00e9gion parisienne, Manon Mateus a v\u00e9cu dix ans \u00e0 Carry-le-Rouet (Bouches-du-Rh\u00f4ne) avant de poser ses valises \u00e0 Sart\u00e8ne (Corse du Sud), il y a six\u00a0ans. \u00ab\u00a0Je n\u2019avais ni famille ni amis l\u00e0-bas, j\u2019y suis all\u00e9e par soif d\u2019ind\u00e9pendance\u00a0\u00bb, confie-t-elle en se rem\u00e9morant son parcours. \u00ab\u00a0La Corse m\u2019a appel\u00e9e, puis elle m\u2019a adopt\u00e9e\u00a0\u00bb, ajoute celle qui repr\u00e9sentera l\u2019\u00eele lors de l\u2019\u00e9lection Miss France 2026, en d\u00e9cembre prochain.<\/p>\n<p>Apr\u00e8s un passage aupr\u00e8s des stands gastronomiques, la Miss se rend chez Olivier, fondateur de la bijouterie corse Marc Ricca, dont elle porte une parure faite de corail. \u00ab\u00a0Sa pr\u00e9sence aujourd\u2019hui est une marque de son soutien pour l\u2019artisanat\u00a0\u00bb, salue l\u2019exposant. Car, derri\u00e8re son \u00e9charpe de Miss, Manon Mateus est \u00e9galement une entrepreneuse \u00e0 la recherche de \u00ab\u00a0contact humain\u00a0\u00bb. \u00ab\u00a0En cr\u00e9ant mon concept de gelateria ambulante \u00e0 l\u2019\u00e2ge de 19\u00a0ans, j\u2019ai souhait\u00e9 me d\u00e9placer dans des petits villages et aller \u00e0 la rencontre des gens\u00a0\u00bb, raconte-t-elle. \u00catre proche des habitants de chaque r\u00e9gion tient \u00e9galement \u00e0 c\u0153ur du comit\u00e9 des miss, rappelle Manon Mateus.<\/p>\n<p>La jeune femme indique, par ailleurs, se consacrer \u00e0 de nouvelles activit\u00e9s associatives. \u00ab\u00a0Ces derni\u00e8res semaines, j\u2019ai particip\u00e9 \u00e0 une marche pour soutenir des malades de la mucoviscidose. J\u2019ai aussi pris part \u00e0 la comm\u00e9moration de la lib\u00e9ration de la Corse\u00a0\u00bb, explique-t-elle. Parmi les prochains rendez-vous de son agenda bien charg\u00e9, des marches \u00e0 l\u2019occasion de l\u2019op\u00e9ration Octobre Rose.<\/p>\n","protected":false},"excerpt":{"rendered":"Pour sa premi\u00e8re visite \u00e0 la foire de Marseille, Manon Mateus re\u00e7oit un accueil royal. \u00ab\u00a0Je suis tr\u00e8s&hellip;\n","protected":false},"author":2,"featured_media":441755,"comment_status":"","ping_status":"","sticky":false,"template":"","format":"standard","meta":{"footnotes":""},"categories":[2814],"tags":[1111,11,18004,1777,674,1011,27,884,12,882,25],"class_list":{"0":"post-441754","1":"post","2":"type-post","3":"status-publish","4":"format-standard","5":"has-post-thumbnail","7":"category-marseille","8":"tag-actu","9":"tag-actualites","10":"tag-artisans","11":"tag-eu","12":"tag-europe","13":"tag-fr","14":"tag-france","15":"tag-marseille","16":"tag-news","17":"tag-provence-alpes-cote-dazur","18":"tag-republique-francaise"},"share_on_mastodon":{"url":"https:\/\/pubeurope.com\/@fr\/115324256543564853","error":""},"_links":{"self":[{"href":"https:\/\/www.europesays.com\/fr\/wp-json\/wp\/v2\/posts\/441754","targetHints":{"allow":["GET"]}}],"collection":[{"href":"https:\/\/www.europesays.com\/fr\/wp-json\/wp\/v2\/posts"}],"about":[{"href":"https:\/\/www.europesays.com\/fr\/wp-json\/wp\/v2\/types\/post"}],"author":[{"embeddable":true,"href":"https:\/\/www.europesays.com\/fr\/wp-json\/wp\/v2\/users\/2"}],"replies":[{"embeddable":true,"href":"https:\/\/www.europesays.com\/fr\/wp-json\/wp\/v2\/comments?post=441754"}],"version-history":[{"count":0,"href":"https:\/\/www.europesays.com\/fr\/wp-json\/wp\/v2\/posts\/441754\/revisions"}],"wp:featuredmedia":[{"embeddable":true,"href":"https:\/\/www.europesays.com\/fr\/wp-json\/wp\/v2\/media\/441755"}],"wp:attachment":[{"href":"https:\/\/www.europesays.com\/fr\/wp-json\/wp\/v2\/media?parent=441754"}],"wp:term":[{"taxonomy":"category","embeddable":true,"href":"https:\/\/www.europesays.com\/fr\/wp-json\/wp\/v2\/categories?post=441754"},{"taxonomy":"post_tag","embeddable":true,"href":"https:\/\/www.europesays.com\/fr\/wp-json\/wp\/v2\/tags?post=441754"}],"curies":[{"name":"wp","href":"https:\/\/api.w.org\/{rel}","templated":true}]}}