{"id":441758,"date":"2025-10-05T23:55:22","date_gmt":"2025-10-05T23:55:22","guid":{"rendered":"https:\/\/www.europesays.com\/fr\/441758\/"},"modified":"2025-10-05T23:55:22","modified_gmt":"2025-10-05T23:55:22","slug":"une-jeune-cavaliere-lot-et-garonnaise-veut-realiser-un-reve-en-participant-a-un-concours-equestre-a-lyon","status":"publish","type":"post","link":"https:\/\/www.europesays.com\/fr\/441758\/","title":{"rendered":"Une jeune cavali\u00e8re lot-et-garonnaise veut r\u00e9aliser un r\u00eave en participant \u00e0 un concours \u00e9questre \u00e0 Lyon"},"content":{"rendered":"<p>\n                                                                    l&rsquo;essentiel<br \/>\n                                                                Une jeune cavali\u00e8re lot-et-garonnaise esp\u00e8re \u00eatre s\u00e9lectionn\u00e9e pour un prestigieux concours d\u2019\u00e9quitation qui se d\u00e9roulera prochainement \u00e0 Lyon.\n                            <\/p>\n<p>Cassandre Narfit \u00e9tait haute comme trois pommes quand elle a commenc\u00e9 l\u2019\u00e9quitation. \u00c0 trois ans, pratiquement en sortant du berceau, elle d\u00e9couvre les chevaux. \u00ab\u00a0\u00c0 cette \u00e9poque-l\u00e0, je vivais \u00e0 Calais, dans le Nord. Mes parents ont ensuite d\u00e9m\u00e9nag\u00e9 en Lot-et-Garonne.\u00a0\u00bb<\/p>\n<p>D\u00e9sormais, elle habite \u00e0 Tayrac et c\u2019est au club hippique de Belloc, sur la commune de Layrac, qu\u2019elle brille\u00a0depuis l\u2019\u00e2ge de dix ans. Et elle vise l\u2019excellence en se portant candidate pour Equita Lyon, un salon annuel enti\u00e8rement d\u00e9di\u00e9 \u00e0 l\u2019univers du cheval. \u00c0 travers des \u00e9preuves, les cavaliers peuvent s\u2019illustrer dans diverses disciplines (saut d\u2019obstacles, saut mont\u00e9\u2026).\u00a0Cet \u00e9v\u00e9nement aura lieu du 29\u00a0octobre au 2\u00a0novembre, \u00e0 Lyon, et la s\u00e9lection est extr\u00eamement serr\u00e9e.<\/p>\n<p>Vice-championne en 2023<\/p>\n<p>\u00ab\u00a0Ils choisissent les cavaliers sur tirage au sort\u00a0\u00bb, explique Cassandre. \u00ab\u00a0Dans toute la France, quarante ont postul\u00e9, quatre ont \u00e9t\u00e9 retenus pour une pr\u00e9s\u00e9lection. Nous saurons qui participera finalement au concours le 6\u00a0octobre\u00a0\u00bb. Pour sa pr\u00e9s\u00e9lection, la jeune femme a mis en ligne une vid\u00e9o sur sa page Instagram. Chaque commentaire \u00e9quivaut \u00e0 un vote.<\/p>\n<p>Si sa candidature est retenue, Cassandre partira pour Lyon avec sa jument Charleston \u00e0 la fin du mois. Les comp\u00e9titions ne lui sont pas inconnues\u00a0; elle a d\u00e9j\u00e0 \u00e9t\u00e9 sacr\u00e9e vice-championne d\u00e9partementale en 2023. Elle se souvient aussi avec \u00e9motion de l\u2019ann\u00e9e 2019, quand le club de Belloc avait particip\u00e9 \u00e0 une \u00e9preuve de qualifications pendant les championnats de France d\u2019\u00e9quitation. \u00ab\u00a0Pour l\u2019\u00e9preuve poneys, on avait r\u00e9ussi \u00e0 qualifier trois des n\u00f4tres\u00a0\u00bb, sourit-elle.\u00a0Elle a \u00e9galement t\u00e2t\u00e9 des championnats de France en 2023. \u00ab\u00a0Je n\u2019ai pas gagn\u00e9, mais \u00e7a reste une tr\u00e8s bonne exp\u00e9rience\u00a0\u00bb.<\/p>\n<p>Jamais rassasi\u00e9e de challenges, Cassandre esp\u00e8re non seulement \u00eatre retenue pour le concours Equita Lyon, mais vise aussi un circuit de comp\u00e9titions \u00e0 travers toute la Nouvelle-Aquitaine. \u00ab\u00a0C\u2019est mon gros objectif. Sur la r\u00e9gion, de janvier \u00e0 septembre, il est possible de participer \u00e0 plusieurs concours. Les dix meilleurs cavaliers acc\u00e9deront ensuite au Jumping International de Bordeaux en 2027.\u00a0\u00bb Un rendez-vous particuli\u00e8rement prestigieux qui rassemble toutes les nations, et une aventure suppl\u00e9mentaire \u00e0 tenter pour cette amoureuse des chevaux et de la comp\u00e9tition.<\/p>\n<p>Pour soutenir Cassandre, <a href=\"https:\/\/www.instagram.com\/reel\/DPMStrhCE1U\/?igsh=YnRudGFzZ2J2MnEw\" target=\"_self\" rel=\"nofollow noopener\">commenter sa vid\u00e9o sur Instagram.<\/a><\/p>\n<p>                                                                                                                                                                                                        <script async src=\"\/\/www.instagram.com\/embed.js\"><\/script><\/p>\n","protected":false},"excerpt":{"rendered":"l&rsquo;essentiel Une jeune cavali\u00e8re lot-et-garonnaise esp\u00e8re \u00eatre s\u00e9lectionn\u00e9e pour un prestigieux concours d\u2019\u00e9quitation qui se d\u00e9roulera prochainement \u00e0&hellip;\n","protected":false},"author":2,"featured_media":441759,"comment_status":"","ping_status":"","sticky":false,"template":"","format":"standard","meta":{"footnotes":""},"categories":[1889],"tags":[1111,11,2430,1777,674,1011,27,2428,12,25],"class_list":{"0":"post-441758","1":"post","2":"type-post","3":"status-publish","4":"format-standard","5":"has-post-thumbnail","7":"category-lyon","8":"tag-actu","9":"tag-actualites","10":"tag-auvergne-rhone-alpes","11":"tag-eu","12":"tag-europe","13":"tag-fr","14":"tag-france","15":"tag-lyon","16":"tag-news","17":"tag-republique-francaise"},"share_on_mastodon":{"url":"https:\/\/pubeurope.com\/@fr\/115324264490799544","error":""},"_links":{"self":[{"href":"https:\/\/www.europesays.com\/fr\/wp-json\/wp\/v2\/posts\/441758","targetHints":{"allow":["GET"]}}],"collection":[{"href":"https:\/\/www.europesays.com\/fr\/wp-json\/wp\/v2\/posts"}],"about":[{"href":"https:\/\/www.europesays.com\/fr\/wp-json\/wp\/v2\/types\/post"}],"author":[{"embeddable":true,"href":"https:\/\/www.europesays.com\/fr\/wp-json\/wp\/v2\/users\/2"}],"replies":[{"embeddable":true,"href":"https:\/\/www.europesays.com\/fr\/wp-json\/wp\/v2\/comments?post=441758"}],"version-history":[{"count":0,"href":"https:\/\/www.europesays.com\/fr\/wp-json\/wp\/v2\/posts\/441758\/revisions"}],"wp:featuredmedia":[{"embeddable":true,"href":"https:\/\/www.europesays.com\/fr\/wp-json\/wp\/v2\/media\/441759"}],"wp:attachment":[{"href":"https:\/\/www.europesays.com\/fr\/wp-json\/wp\/v2\/media?parent=441758"}],"wp:term":[{"taxonomy":"category","embeddable":true,"href":"https:\/\/www.europesays.com\/fr\/wp-json\/wp\/v2\/categories?post=441758"},{"taxonomy":"post_tag","embeddable":true,"href":"https:\/\/www.europesays.com\/fr\/wp-json\/wp\/v2\/tags?post=441758"}],"curies":[{"name":"wp","href":"https:\/\/api.w.org\/{rel}","templated":true}]}}