{"id":441760,"date":"2025-10-05T23:56:12","date_gmt":"2025-10-05T23:56:12","guid":{"rendered":"https:\/\/www.europesays.com\/fr\/441760\/"},"modified":"2025-10-05T23:56:12","modified_gmt":"2025-10-05T23:56:12","slug":"previsions-du-lundi-6-octobre-2025-9","status":"publish","type":"post","link":"https:\/\/www.europesays.com\/fr\/441760\/","title":{"rendered":"pr\u00e9visions du lundi 6 octobre 2025"},"content":{"rendered":"<p class=\"mb-4 text-lg md:leading-8 break-words\"><strong>M\u00e9t\u00e9o &#8211; Le soleil sera au rendez-vous : une magnifique journ\u00e9e se pr\u00e9sente ! Les temp\u00e9ratures seront de 12\u00b0C la matin\u00e9e et de 16\u00b0C l&rsquo;apr\u00e8s-midi&#8230;<\/strong><\/p>\n<p class=\"mb-4 text-lg md:leading-8 break-words\">Un splendide soleil va briller sur Lyon et ce, tout au long de la journ\u00e9e. Les valeurs seront comprises entre 7\u00b0C et 17\u00b0C. Il va faire environ 12\u00b0C, le matin. Un vent de nord-ouest rafra\u00eechira sensiblement l&rsquo;atmosph\u00e8re. Un temps plus chaud est pr\u00e9vu l&rsquo;apr\u00e8s-midi puisque les temp\u00e9ratures vont conna\u00eetre une hausse. Les valeurs s&rsquo;\u00e9chelonneront entre 13 et 17\u00b0C. Des \u00e9claircies sont pr\u00e9vues : on passera une soir\u00e9e agr\u00e9able. Une nuit claire vous attendra entre lundi et mardi.<\/p>\n<p class=\"mb-4 text-lg md:leading-8 break-words\">La m\u00e9t\u00e9o va se r\u00e9chauffer demain \u00e0 Lyon avec une augmentation de quelques degr\u00e9s. On pr\u00e9voit des valeurs d&rsquo;environ 13\u00b0C. Une modeste brise de nord-ouest sera ressentie par les habitants. Le soleil appara\u00eet l\u00e9g\u00e8rement le matin. Ces \u00e9claircies devraient ravir les habitants. L&rsquo;apr\u00e8s-midi qui s&rsquo;annonce, promet d&rsquo;\u00eatre beau et ensoleill\u00e9 ! C&rsquo;est une hausse de plusieurs degr\u00e9s que vont enregistrer les temp\u00e9ratures. Les maximales pourront atteindre 18\u00b0C et les minimales seront de 15\u00b0C. Demain soir, apr\u00e8s un petit \u00e9pisode nuageux, le vent va peu \u00e0 peu \u00e9loigner les nuages.<\/p>\n<p>Publicit\u00e9<\/p>\n<p>Publicit\u00e9<\/p>\n<p>Publicit\u00e9<\/p>\n<p>Publicit\u00e9<\/p>\n<p class=\"mb-4 text-lg md:leading-8 break-words\">Les conditions m\u00e9t\u00e9orologiques des jours suivants vont \u00e9voluer progressivement. M\u00eame si le beau temps persistera quelque peu mercredi, il faut s&rsquo;attendre \u00e0 une d\u00e9gradation par la suite.<\/p>\n<p class=\"mb-4 text-lg md:leading-8 break-words\"><a href=\"https:\/\/www.20minutes.fr\/planete\/previsions-meteo\/4177247-20251006-meteo-lyon-previsions-lundi-6-octobre-2025?at_medium=RSS%20feed&amp;at_campaign=ynews&amp;utm_source=yahoo&amp;utm_medium=rss&amp;utm_campaign=news_feed&amp;utm_content=read_more_link&quot;\" rel=\"nofollow noopener\" target=\"_blank\" data-ylk=\"slk:Lire la suite sur 20minutes;elm:context_link;itc:0;sec:content-canvas\" class=\"link \">Lire la suite sur 20minutes<\/a><\/p>\n","protected":false},"excerpt":{"rendered":"M\u00e9t\u00e9o &#8211; Le soleil sera au rendez-vous : une magnifique journ\u00e9e se pr\u00e9sente ! Les temp\u00e9ratures seront de&hellip;\n","protected":false},"author":2,"featured_media":441761,"comment_status":"","ping_status":"","sticky":false,"template":"","format":"standard","meta":{"footnotes":""},"categories":[1889],"tags":[1111,11,2430,1777,674,1011,27,51394,6172,2428,2487,12,25],"class_list":{"0":"post-441760","1":"post","2":"type-post","3":"status-publish","4":"format-standard","5":"has-post-thumbnail","7":"category-lyon","8":"tag-actu","9":"tag-actualites","10":"tag-auvergne-rhone-alpes","11":"tag-eu","12":"tag-europe","13":"tag-fr","14":"tag-france","15":"tag-la-matinee","16":"tag-le-soleil","17":"tag-lyon","18":"tag-meteo","19":"tag-news","20":"tag-republique-francaise"},"share_on_mastodon":{"url":"https:\/\/pubeurope.com\/@fr\/115324268195810546","error":""},"_links":{"self":[{"href":"https:\/\/www.europesays.com\/fr\/wp-json\/wp\/v2\/posts\/441760","targetHints":{"allow":["GET"]}}],"collection":[{"href":"https:\/\/www.europesays.com\/fr\/wp-json\/wp\/v2\/posts"}],"about":[{"href":"https:\/\/www.europesays.com\/fr\/wp-json\/wp\/v2\/types\/post"}],"author":[{"embeddable":true,"href":"https:\/\/www.europesays.com\/fr\/wp-json\/wp\/v2\/users\/2"}],"replies":[{"embeddable":true,"href":"https:\/\/www.europesays.com\/fr\/wp-json\/wp\/v2\/comments?post=441760"}],"version-history":[{"count":0,"href":"https:\/\/www.europesays.com\/fr\/wp-json\/wp\/v2\/posts\/441760\/revisions"}],"wp:featuredmedia":[{"embeddable":true,"href":"https:\/\/www.europesays.com\/fr\/wp-json\/wp\/v2\/media\/441761"}],"wp:attachment":[{"href":"https:\/\/www.europesays.com\/fr\/wp-json\/wp\/v2\/media?parent=441760"}],"wp:term":[{"taxonomy":"category","embeddable":true,"href":"https:\/\/www.europesays.com\/fr\/wp-json\/wp\/v2\/categories?post=441760"},{"taxonomy":"post_tag","embeddable":true,"href":"https:\/\/www.europesays.com\/fr\/wp-json\/wp\/v2\/tags?post=441760"}],"curies":[{"name":"wp","href":"https:\/\/api.w.org\/{rel}","templated":true}]}}