{"id":441764,"date":"2025-10-06T00:02:14","date_gmt":"2025-10-06T00:02:14","guid":{"rendered":"https:\/\/www.europesays.com\/fr\/441764\/"},"modified":"2025-10-06T00:02:14","modified_gmt":"2025-10-06T00:02:14","slug":"face-a-une-equipe-parisienne-largement-remaniee-lille-arrache-le-nul-au-psg","status":"publish","type":"post","link":"https:\/\/www.europesays.com\/fr\/441764\/","title":{"rendered":"face \u00e0 une \u00e9quipe parisienne largement remani\u00e9e, Lille arrache le nul au PSG"},"content":{"rendered":"\n<p class=\"c-chapo \">\n  Gr\u00e2ce \u00e0 une \u00e9galisation d&rsquo;Ethan Mbapp\u00e9 face \u00e0 son club formateur, les Lillois ont d\u00e9croch\u00e9 un pr\u00e9cieux point, dimanche. Le PSG reste leader du championnat fran\u00e7ais.\n<\/p>\n<p>      lire plus tard<\/p>\n<p id=\"dialog__title\" class=\"dialog__title\">Pour sauvegarder cet article, connectez-vous ou cr\u00e9ez un compte franceinfo<\/p>\n<p class=\"dialog__description\">Sans paiement. Sans abonnement.<\/p>\n<p>        Fermer la fen\u00eatre d\u2019activation des notifications France Info<\/p>\n<p>      cr\u00e9er votre compte<\/p>\n<p>      se connecter<\/p>\n<p>        Fermer la fen\u00eatre de pr\u00e9sentation<\/p>\n<p>    <img loading=\"lazy\" decoding=\"async\" class=\"signature__image lazyload\" width=\"100\" height=\"100\" data- alt=\"\" src=\"https:\/\/www.europesays.com\/fr\/wp-content\/uploads\/2025\/08\/anais-rond-67d06d8eb68f7737337115.jpg\"\/><\/p>\n<p>          France T\u00e9l\u00e9visions &#8211; R\u00e9daction Sport<\/p>\n<p>    Publi\u00e9 le 05\/10\/2025 22:42<\/p>\n<p>        Temps de lecture : 2min<\/p>\n<p>    <img decoding=\"async\"  alt=\"Le Lillois Ethan Mbapp\u00e9 f\u00e9licit\u00e9 par Olivier Giroud, apr\u00e8s son \u00e9galisation face au PSG, au stade Pierre-Mauroy, le 5 octobre 2025. (SAMEER AL-DOUMY \/ AFP)\" width=\"432\" height=\"243\" src=\"https:\/\/www.europesays.com\/fr\/wp-content\/uploads\/2025\/10\/000-74g76g4-68e2d74f55671488518240.jpg\" fetchpriority=\"high\"\/><\/p>\n<p>      Le Lillois Ethan Mbapp\u00e9 f\u00e9licit\u00e9 par Olivier Giroud, apr\u00e8s son \u00e9galisation face au PSG, au stade Pierre-Mauroy, le 5 octobre 2025. (SAMEER AL-DOUMY \/ AFP)<\/p>\n<p><a href=\"https:\/\/www.franceinfo.fr\/sports\/foot\/ligue-des-champions\/ligue-des-champions-premier-exploit-de-la-saison-pour-le-psg-renversant-a-barcelone-malgre-l-absence-de-cinq-cadres_7525336.html\" rel=\"nofollow noopener\" target=\"_blank\">Quatre<\/a>\u00a0<a href=\"https:\/\/www.franceinfo.fr\/sports\/foot\/ligue-des-champions\/ligue-des-champions-premier-exploit-de-la-saison-pour-le-psg-renversant-a-barcelone-malgre-l-absence-de-cinq-cadres_7525336.html\" rel=\"nofollow noopener\" target=\"_blank\">jours apr\u00e8s sa victoire \u00e0 Barcelone<\/a>, avec une \u00e9quipe emmen\u00e9e par ses \u00ab\u00a0titis\u00a0\u00bb, le PSG n&rsquo;est pas parvenu \u00e0 r\u00e9p\u00e9ter l&rsquo;exploit dimanche\u00a05 octobre \u00e0 Lille. Dans un stade Pierre-Mauroy couvert, les hommes de Luis Enrique ont \u00e9t\u00e9 frein\u00e9s par les Lillois (1-1), alors qu&rsquo;ils avaient ouvert le score. Malgr\u00e9 ce match nul, les Parisiens conservent la t\u00eate de la Ligue\u00a01, avec un point d&rsquo;avance sur leur dauphin marseillais, brillant vainqueur \u00e0 Metz (3-0).<\/p>\n<p>Au coup d&rsquo;envoi, le PSG a d\u00e9but\u00e9 sans six de ses joueurs majeurs, la faute \u00e0 une cascade de blessures. Si les \u00ab\u00a0titis\u00a0\u00bb sont rest\u00e9s sereins, capables de tenir les cages inviol\u00e9es, la justesse technique et les automatismes ont souvent manqu\u00e9. Apr\u00e8s une premi\u00e8re mi-temps sans \u00e9clat des deux c\u00f4t\u00e9s, Paris a alors bien cru avoir trouv\u00e9 la faille \u00e0 la 66e minute.<\/p>\n<p>Entr\u00e9 \u00e0 la 59e aux c\u00f4t\u00e9s de Vitinha et Achraf Hakimi pour apporter de l&rsquo;exp\u00e9rience,<a href=\"https:\/\/www.franceinfo.fr\/sports\/foot\/ligue-des-champions\/ligue-des-champions-c-est-le-meilleur-lateral-du-monde-nuno-mendes-a-montre-la-voie-au-psg-dans-sa-victoire-renversante-a-barcelone_7525975.html\" rel=\"nofollow noopener\" target=\"_blank\"> le Portugais Nuno Mendes<\/a> a tr\u00e8s vite fait la diff\u00e9rence. <a href=\"https:\/\/www.franceinfo.fr\/sports\/foot\/ligue-des-champions\/ligue-des-champions-c-est-le-meilleur-lateral-du-monde-nuno-mendes-a-montre-la-voie-au-psg-dans-sa-victoire-renversante-a-barcelone_7525975.html\" rel=\"nofollow noopener\" target=\"_blank\">Celui qui a \u00e9t\u00e9 d\u00e9crit par son entra\u00eeneur comme \u00ab\u00a0le meilleur lat\u00e9ral gauche du monde\u00a0\u00bb a ouvert le score d&rsquo;un superbe coup franc direct enroul\u00e9. Mercredi d\u00e9j\u00e0, il avait \u00e9t\u00e9 d\u00e9cisif en servant Senny Mayulu pour \u00e9galiser en Ligue des champions face au FC\u00a0Barcelone.<\/p>\n<p>Mais \u00e0 Lille, moins de dix\u00a0minutes apr\u00e8s l&rsquo;ouverture du score parisienne, Ethan Mbapp\u00e9 \u2013\u00a0sous les yeux de son fr\u00e8re Kylian et de son p\u00e8re\u00a0\u2013 a \u00e9galis\u00e9 en trompant <a href=\"https:\/\/www.franceinfo.fr\/sports\/foot\/ligue-1\/ligue-1-de-retour-a-lille-avec-le-maillot-du-psg-lucas-chevalier-doit-encore-tailler-son-nouveau-costume-a-sa-mesure_7529656.html\" rel=\"nofollow noopener\" target=\"_blank\">l&rsquo;ancien gardien lillois Lucas Chevalier<\/a>. Si la fin de partie s&rsquo;est emball\u00e9e, aucune des deux \u00e9quipes n&rsquo;est parvenue \u00e0 prendre l&rsquo;avantage, \u00e0 l&rsquo;image d&rsquo;un match o\u00f9 le dernier geste a souvent fait d\u00e9faut.<\/p>\n<p>En arrachant le nul \u00e0 son club formateur, Ethan Mbapp\u00e9 a permis aux siens de d\u00e9crocher un pr\u00e9cieux point. Surtout, face au champion de France, le Losc se remet sur une dynamique positive apr\u00e8s deux\u00a0d\u00e9faites cons\u00e9cutives en championnat. Alors que s&rsquo;ouvre la tr\u00eave internationale, avec deux matchs de qualification pour le Mondial\u00a02026 les 10 et 13\u00a0octobre, les Lillois pointent d\u00e9sormais en septi\u00e8me position, \u00e0 quatre\u00a0points du podium.<\/p>\n","protected":false},"excerpt":{"rendered":"Gr\u00e2ce \u00e0 une \u00e9galisation d&rsquo;Ethan Mbapp\u00e9 face \u00e0 son club formateur, les Lillois ont d\u00e9croch\u00e9 un pr\u00e9cieux point,&hellip;\n","protected":false},"author":2,"featured_media":441765,"comment_status":"","ping_status":"","sticky":false,"template":"","format":"standard","meta":{"footnotes":""},"categories":[1888],"tags":[1111,1928,11,1927,1777,674,1011,27,12,1926,626,1925,25],"class_list":{"0":"post-441764","1":"post","2":"type-post","3":"status-publish","4":"format-standard","5":"has-post-thumbnail","7":"category-paris","8":"tag-actu","9":"tag-actu-paris","10":"tag-actualites","11":"tag-actualites-paris","12":"tag-eu","13":"tag-europe","14":"tag-fr","15":"tag-france","16":"tag-news","17":"tag-news-paris","18":"tag-paris","19":"tag-paris-news","20":"tag-republique-francaise"},"share_on_mastodon":{"url":"https:\/\/pubeurope.com\/@fr\/115324292412485539","error":""},"_links":{"self":[{"href":"https:\/\/www.europesays.com\/fr\/wp-json\/wp\/v2\/posts\/441764","targetHints":{"allow":["GET"]}}],"collection":[{"href":"https:\/\/www.europesays.com\/fr\/wp-json\/wp\/v2\/posts"}],"about":[{"href":"https:\/\/www.europesays.com\/fr\/wp-json\/wp\/v2\/types\/post"}],"author":[{"embeddable":true,"href":"https:\/\/www.europesays.com\/fr\/wp-json\/wp\/v2\/users\/2"}],"replies":[{"embeddable":true,"href":"https:\/\/www.europesays.com\/fr\/wp-json\/wp\/v2\/comments?post=441764"}],"version-history":[{"count":0,"href":"https:\/\/www.europesays.com\/fr\/wp-json\/wp\/v2\/posts\/441764\/revisions"}],"wp:featuredmedia":[{"embeddable":true,"href":"https:\/\/www.europesays.com\/fr\/wp-json\/wp\/v2\/media\/441765"}],"wp:attachment":[{"href":"https:\/\/www.europesays.com\/fr\/wp-json\/wp\/v2\/media?parent=441764"}],"wp:term":[{"taxonomy":"category","embeddable":true,"href":"https:\/\/www.europesays.com\/fr\/wp-json\/wp\/v2\/categories?post=441764"},{"taxonomy":"post_tag","embeddable":true,"href":"https:\/\/www.europesays.com\/fr\/wp-json\/wp\/v2\/tags?post=441764"}],"curies":[{"name":"wp","href":"https:\/\/api.w.org\/{rel}","templated":true}]}}