{"id":441766,"date":"2025-10-06T00:03:20","date_gmt":"2025-10-06T00:03:20","guid":{"rendered":"https:\/\/www.europesays.com\/fr\/441766\/"},"modified":"2025-10-06T00:03:20","modified_gmt":"2025-10-06T00:03:20","slug":"a-paris-plus-de-2000-chiens-defilent-fierement-sur-les-champs-elysees","status":"publish","type":"post","link":"https:\/\/www.europesays.com\/fr\/441766\/","title":{"rendered":"\u00e0 Paris, plus de 2000 chiens d\u00e9filent fi\u00e8rement sur les Champs-\u00c9lys\u00e9es"},"content":{"rendered":"<p>            Par<br \/>\n        <strong><br \/>\n            <a href=\"https:\/\/actu.fr\/auteur\/glenn-gillet\" title=\"Consulter tous les articles de Glenn Gillet\" target=\"_blank\" rel=\"noopener\">Glenn Gillet<\/a><br \/>\n        <\/strong><\/p>\n<p>        Publi\u00e9 le<\/p>\n<p>            5 oct. 2025 \u00e0 19h18        <\/p>\n<p>\u00ab\u2009Je rappelle que les chiens doivent \u00eatre tenus en laisse\u2009!\u2009\u00bb, \u00ab\u2009n\u2019oubliez pas de ramasser leurs d\u00e9jections\u2009!\u2009\u00bb. Au m\u00e9gaphone, un homme en gilet orange fluo s\u2019\u00e9gosille pour canaliser une <strong>foule massive et joyeuse<\/strong>\u2009: des milliers de chiens (et leurs ma\u00eetres) d\u00e9filent ce dimanche 5\u00a0octobre sur les <a href=\"https:\/\/actu.fr\/tag\/champs-elysees\" target=\"_blank\" rel=\"noopener\">Champs-\u00c9lys\u00e9es<\/a> dans le cadre de la <a href=\"https:\/\/actu.fr\/ile-de-france\/paris_75056\/bientot-des-milliers-d-animaux-de-compagnie-sur-les-champs-elysees-cette-grande-marche-debarque-a-paris_63164348.html\" target=\"_blank\" rel=\"noopener\">\u00ab\u2009Marche des animaux\u2009\u00bb,<\/a> une manifestation festive organis\u00e9e \u00e0 Paris pour la premi\u00e8re fois apr\u00e8s <a href=\"https:\/\/actu.fr\/provence-alpes-cote-d-azur\/nice_06088\/nice-c-est-quoi-cette-marche-avec-des-animaux-prevue-sur-la-promenade-des-anglais_60993783.html\" target=\"_blank\" rel=\"noopener\">quatre \u00e9ditions sur la Promenade des Anglais \u00e0 Nice<\/a>, dont la derni\u00e8re en avril a rameut\u00e9 environ 2\u2009000 toutous, mais aussi des chevaux ou encore des lamas. Une procession facilit\u00e9e par la pi\u00e9tonnisation mensuelle de l\u2019avenue, mais qui a failli ne pas avoir lieu apr\u00e8s avoir \u00e9t\u00e9 vis\u00e9e par une interdiction \u00e9mise par la pr\u00e9fecture de police, finalement lev\u00e9e dans le courant de la journ\u00e9e ce dimanche. Au final, ce sont <strong>\u00ab\u2009entre\u00a02\u2009000\u00a0et 3\u2009000 chiens\u2009\u00bb<\/strong> qui ont foul\u00e9 \u00ab\u2009la plus belle avenue du monde\u2009\u00bb, selon des chiffres de la police municipale communiqu\u00e9s \u00e0 actu Paris par Henry-Jean Servat, l\u2019un des organisateurs.<\/p>\n<p>\u00ab\u2009Rendre hommage aux animaux\u2009\u00bb<\/p>\n<p class=\" wall-content\">Isabelle, habitante du 16e arrondissement de la capitale, avait entendu parler de l\u2019initiative la veille lors d\u2019un \u00e9v\u00e9nement de la Fashion Week et s\u2019est rendu ce dimanche sur l\u2019avenue \u00ab\u2009par curiosit\u00e9\u2009\u00bb, accompagn\u00e9e de Jazz, une chihuahua de 11\u00a0ans tout calme dans son petit sac. Et elle est loin d\u2019\u00eatre d\u00e9\u00e7ue\u2009: \u00ab\u2009J\u2019adore\u2009! D\u00e9j\u00e0, sans voiture sur les Champs, c\u2019est bien, mais avec tous les chiens c\u2019est encore mieux. <strong>Il y a du monde<\/strong> et je trouve \u00e7a fabuleux\u2009!\u2009\u00bb<\/p>\n<p>    <img   decoding=\"async\" loading=\"lazy\" src=\"https:\/\/www.europesays.com\/fr\/wp-content\/uploads\/2025\/10\/img-7118-960x640.jpg\" alt=\"Isabelle et sa chienne Jazz lors de la marche sur les Champs-\u00c9lys\u00e9es, le 5 octobre 2025.\" width=\"960\" height=\"640\"\/><br \/>\n    Isabelle et sa chienne Jazz lors de la marche sur les Champs-\u00c9lys\u00e9es, le 5 octobre 2025. (\u00a9GG \/ actu Paris)<\/p>\n<p class=\" wall-content\">Il faut dire que l\u2019initiative port\u00e9e donc par Henry-Jean Servat, ancien journaliste parisien co-fondateur de la Marche ni\u00e7oise, et l\u2019avocat sp\u00e9cialis\u00e9 dans le droit des animaux Christophe G\u00e9rard, avait tout pour rassembler. Gratuit et sans inscription, le d\u00e9fil\u00e9 ne portait aucune revendication si ce n\u2019est le fait \u00ab\u2009de rendre hommage aux animaux\u2009\u00bb, les \u00ab\u2009<strong>parents pauvres de l\u2019humanit\u00e9<\/strong>\u2009\u00bb trop souvent victime de maltraitance, commentait Henry-Jean Servat \u00e0 actu Paris, lors de l\u2019annonce de la tenue de l\u2019\u00e9v\u00e9nement.<\/p>\n<p class=\" wall-content\">Exit donc les revendications anti-corrida, anti-chasse, contre les exp\u00e9rimentations sur les animaux ou encore les conditions dans les abattoirs, causes pourtant ch\u00e8res \u00e0 celui qui a occup\u00e9 plusieurs ann\u00e9es le poste d\u2019adjoint au bien-\u00eatre animal aupr\u00e8s du maire de Nice Christian Estrosi. Rien de \u00ab\u2009<strong>clivant\u2009<\/strong>\u00bb, r\u00e9sumait-il, afin de garantir une marche \u00ab\u2009joyeuse\u2009\u00bb un rassemblement le plus large possible.<\/p>\n<p class=\" wall-content\">Le sourire aux l\u00e8vres et sous le soleil, certains ma\u00eetres pr\u00e9sents font toutefois part de pistes d\u2019am\u00e9lioration pour la situation des chiens dans la capitale. \u00ab\u2009Ce qui manque \u00e0 Paris, ce sont des <strong>espaces pour les l\u00e2cher<\/strong>\u2009\u00bb, confie Maxime. Habitant dans le 1er arrondissement, il explique devoir \u00ab\u2009\u00eatre organis\u00e9\u2009\u00bb pour prendre le temps d\u2019aller Bora, sa samoy\u00e8de d\u2019un an, aux bois de Boulogne ou de Vincennes et \u00ab\u2009c\u2019est beaucoup de contraintes, on passe beaucoup de temps dans les transports, dans le m\u00e9tro d\u2019ailleurs puisqu\u2019on n\u2019a pas le droit de prendre les chiens dans les bus\u2009\u00bb.<\/p>\n<p class=\" wall-content\">Il salue tout de m\u00eame la multiplication dans Paris des \u00ab\u2009toutous parc\u2009\u00bb, ces espaces verts o\u00f9 les chiens sont les bienvenus et qui permettent aux chiens comme aux ma\u00eetres de sociabiliser dans un espace s\u00e9curis\u00e9. Parisienne depuis plus de 40\u00a0ans Isabelle confirme qu\u2019\u00ab\u2009il y a eu une <strong>am\u00e9lioration<\/strong>. Il y a de plus en plus de parcs et d\u2019endroits o\u00f9 les chiens peu vents s\u2019\u00e9battre et se rencontrer\u2009\u00bb, salue-t-elle. Et les Champs-\u00c9lys\u00e9es sont devenus l\u2019un d\u2019entre eux ce dimanche.<\/p>\n<p>Votre r\u00e9gion, votre actu !<\/p>\n<p>Recevez chaque jour les infos qui comptent pour vous.<\/p>\n<p>\t<a href=\"https:\/\/actu.fr\/newsletter\" class=\"ac-btn ac-btn--corner ac-btn--medium ac-btn--blue800\" target=\"_blank\" rel=\"noopener\">S&rsquo;incrire<\/a><br \/>\nUne deuxi\u00e8me \u00e9dition en 2026<\/p>\n<p class=\" wall-content\">Malgr\u00e9 l\u2019incertitude concernant la tenue de l\u2019\u00e9v\u00e8nement et les limites impos\u00e9es par les autorit\u00e9s, Henry-Jean Servat savoure le \u00ab\u2009plein <strong>succ\u00e8s\u2009<\/strong>\u00bb d\u2019une \u00ab\u2009marche qui restera comme historique car c\u2019est la premi\u00e8re fois que les chiens d\u00e9filent comme \u00e7a sur les Champs-\u00c9lys\u00e9es et pour moi qui suis m\u00fb par l\u2019unique amour d\u00e9sint\u00e9ress\u00e9 des animaux, je trouve \u00e7a formidable. Je suis fier d\u2019avoir fait \u00e7a pour les animaux\u2009\u00bb.<\/p>\n<p class=\" wall-content\">Face \u00e0 la r\u00e9ussite de cette \u00ab\u2009r\u00e9p\u00e9tition g\u00e9n\u00e9rale\u2009\u00bb soutenue par la mairie de Paris et celle du 8e arrondissement, il annonce \u00e0 actu Paris que la Marche des animaux \u00ab\u2009va \u00eatre p\u00e9rennis\u00e9e et <strong>elle aura lieu l\u2019ann\u00e9e prochaine\u2009<\/strong>\u00bb dans la capitale. Et Henry-Jean Servat confie d\u2019ailleurs qu\u2019il fourmille d\u2019id\u00e9es pour la prochaine \u00e9dition\u2009: il r\u00eave que la manifestation puisse accueillir des chevaux ou encore des lamas, comme ce fut le cas \u00e0 Nice, mais aussi la Garde r\u00e9publicaine \u00e0 cheval ou encore\u2026 un d\u00e9fil\u00e9 de mode.<\/p>\n<p class=\" wall-content\">Personnalisez votre actualit\u00e9 en ajoutant vos villes et m\u00e9dias en favori avec <a href=\"https:\/\/moncompte.actu.fr\" title=\"D\u00e9couvez Mon Actu\" rel=\"nofollow noopener\" data-trk=\"{&quot;cta&quot;:{&quot;action&quot;:&quot;https:\\\/\\\/moncompte.actu.fr&quot;,&quot;category&quot;:&quot;mon compte&quot;,&quot;from&quot;:&quot;article footer&quot;,&quot;name&quot;:&quot;Mon actu&quot;,&quot;type&quot;:&quot;cta&quot;}}\" target=\"_blank\">Mon Actu<\/a>.<\/p>\n","protected":false},"excerpt":{"rendered":"Par Glenn Gillet Publi\u00e9 le 5 oct. 2025 \u00e0 19h18 \u00ab\u2009Je rappelle que les chiens doivent \u00eatre tenus&hellip;\n","protected":false},"author":2,"featured_media":441767,"comment_status":"","ping_status":"","sticky":false,"template":"","format":"standard","meta":{"footnotes":""},"categories":[1888],"tags":[1111,1928,11,1927,1867,6984,1777,674,1011,27,12,1926,626,1925,25,104],"class_list":{"0":"post-441766","1":"post","2":"type-post","3":"status-publish","4":"format-standard","5":"has-post-thumbnail","7":"category-paris","8":"tag-actu","9":"tag-actu-paris","10":"tag-actualites","11":"tag-actualites-paris","12":"tag-animaux","13":"tag-champs-elysees","14":"tag-eu","15":"tag-europe","16":"tag-fr","17":"tag-france","18":"tag-news","19":"tag-news-paris","20":"tag-paris","21":"tag-paris-news","22":"tag-republique-francaise","23":"tag-societe"},"share_on_mastodon":{"url":"https:\/\/pubeurope.com\/@fr\/115324296248399946","error":""},"_links":{"self":[{"href":"https:\/\/www.europesays.com\/fr\/wp-json\/wp\/v2\/posts\/441766","targetHints":{"allow":["GET"]}}],"collection":[{"href":"https:\/\/www.europesays.com\/fr\/wp-json\/wp\/v2\/posts"}],"about":[{"href":"https:\/\/www.europesays.com\/fr\/wp-json\/wp\/v2\/types\/post"}],"author":[{"embeddable":true,"href":"https:\/\/www.europesays.com\/fr\/wp-json\/wp\/v2\/users\/2"}],"replies":[{"embeddable":true,"href":"https:\/\/www.europesays.com\/fr\/wp-json\/wp\/v2\/comments?post=441766"}],"version-history":[{"count":0,"href":"https:\/\/www.europesays.com\/fr\/wp-json\/wp\/v2\/posts\/441766\/revisions"}],"wp:featuredmedia":[{"embeddable":true,"href":"https:\/\/www.europesays.com\/fr\/wp-json\/wp\/v2\/media\/441767"}],"wp:attachment":[{"href":"https:\/\/www.europesays.com\/fr\/wp-json\/wp\/v2\/media?parent=441766"}],"wp:term":[{"taxonomy":"category","embeddable":true,"href":"https:\/\/www.europesays.com\/fr\/wp-json\/wp\/v2\/categories?post=441766"},{"taxonomy":"post_tag","embeddable":true,"href":"https:\/\/www.europesays.com\/fr\/wp-json\/wp\/v2\/tags?post=441766"}],"curies":[{"name":"wp","href":"https:\/\/api.w.org\/{rel}","templated":true}]}}