{"id":441774,"date":"2025-10-06T00:07:11","date_gmt":"2025-10-06T00:07:11","guid":{"rendered":"https:\/\/www.europesays.com\/fr\/441774\/"},"modified":"2025-10-06T00:07:11","modified_gmt":"2025-10-06T00:07:11","slug":"montrer-la-vie-quotidienne-en-ukraine-cest-saisir-le-plus-bel-acte-de-resistance-qui-soit","status":"publish","type":"post","link":"https:\/\/www.europesays.com\/fr\/441774\/","title":{"rendered":"\u00abMontrer la vie quotidienne en Ukraine, c\u2019est saisir le plus bel acte de r\u00e9sistance qui soit\u00bb"},"content":{"rendered":"<p><strong>ENTRETIEN &#8211;<\/strong> Le r\u00e9alisateur ukrainien revient cet automne avec deux films, le documentaire L\u2019Invasion et la fiction Deux procureurs. Rencontre, alors qu\u2019il est l\u2019invit\u00e9 d\u2019honneur du festival War on Screen, \u00e0 Ch\u00e2lons-en-Champagne.<\/p>\n<p class=\"fig-paragraph\">Cela fait plus de trente ans que le cin\u00e9aste ukrainien\u00a0<a href=\"https:\/\/www.lefigaro.fr\/festival-de-cannes\/notre-critique-de-l-histoire-naturelle-de-la-destruction-sergei-loznitsa-repart-en-guerre-20220524\" data-fig-type=\"Article\" data-gtm-custom-categorie=\"navigation\" data-gtm-custom-action=\"crossclick\" data-gtm-custom-label=\"Contextuel\" data-gtm-event=\"customEventSPE\" data-fig-domain=\"LEFIGARO\" target=\"_blank\" rel=\"noopener\">Sergei Loznitsa\u00a0<\/a>met son \u00e9nergie \u00e0 saisir et \u00e0 capturer les heurs et malheurs de son pays. On d\u00e9couvrira bient\u00f4t Deux procureurs, sa fiction situ\u00e9e au c\u0153ur des purges staliniennes de 1937 (en salle le 5\u00a0novembre) et, d\u00e8s le 8\u00a0octobre, son documentaire L\u2019Invasion. Le r\u00e9alisateur de Donbass (2018), Austerlitz (2016) ou Dans la brume (2012) \u00e9voquera ce parcours en tant qu\u2019invit\u00e9 d\u2019honneur du festival War on Screen, \u00e0 Ch\u00e2lons-en-Champagne, du 6 au 12\u00a0octobre. Loznitsa se trouvait en Lituanie le jour de\u00a0<a href=\"http:\/\/www.lefigaro.fr\/international\/dans-le-donbass-l-armee-ukrainienne-s-accroche-a-ses-dernieres-forteresses-urbaines-le-recit-de-l-envoyee-speciale-du-figaro-20250819\" target=\"_blank\" data-fig-type=\"Article\" rel=\"noopener\" data-gtm-custom-categorie=\"navigation\" data-gtm-custom-action=\"crossclick\" data-gtm-custom-label=\"Contextuel\" data-gtm-event=\"customEventSPE\" data-fig-domain=\"LEFIGARO\">l\u2019entr\u00e9e des chars russes dans son pays<\/a>. Apr\u00e8s avoir mis ses proches \u00e0 l\u2019abri, il a poursuivi son travail, convaincu que c\u2019\u00e9tait la mani\u00e8re d\u2019\u00eatre \u00ab\u00a0le plus utile \u00e0 son pays.\u00a0\u00bb<\/p>\n<p class=\"fig-paragraph\"><strong>LE FIGARO. \u2013 Qu\u2019est-ce qui vous a conduit \u00e0 tourner <\/strong><strong>L\u2019Invasion<\/strong> <strong>\u00a0?<\/strong><\/p>\n<p class=\"fig-paragraph\"><strong>SERGEI LOZNITSA. &#8211;<\/strong> L\u2019objectif de ce documentaire \u00e9tait de montrer la vie des gens ordinaires, celle des civils pendant la guerre. Je voulais souligner l\u2019impact de la guerre sur le quotidien. Et\u2026<\/p>\n<p class=\"fig-premium-paywall__infos\">\n        Cet article est r\u00e9serv\u00e9 aux abonn\u00e9s.        Il vous reste 86% \u00e0 d\u00e9couvrir.\n    <\/p>\n<p>                <img  data- alt=\"Le Figaro\" class=\"fig-img--complete fig-img\"\/><\/p>\n<p class=\"fig-premium-paywall__title\">Vous avez envie de lire la suite ?<\/p>\n<p class=\"fig-premium-paywall__subtitle\">D\u00e9bloquez tous les articles imm\u00e9diatement.<\/p>\n<p class=\"fig-premium-paywall__connect\">\n                D\u00e9j\u00e0 abonn\u00e9\u00a0?                <a class=\"fig-premium-paywall__connect-link\" href=\"https:\/\/connect.lefigaro.fr\/login?client=horizon_web&amp;type=main&amp;redirect_uri=https%3A%2F%2Fwww.lefigaro.fr%2Fcinema%2Fsergei-loznitsa-montrer-la-vie-quotidienne-en-ukraine-c-est-saisir-le-plus-bel-acte-de-resistance-qui-soit-20251005\" data-js-gtm=\"{&quot;customCategorie&quot;: &quot;conversion&quot;, &quot;customAction&quot;: &quot;before_Landing_Connexion_paywall_auto&quot;, &quot;customLabel&quot;: &quot;bGVmaWdhcm8uZnJfXzFmMDlmODBmLTJlY2MtNmMwMC1hOGQ2LTFmZjBmNmQwMTI4OV9fQXJ0aWNsZQ==_Sergei Loznitsa\u00a0: \u00abMontrer la vie quotidienne en Ukraine, c\u2019est saisir le plus bel acte de r\u00e9sistance qui soit\u00bb_191&quot;, &quot;customIDSPE&quot;: &quot;bGVmaWdhcm8uZnJfXzFmMDlmODBmLTJlY2MtNmMwMC1hOGQ2LTFmZjBmNmQwMTI4OV9fQXJ0aWNsZQ==&quot;, &quot;event&quot;: &quot;customEventSPE&quot;}\" target=\"_blank\" rel=\"noopener\"><br \/>\n                    Connectez-vous<br \/>\n                <\/a>\n            <\/p>\n","protected":false},"excerpt":{"rendered":"ENTRETIEN &#8211; Le r\u00e9alisateur ukrainien revient cet automne avec deux films, le documentaire L\u2019Invasion et la fiction Deux&hellip;\n","protected":false},"author":2,"featured_media":441775,"comment_status":"","ping_status":"","sticky":false,"template":"","format":"standard","meta":{"footnotes":""},"categories":[1590],"tags":[11,1777,674,5634,131,12,56819,220],"class_list":{"0":"post-441774","1":"post","2":"type-post","3":"status-publish","4":"format-standard","5":"has-post-thumbnail","7":"category-ukraine","8":"tag-actualites","9":"tag-eu","10":"tag-europe","11":"tag-festival-de-cannes","12":"tag-guerre-en-ukraine","13":"tag-news","14":"tag-sergei-loznitsa","15":"tag-ukraine"},"share_on_mastodon":{"url":"https:\/\/pubeurope.com\/@fr\/115324311573011296","error":""},"_links":{"self":[{"href":"https:\/\/www.europesays.com\/fr\/wp-json\/wp\/v2\/posts\/441774","targetHints":{"allow":["GET"]}}],"collection":[{"href":"https:\/\/www.europesays.com\/fr\/wp-json\/wp\/v2\/posts"}],"about":[{"href":"https:\/\/www.europesays.com\/fr\/wp-json\/wp\/v2\/types\/post"}],"author":[{"embeddable":true,"href":"https:\/\/www.europesays.com\/fr\/wp-json\/wp\/v2\/users\/2"}],"replies":[{"embeddable":true,"href":"https:\/\/www.europesays.com\/fr\/wp-json\/wp\/v2\/comments?post=441774"}],"version-history":[{"count":0,"href":"https:\/\/www.europesays.com\/fr\/wp-json\/wp\/v2\/posts\/441774\/revisions"}],"wp:featuredmedia":[{"embeddable":true,"href":"https:\/\/www.europesays.com\/fr\/wp-json\/wp\/v2\/media\/441775"}],"wp:attachment":[{"href":"https:\/\/www.europesays.com\/fr\/wp-json\/wp\/v2\/media?parent=441774"}],"wp:term":[{"taxonomy":"category","embeddable":true,"href":"https:\/\/www.europesays.com\/fr\/wp-json\/wp\/v2\/categories?post=441774"},{"taxonomy":"post_tag","embeddable":true,"href":"https:\/\/www.europesays.com\/fr\/wp-json\/wp\/v2\/tags?post=441774"}],"curies":[{"name":"wp","href":"https:\/\/api.w.org\/{rel}","templated":true}]}}