{"id":441776,"date":"2025-10-06T00:08:10","date_gmt":"2025-10-06T00:08:10","guid":{"rendered":"https:\/\/www.europesays.com\/fr\/441776\/"},"modified":"2025-10-06T00:08:10","modified_gmt":"2025-10-06T00:08:10","slug":"guerre-commerciale-legault-preconise-un-renforcement-des-liens-entre-les-etats-unis-et-le-canada","status":"publish","type":"post","link":"https:\/\/www.europesays.com\/fr\/441776\/","title":{"rendered":"Guerre commerciale: Legault pr\u00e9conise un renforcement des liens entre les \u00c9tats-Unis et le Canada"},"content":{"rendered":"<p>\u00abLe grand \u00e9l\u00e9phant dans la pi\u00e8ce, c&rsquo;est l&rsquo;incertitude qui plane sur les relations entre le Canada et les \u00c9tats-Unis. Nous avons donc vraiment besoin de savoir o\u00f9 nous en serons dans un an, dans deux ans, dans quatre ans, dans dix ans\u00bb, a exprim\u00e9 M. Legault lors du Sommet des gouverneurs et premiers ministres des Grands Lacs et du Saint-Laurent, qui s&rsquo;est tenu dimanche \u00e0 Qu\u00e9bec.<\/p>\n<p>Cette r\u00e9union biennale, qui se tient cette ann\u00e9e \u00e0 Qu\u00e9bec, rassemble les dirigeants et les repr\u00e9sentants de huit \u00c9tats et de l&rsquo;Ontario. Il s&rsquo;agit de la premi\u00e8re r\u00e9union du groupe depuis le retour du pr\u00e9sident am\u00e9ricain Donald Trump \u00e0 la Maison-Blanche.<\/p>\n<p>M. Legault n&rsquo;a pas pu \u00e9luder la question des droits de douane, qui, selon lui, ne sont b\u00e9n\u00e9fiques pour aucun des deux pays.<\/p>\n<p>Cette r\u00e9union intervient alors que le premier ministre Mark Carney se rend \u00e0 Washington lundi et rencontrera M. Trump mardi.<\/p>\n<p>M. Legault a \u00e9voqu\u00e9 un certain nombre de d\u00e9cisions strat\u00e9giques qui devront \u00eatre prises sur diff\u00e9rents sujets tels que les min\u00e9raux essentiels, les d\u00e9penses de d\u00e9fense, l&rsquo;\u00e9conomie num\u00e9rique et l&rsquo;intelligence artificielle. Le Canada et le Qu\u00e9bec devront envisager de se diversifier afin d&rsquo;\u00eatre moins d\u00e9pendants des \u00c9tats-Unis, a-t-il d\u00e9clar\u00e9.<\/p>\n<p>\u00ab Cela dit, la g\u00e9ographie ne changera pas, le Saint-Laurent et les Grands Lacs continueront d&rsquo;\u00eatre interd\u00e9pendants, et \u00e0 long terme, au-del\u00e0 des bouleversements temporaires, la seule voie \u00e0 suivre est de toujours renforcer nos liens et notre collaboration \u00bb, a d\u00e9clar\u00e9 M. Legault.<\/p>\n<p>M. Legault a soulev\u00e9 un certain nombre de questions et d&rsquo;objectifs lors de son discours d&rsquo;ouverture, notamment le renforcement des partenariats \u00e9conomiques et des th\u00e8mes tels que les d\u00e9penses de d\u00e9fense, les min\u00e9raux critiques, le boom \u00e9nerg\u00e9tique, l&rsquo;a\u00e9rospatiale, l&rsquo;aluminium et, bien s\u00fbr, les droits de douane omnipr\u00e9sents.<\/p>\n<p>M. Legault a indiqu\u00e9 que le Canada souhaitait ren\u00e9gocier d\u00e8s que possible l&rsquo;accord de libre-\u00e9change nord-am\u00e9ricain (Accord \u00c9tats-Unis-Mexique-Canada, ou AEUMC), dont la r\u00e9vision est pr\u00e9vue en juillet prochain.<\/p>\n<p>Pour le premier ministre du Qu\u00e9bec, il est clair que lors de ces n\u00e9gociations, aucun compromis ne pourra \u00eatre fait sur la gestion de l&rsquo;offre dans le secteur laitier, que M. Trump souhaiterait voir dispara\u00eetre.<\/p>\n<p>Cette politique consiste \u00e0 contr\u00f4ler la production de produits laitiers, d&rsquo;\u0153ufs, de poulet et de dinde afin d&rsquo;\u00e9viter des fluctuations importantes des prix, tout en imposant des restrictions sur les importations de ces produits afin de maintenir les prix stables. Les agriculteurs am\u00e9ricains souhaitent depuis longtemps obtenir une plus grande part du march\u00e9 canadien.<\/p>\n<p>L&rsquo;autre point non n\u00e9gociable pour M. Legault est la protection de la langue fran\u00e7aise.<\/p>\n<p>\u00abLorsque nous parlons de ce qui est \u00e9crit sur diff\u00e9rents produits, cela doit \u00eatre bilingue\u00bb, a soutenu M. Legault. \u00abJe sais que M. Trump n&rsquo;aime pas cela, mais nous en avons besoin.\u00bb<\/p>\n<p>Il y a \u00e9galement l&rsquo;avenir de l&rsquo;\u00e9conomie num\u00e9rique et de l&rsquo;intelligence artificielle, qui se traduira par une explosion de la demande en \u00e9lectricit\u00e9 et permettra \u00e0 tous de profiter du boom qui s&rsquo;ensuivra, a affirm\u00e9 M. Legault.<\/p>\n<p>La r\u00e9union s&rsquo;ach\u00e8vera lundi par une conf\u00e9rence de presse \u00e0 Qu\u00e9bec \u00e0 laquelle M. Legault et le premier ministre de l&rsquo;Ontario, Doug Ford, qui n&rsquo;\u00e9tait pas pr\u00e9sent dimanche selon M. Legault, devraient assister.<\/p>\n","protected":false},"excerpt":{"rendered":"\u00abLe grand \u00e9l\u00e9phant dans la pi\u00e8ce, c&rsquo;est l&rsquo;incertitude qui plane sur les relations entre le Canada et les&hellip;\n","protected":false},"author":2,"featured_media":441777,"comment_status":"","ping_status":"","sticky":false,"template":"","format":"standard","meta":{"footnotes":""},"categories":[1589],"tags":[11,73,1866,12,1864,1865,1863,308],"class_list":{"0":"post-441776","1":"post","2":"type-post","3":"status-publish","4":"format-standard","5":"has-post-thumbnail","7":"category-etats-unis","8":"tag-actualites","9":"tag-etats-unis","10":"tag-etats-unis-damerique","11":"tag-news","12":"tag-united-states","13":"tag-united-states-of-america","14":"tag-us","15":"tag-usa"},"share_on_mastodon":{"url":"https:\/\/pubeurope.com\/@fr\/115324315483909967","error":""},"_links":{"self":[{"href":"https:\/\/www.europesays.com\/fr\/wp-json\/wp\/v2\/posts\/441776","targetHints":{"allow":["GET"]}}],"collection":[{"href":"https:\/\/www.europesays.com\/fr\/wp-json\/wp\/v2\/posts"}],"about":[{"href":"https:\/\/www.europesays.com\/fr\/wp-json\/wp\/v2\/types\/post"}],"author":[{"embeddable":true,"href":"https:\/\/www.europesays.com\/fr\/wp-json\/wp\/v2\/users\/2"}],"replies":[{"embeddable":true,"href":"https:\/\/www.europesays.com\/fr\/wp-json\/wp\/v2\/comments?post=441776"}],"version-history":[{"count":0,"href":"https:\/\/www.europesays.com\/fr\/wp-json\/wp\/v2\/posts\/441776\/revisions"}],"wp:featuredmedia":[{"embeddable":true,"href":"https:\/\/www.europesays.com\/fr\/wp-json\/wp\/v2\/media\/441777"}],"wp:attachment":[{"href":"https:\/\/www.europesays.com\/fr\/wp-json\/wp\/v2\/media?parent=441776"}],"wp:term":[{"taxonomy":"category","embeddable":true,"href":"https:\/\/www.europesays.com\/fr\/wp-json\/wp\/v2\/categories?post=441776"},{"taxonomy":"post_tag","embeddable":true,"href":"https:\/\/www.europesays.com\/fr\/wp-json\/wp\/v2\/tags?post=441776"}],"curies":[{"name":"wp","href":"https:\/\/api.w.org\/{rel}","templated":true}]}}