{"id":441782,"date":"2025-10-06T00:11:24","date_gmt":"2025-10-06T00:11:24","guid":{"rendered":"https:\/\/www.europesays.com\/fr\/441782\/"},"modified":"2025-10-06T00:11:24","modified_gmt":"2025-10-06T00:11:24","slug":"la-premiere-liee-a-une-surtension-en-europe-voire-dans-le-monde-experts-europeens","status":"publish","type":"post","link":"https:\/\/www.europesays.com\/fr\/441782\/","title":{"rendered":"\u00ab\u00a0la premi\u00e8re\u00a0\u00bb li\u00e9e \u00e0 une surtension en Europe voire dans le monde (experts europ\u00e9ens)"},"content":{"rendered":"<p class=\"font-bold\">La panne d&rsquo;\u00e9lectricit\u00e9 g\u00e9ante qui a affect\u00e9 l&rsquo;Espagne et le Portugal le 28 avril est la \u00ab\u00a0premi\u00e8re\u00a0\u00bb li\u00e9e \u00e0 un ph\u00e9nom\u00e8ne de surtensions en Europe, et probablement dans le monde, selon le rapport d&rsquo;\u00e9tape \u00ab\u00a0factuel\u00a0\u00bb du panel de 45 experts europ\u00e9ens mandat\u00e9s pour les investigations techniques.<\/p>\n<p>\u00ab\u00a0Il s&rsquo;agit de <a href=\"https:\/\/maritima.fr\/actualites\/international\/monde\/6782\/une-coupure-de-courant-massive-touche-lespagne-le-portugal-et-une-partie-de-la-france\" target=\"_blank\" rel=\"noopener\">la panne d&rsquo;\u00e9lectricit\u00e9 la plus grave<\/a> qu&rsquo;ait connue l&rsquo;Europe au cours de ces vingt derni\u00e8res ann\u00e9es et le plus important est qu&rsquo;il s&rsquo;agit de la premi\u00e8re du genre\u00a0\u00bb, c&rsquo;est-\u00e0-dire li\u00e9e \u00e0 un ph\u00e9nom\u00e8ne de \u00ab\u00a0surtensions en cascade\u00a0\u00bb, a d\u00e9clar\u00e9 Damian Cortinas, pr\u00e9sident du conseil de l&rsquo;ENTSO-E, l&rsquo;association des gestionnaires de r\u00e9seau \u00e9lectrique, lors de la pr\u00e9sentation \u00e0 la presse de ce rapport, qui ne donne pas encore les causes primaires de l&rsquo;incident.<\/p>\n<p>\u00a0<\/p>\n<p>\u00a9 Agence France-Presse<\/p>\n","protected":false},"excerpt":{"rendered":"La panne d&rsquo;\u00e9lectricit\u00e9 g\u00e9ante qui a affect\u00e9 l&rsquo;Espagne et le Portugal le 28 avril est la \u00ab\u00a0premi\u00e8re\u00a0\u00bb li\u00e9e&hellip;\n","protected":false},"author":2,"featured_media":441783,"comment_status":"","ping_status":"","sticky":false,"template":"","format":"standard","meta":{"footnotes":""},"categories":[1586],"tags":[11,579,123,1777,674,1011,27,12,10899,6996,25],"class_list":{"0":"post-441782","1":"post","2":"type-post","3":"status-publish","4":"format-standard","5":"has-post-thumbnail","7":"category-europe","8":"tag-actualites","9":"tag-electricite","10":"tag-espagne","11":"tag-eu","12":"tag-europe","13":"tag-fr","14":"tag-france","15":"tag-news","16":"tag-panne","17":"tag-portugal","18":"tag-republique-francaise"},"share_on_mastodon":{"url":"https:\/\/pubeurope.com\/@fr\/115324327314986374","error":""},"_links":{"self":[{"href":"https:\/\/www.europesays.com\/fr\/wp-json\/wp\/v2\/posts\/441782","targetHints":{"allow":["GET"]}}],"collection":[{"href":"https:\/\/www.europesays.com\/fr\/wp-json\/wp\/v2\/posts"}],"about":[{"href":"https:\/\/www.europesays.com\/fr\/wp-json\/wp\/v2\/types\/post"}],"author":[{"embeddable":true,"href":"https:\/\/www.europesays.com\/fr\/wp-json\/wp\/v2\/users\/2"}],"replies":[{"embeddable":true,"href":"https:\/\/www.europesays.com\/fr\/wp-json\/wp\/v2\/comments?post=441782"}],"version-history":[{"count":0,"href":"https:\/\/www.europesays.com\/fr\/wp-json\/wp\/v2\/posts\/441782\/revisions"}],"wp:featuredmedia":[{"embeddable":true,"href":"https:\/\/www.europesays.com\/fr\/wp-json\/wp\/v2\/media\/441783"}],"wp:attachment":[{"href":"https:\/\/www.europesays.com\/fr\/wp-json\/wp\/v2\/media?parent=441782"}],"wp:term":[{"taxonomy":"category","embeddable":true,"href":"https:\/\/www.europesays.com\/fr\/wp-json\/wp\/v2\/categories?post=441782"},{"taxonomy":"post_tag","embeddable":true,"href":"https:\/\/www.europesays.com\/fr\/wp-json\/wp\/v2\/tags?post=441782"}],"curies":[{"name":"wp","href":"https:\/\/api.w.org\/{rel}","templated":true}]}}