{"id":441793,"date":"2025-10-06T00:21:12","date_gmt":"2025-10-06T00:21:12","guid":{"rendered":"https:\/\/www.europesays.com\/fr\/441793\/"},"modified":"2025-10-06T00:21:12","modified_gmt":"2025-10-06T00:21:12","slug":"moto2-barry-baltus-finalement-4e-en-indonesie-apres-une-belle-remontee","status":"publish","type":"post","link":"https:\/\/www.europesays.com\/fr\/441793\/","title":{"rendered":"Moto2\u00a0: Barry Baltus finalement 4e en Indon\u00e9sie, apr\u00e8s une belle remont\u00e9e"},"content":{"rendered":"<p><strong>Barry Baltus<\/strong> a connu un d\u00e9but de course difficile, et il a chut\u00e9 \u00e0 la 14e place. Le pilote Fantic Racing est cependant parvenu \u00e0 se reprendre et \u00e0 effectuer une importante remont\u00e9e dans la hi\u00e9rarchie. Il a ainsi termin\u00e9 sur les talons de son \u00e9quipier espagnol Aron Canet, qui partait depuis la 21e place sur la grille de d\u00e9part.<\/p>\n<p>Le Br\u00e9silien Diogo Moreira a d\u00e9croch\u00e9 une nouvelle victoire. Il a devanc\u00e9 le leader du championnat, l\u2019Espagnol Manuel Gonzalez, qui a connu une d\u00e9faillance physique en fin de course. Un autre Espagnol, Izan Guevara, est mont\u00e9 sur la troisi\u00e8me marche du podium.<\/p>\n<p>Dans les rangs de l\u2019\u00e9quipe belge Elf Marc VDS Racing, le Britannique Jake Dixon a termin\u00e9 \u00e0 la 10e place, et le Tch\u00e8que Filip Salac a \u00e9t\u00e9 contraint \u00e0 l\u2019abandon.<\/p>\n<p>Au classement du championnat du monde, Baltus ne fait pas de bonne op\u00e9ration alors qu\u2019il reste quatre\u00a0manches \u00e0 disputer. Seul membre du top 7 sans victoire cette saison, le Namurois demeure \u00e0 la 4e place, tandis que le podium du g\u00e9n\u00e9ral l\u2019a pr\u00e9c\u00e9d\u00e9 en Indon\u00e9sie. M\u00eame si celui qui fait r\u00e9ellement la mauvaise op\u00e9ration ce week-end, se nomme\u00a0Manuel Gonz\u00e1lez (Liqui Moly Dynavolt Intact GP). Disqualifi\u00e9, il voit son premier rival,\u00a0Diogo Moreira (Italtrans Racing Team), revenir \u00e0 neuf points de la t\u00eate du championnat<\/p>\n<p>La 19e des 22 manches du championnat du monde Moto2 2025 se tiendra sur le circuit de Phillip Island dans le cadre du Grand Prix d\u2019Australie, le week-end du 19\u00a0octobre.<\/p>\n","protected":false},"excerpt":{"rendered":"Barry Baltus a connu un d\u00e9but de course difficile, et il a chut\u00e9 \u00e0 la 14e place. Le&hellip;\n","protected":false},"author":2,"featured_media":441794,"comment_status":"","ping_status":"","sticky":false,"template":"","format":"standard","meta":{"footnotes":""},"categories":[1413],"tags":[1011,27,1457,1456,60],"class_list":{"0":"post-441793","1":"post","2":"type-post","3":"status-publish","4":"format-standard","5":"has-post-thumbnail","7":"category-moto","8":"tag-fr","9":"tag-france","10":"tag-moto","11":"tag-motocycle","12":"tag-sports"},"share_on_mastodon":{"url":"https:\/\/pubeurope.com\/@fr\/115324366617168862","error":""},"_links":{"self":[{"href":"https:\/\/www.europesays.com\/fr\/wp-json\/wp\/v2\/posts\/441793","targetHints":{"allow":["GET"]}}],"collection":[{"href":"https:\/\/www.europesays.com\/fr\/wp-json\/wp\/v2\/posts"}],"about":[{"href":"https:\/\/www.europesays.com\/fr\/wp-json\/wp\/v2\/types\/post"}],"author":[{"embeddable":true,"href":"https:\/\/www.europesays.com\/fr\/wp-json\/wp\/v2\/users\/2"}],"replies":[{"embeddable":true,"href":"https:\/\/www.europesays.com\/fr\/wp-json\/wp\/v2\/comments?post=441793"}],"version-history":[{"count":0,"href":"https:\/\/www.europesays.com\/fr\/wp-json\/wp\/v2\/posts\/441793\/revisions"}],"wp:featuredmedia":[{"embeddable":true,"href":"https:\/\/www.europesays.com\/fr\/wp-json\/wp\/v2\/media\/441794"}],"wp:attachment":[{"href":"https:\/\/www.europesays.com\/fr\/wp-json\/wp\/v2\/media?parent=441793"}],"wp:term":[{"taxonomy":"category","embeddable":true,"href":"https:\/\/www.europesays.com\/fr\/wp-json\/wp\/v2\/categories?post=441793"},{"taxonomy":"post_tag","embeddable":true,"href":"https:\/\/www.europesays.com\/fr\/wp-json\/wp\/v2\/tags?post=441793"}],"curies":[{"name":"wp","href":"https:\/\/api.w.org\/{rel}","templated":true}]}}