{"id":441795,"date":"2025-10-06T00:22:27","date_gmt":"2025-10-06T00:22:27","guid":{"rendered":"https:\/\/www.europesays.com\/fr\/441795\/"},"modified":"2025-10-06T00:22:27","modified_gmt":"2025-10-06T00:22:27","slug":"la-formule-1-comme-ligne-dhorizon-landes-sore","status":"publish","type":"post","link":"https:\/\/www.europesays.com\/fr\/441795\/","title":{"rendered":"La Formule 1 comme ligne d&rsquo;horizon &#8211; Landes &#8211; Sore"},"content":{"rendered":"<p>                    <img width=\"900\" height=\"1599\" src=\"https:\/\/www.europesays.com\/fr\/wp-content\/uploads\/2025\/10\/Nascar-2.jpg\" class=\"img-fluid portrait wp-post-image\" alt=\"Yann Cristovao effectuera sa premi\u00e8re saison d'Euro NASCAR... puis plus tard sur les traces des plus grands pilotes fran\u00e7ais Alain Prost, Jacques Lafitte et Jean-Pierre Jabouille\" itemprop=\"image\" decoding=\"async\" fetchpriority=\"high\"  \/>                    <\/p>\n<p itemprop=\"name\">\n                                                Yann Cristovao effectuera sa premi\u00e8re saison d&rsquo;Euro NASCAR&#8230; puis plus tard sur les traces des plus grands pilotes fran\u00e7ais Alain Prost, Jacques Lafitte et Jean-Pierre Jabouille<br \/>\n                         Cr\u00e9dits :<br \/>\n                            YC\n                                                <\/p>\n<p>C\u2019est sur le circuit du Gaillou \u00e0 Capbreton que le Petit Journal a rencontr\u00e9 Yann Cristovao. Ce n\u2019\u00e9tait pas pour une course, mais uniquement pour qu\u2019il nous pr\u00e9sente le karting avec lequel il va disputer les comp\u00e9titions de la saison 2025\/2026.&#13;<br \/>\n&#13;<br \/>\nC\u2019est un 125 cm\u00b3 avec un moteur Rotax Max mont\u00e9 sur un ch\u00e2ssis de marque italienne \u00ab\u00a0Bestkart\u00a0\u00bb. Yann fait partie de l\u2019\u00e9quipe \u00ab\u00a0Kart Pro Service\u00a0\u00bb de Lilian F\u00e8vres du circuit de Biganos.&#13;<br \/>\n&#13;<br \/>\nPour les plus anciens, lorsque l\u2019on rencontre les fr\u00e8res Cristovao, Yann le pilote et Orlando le manager, coach, m\u00e9canicien, chauffeur, sponsor et confident, on se retrouve dans l\u2019univers de la bande dessin\u00e9e \u00ab\u00a0Michel Vaillant\u00a0\u00bb cr\u00e9\u00e9e par Jean Graton en 1957.&#13;<br \/>\n&#13;<br \/>\nChez les Cristovao, c\u2019est une histoire de famille comme pour Michel Vaillant et c\u2019est aussi avec des d\u00e9buts en comp\u00e9tition de karting que toute l\u2019histoire a commenc\u00e9. Il a fallu que la s\u0153ur de Yann lui offre quelques tours de circuit pour f\u00eater ses treize ans pour que la passion envahisse le c\u0153ur et le cerveau de ce jeune gar\u00e7on.&#13;<br \/>\n&#13;<br \/>\nIl commence le karting v\u00e9ritablement \u00e0 16 ans en 2023 sans vraiment savoir o\u00f9 \u00e7a allait le mener. Au d\u00e9part, c\u2019\u00e9tait juste une envie. Attir\u00e9 par les sports m\u00e9caniques, les sensations fortes, le bruit des moteurs, il n\u2019avait jamais mis les pieds sur une vraie piste.&#13;<br \/>\n&#13;<br \/>\nLe premier jour, \u00e0 la fois stress\u00e9 et excit\u00e9, il eut l\u2019impression de d\u00e9couvrir un monde compl\u00e8tement \u00e0 part. C\u2019est un sport qui demande de la concentration, du mental, et une vraie ma\u00eetrise de soi. Il faut apprendre \u00e0 g\u00e9rer ses trajectoires, savoir freiner au bon moment, rester calme m\u00eame quand \u00e7a chauffe\u2026 Chaque tour est une remise en question.&#13;<br \/>\n&#13;<br \/>\nDepuis ses premiers tours de roue sur un kart jusqu\u2019aux circuits les plus prestigieux, chaque course a \u00e9t\u00e9 une \u00e9tape cl\u00e9 dans son \u00e9volution. Au fil des saisons, il a perfectionn\u00e9 sa technique et renforc\u00e9 sa d\u00e9termination. Aujourd\u2019hui, il dit: \u00ab\u00a0Je poursuis mon r\u00eave avec l\u2019ambition d\u2019atteindre le plus haut niveau\u00a0\u00bb.&#13;<br \/>\n&#13;<br \/>\nLe Petit Journal va suivre avec beaucoup d\u2019attention la carri\u00e8re de ce jeune Landais vivant dans la commune de Sore et ne manquera pas de vous faire des comptes-rendus de ses courses. Avant d\u2019aller plus loin, amis lecteurs, il faut que vous sachiez que L\u2019Homme est un \u00eatre d\u2019exception. En effet, souriant, bienveillant, respectueux, humble, discret, timide sauf quand il est assis dans son baquet, intelligent, observateur, combattif, vous comprenez rapidement qu\u2019il a toutes les qualit\u00e9s pour devenir un tr\u00e8s \u00ab\u00a0grand\u00a0\u00bb dans son domaine de passion.&#13;<br \/>\n&#13;<br \/>\n<strong>Une saison qui commence<\/strong>&#13;<br \/>\n&#13;<br \/>\nRep\u00e9r\u00e9 par David Cruz,Yann effectuera sa premi\u00e8re saison d&rsquo;Euro NASCAR, c\u2019est une grande \u00e9tape dans une carri\u00e8re et cette discipline exigeante va lui permettre de relever de nouveaux d\u00e9fis, d\u2019affronter des pilotes exp\u00e9riment\u00e9s et de d\u00e9velopper des comp\u00e9tences qui le m\u00e8neront vers de nouveaux horizons. Il int\u00e8gre la prestigieuse \u00e9quipe RDV Comp\u00e9tition.&#13;<br \/>\n&#13;<br \/>\nLe Petit Journal, vous tiendra au courant de tous ses r\u00e9sultats.&#13;<br \/>\n&#13;<br \/>\nPlus d&rsquo;infos : cristavaoyann.officiel@gmail.com ou www.yanncristovao.com<\/p>\n<p>                Cet article est r\u00e9serv\u00e9 aux abonn\u00e9s.<\/p>\n<p class=\"signature\" itemscope=\"\" itemprop=\"Author\" itemtype=\"http:\/\/schema.org\/Person\">\n                HEN\n            <\/p>\n","protected":false},"excerpt":{"rendered":"Yann Cristovao effectuera sa premi\u00e8re saison d&rsquo;Euro NASCAR&#8230; puis plus tard sur les traces des plus grands pilotes&hellip;\n","protected":false},"author":2,"featured_media":441796,"comment_status":"","ping_status":"","sticky":false,"template":"","format":"standard","meta":{"footnotes":""},"categories":[1412],"tags":[1451,1452,1453,1454,1455,1011,27,301,60],"class_list":{"0":"post-441795","1":"post","2":"type-post","3":"status-publish","4":"format-standard","5":"has-post-thumbnail","7":"category-f1","8":"tag-f1","9":"tag-formula-1","10":"tag-formula1","11":"tag-formule-1","12":"tag-formule1","13":"tag-fr","14":"tag-france","15":"tag-premium","16":"tag-sports"},"share_on_mastodon":{"url":"https:\/\/pubeurope.com\/@fr\/115324370954287048","error":""},"_links":{"self":[{"href":"https:\/\/www.europesays.com\/fr\/wp-json\/wp\/v2\/posts\/441795","targetHints":{"allow":["GET"]}}],"collection":[{"href":"https:\/\/www.europesays.com\/fr\/wp-json\/wp\/v2\/posts"}],"about":[{"href":"https:\/\/www.europesays.com\/fr\/wp-json\/wp\/v2\/types\/post"}],"author":[{"embeddable":true,"href":"https:\/\/www.europesays.com\/fr\/wp-json\/wp\/v2\/users\/2"}],"replies":[{"embeddable":true,"href":"https:\/\/www.europesays.com\/fr\/wp-json\/wp\/v2\/comments?post=441795"}],"version-history":[{"count":0,"href":"https:\/\/www.europesays.com\/fr\/wp-json\/wp\/v2\/posts\/441795\/revisions"}],"wp:featuredmedia":[{"embeddable":true,"href":"https:\/\/www.europesays.com\/fr\/wp-json\/wp\/v2\/media\/441796"}],"wp:attachment":[{"href":"https:\/\/www.europesays.com\/fr\/wp-json\/wp\/v2\/media?parent=441795"}],"wp:term":[{"taxonomy":"category","embeddable":true,"href":"https:\/\/www.europesays.com\/fr\/wp-json\/wp\/v2\/categories?post=441795"},{"taxonomy":"post_tag","embeddable":true,"href":"https:\/\/www.europesays.com\/fr\/wp-json\/wp\/v2\/tags?post=441795"}],"curies":[{"name":"wp","href":"https:\/\/api.w.org\/{rel}","templated":true}]}}