{"id":441799,"date":"2025-10-06T00:24:25","date_gmt":"2025-10-06T00:24:25","guid":{"rendered":"https:\/\/www.europesays.com\/fr\/441799\/"},"modified":"2025-10-06T00:24:25","modified_gmt":"2025-10-06T00:24:25","slug":"lancement-de-la-1ere-edition-ligue-bretagne-de-football","status":"publish","type":"post","link":"https:\/\/www.europesays.com\/fr\/441799\/","title":{"rendered":"Lancement de la 1\u00e8re \u00e9dition \u2013 LIGUE BRETAGNE DE FOOTBALL"},"content":{"rendered":"<p>                    <img loading=\"lazy\" width=\"611\" height=\"378\" src=\"https:\/\/www.europesays.com\/fr\/wp-content\/uploads\/2025\/10\/Capture-decran-2025-09-30-144605-611x378.png\" class=\"vignette-large wp-post-image\" alt=\"\" decoding=\"async\"  \/>                    <\/p>\n<p>\n                        Nxt Gen Coaches : Lancement de la 1\u00e8re \u00e9dition\n                    <\/p>\n<p>le Fondaction du Football, avec le soutien de Nike et sous la coordination de la Ligue de Bretagne de Football lance le programme Nxt Gen Coaches. Ce projet ambitieux vise \u00e0 transformer le r\u00f4le des jeunes filles dans le football amateur breton et \u00e0 encourager leur engagement dans des fonctions de leadership au sein des clubs.<\/p>\n<blockquote>\n<p data-start=\"701\" data-end=\"731\"><strong>Les objectifs du programme<\/strong><\/p>\n<\/blockquote>\n<p data-start=\"732\" data-end=\"858\">\u00c0 travers une Acad\u00e9mie d\u00e9di\u00e9e aux jeunes pratiquantes de 14 \u00e0 18 ans, Nxt Gen Coaches poursuit quatre grands objectifs :<\/p>\n<ul>\n<li data-start=\"861\" data-end=\"975\">Accro\u00eetre le r\u00f4le des jeunes filles dans les clubs en les accompagnant vers des fonctions de responsabilit\u00e9.<\/li>\n<li data-start=\"861\" data-end=\"975\">Lutter contre les discriminations de genre et promouvoir l\u2019\u00e9galit\u00e9 filles\/gar\u00e7ons.<\/li>\n<li data-start=\"861\" data-end=\"975\">Pr\u00e9parer l\u2019acc\u00e8s \u00e0 une formation certifiante d\u2019\u00e9ducatrice propos\u00e9e par la FFF.<\/li>\n<li data-start=\"861\" data-end=\"975\">Cr\u00e9er une communaut\u00e9 dynamique et solidaire, renfor\u00e7ant la l\u00e9gitimit\u00e9 des filles \u00e0 s\u2019investir durablement dans le football.<\/li>\n<\/ul>\n<blockquote>\n<p data-start=\"1287\" data-end=\"1322\"><strong>Un appel aux clubs bretons<\/strong><\/p>\n<\/blockquote>\n<p>Les clubs bretons sont invit\u00e9s \u00e0 s\u2019engager activement dans cette d\u00e9marche en proposant entre 1 et 3 jeunes filles de 14 \u00e0 18 ans (ne poss\u00e9dant pas de dipl\u00f4me FFF) motiv\u00e9es pour int\u00e9grer le programme. Chaque club devra d\u00e9signer un tuteur r\u00e9f\u00e9rent, charg\u00e9 d\u2019inscrire et d\u2019accompagner les participantes tout au long de leur parcours.<\/p>\n<\/p>\n<p data-start=\"1634\" data-end=\"1661\">cr\u00e9dits vid\u00e9o : Agence Dix-Huit<\/p>\n<blockquote>\n<p data-start=\"1634\" data-end=\"1661\"><strong>Le calendrier<\/strong><\/p>\n<\/blockquote>\n<ul>\n<li data-start=\"1664\" data-end=\"1717\"><strong data-start=\"1664\" data-end=\"1694\">Ouverture des inscriptions<\/strong> : Mardi 30 septembre 2025<\/li>\n<li data-start=\"1664\" data-end=\"1717\"><strong data-start=\"1720\" data-end=\"1748\">Cl\u00f4ture des inscriptions<\/strong> : Mercredi 15 octobre 2025<\/li>\n<li data-start=\"1664\" data-end=\"1717\"><strong data-start=\"1775\" data-end=\"1803\">Temps fort avec le lancement en pr\u00e9sentiel obligatoire <\/strong>: Jeudi 23 octobre 2025 (toute la journ\u00e9e) au si\u00e8ge de la Ligue de Bretagne \u00e0 Montgermont, r\u00e9unissant participantes, tuteurs et organisateurs.<\/li>\n<\/ul>\n<blockquote>\n<p data-start=\"1949\" data-end=\"1978\"><strong>Un contenu riche et vari\u00e9<\/strong><\/p>\n<\/blockquote>\n<p data-start=\"1979\" data-end=\"2192\">Le programme combine des ateliers en pr\u00e9sentiel, des sessions en visioconf\u00e9rence et des pratiques en club avec tuteurs. Les participantes b\u00e9n\u00e9ficieront d\u2019un accompagnement complet gr\u00e2ce \u00e0 plusieurs partenaires :<\/p>\n<dl class=\"gallery-item\">\n<dt class=\"gallery-icon landscape\">\n\t\t\t\t<a href=\"https:\/\/footbretagne.fff.fr\/simple\/nxt-gen-coaches-lancement-de-la-1ere-edition\/capture-decran-2025-09-30-144519-2\/\" rel=\"nofollow noopener\" target=\"_blank\"><img loading=\"lazy\" decoding=\"async\" width=\"1647\" height=\"942\" src=\"https:\/\/www.europesays.com\/fr\/wp-content\/uploads\/2025\/10\/Capture-decran-2025-09-30-144519-1.png\" class=\"attachment-full size-full\" alt=\"\"  \/><\/a>\n\t\t\t<\/dt>\n<\/dl>\n<p><br style=\"clear: both\"\/><\/p>\n<p>\u00a0<\/p>\n<p>L\u2019ensemble des modules de formation propos\u00e9s dans le cadre de ce programme sont couverts par le Fondaction du football et la Ligue de Bretagne de Football. Ces sessions offriront aux participantes un cadre unique pour d\u00e9velopper leurs comp\u00e9tences p\u00e9dagogiques, sportives et humaines, tout en favorisant l\u2019entraide et le partage d\u2019exp\u00e9riences.<\/p>\n<blockquote>\n<p data-start=\"3120\" data-end=\"3158\"><strong>Une 1\u00e8re \u00e9dition porteuse d\u2019avenir<\/strong><\/p>\n<\/blockquote>\n<p data-start=\"3159\" data-end=\"3488\">En mettant en lumi\u00e8re les talents et les ambitions des jeunes filles, la Ligue de Bretagne de Football confirme son r\u00f4le moteur dans l\u2019\u00e9volution du football f\u00e9minin. Gr\u00e2ce au soutien de Nike et du Fondaction du Football, Nxt Gen Coaches continue d\u2019ouvrir la voie vers un football plus \u00e9quitable, inclusif et prometteur. Les clubs int\u00e9ress\u00e9s par l\u2019interm\u00e9diaire du tuteur sont invit\u00e9s \u00e0 compl\u00e9ter le formulaire d\u2019inscription en ligne avant la date de cl\u00f4ture. Un mail de confirmation pour l\u2019inscription sera envoy\u00e9 aux tuteurs <strong>dans la limite des places disponibles.<\/strong><\/p>\n<p><a href=\"https:\/\/docs.google.com\/forms\/d\/e\/1FAIpQLSceWzuEh484twDQNcMyXNd1D1R7jCtjCyoXZtSFc5c6uTthzg\/viewform?usp=header\" rel=\"nofollow noopener\" target=\"_blank\">S\u2019INSCRIRE<\/a><\/p>\n<p>Le d\u00e9tail du calendrier de formation sera communiqu\u00e9 lors de la journ\u00e9e de lancement. Nxt Gen Coaches, c\u2019est un parcours de 32 heures pour outiller les jeunes filles de comp\u00e9tences transverses, pour se sentir l\u00e9gitime de devenir coaches !<\/p>\n<p>Pour toutes demandes d\u2019informations compl\u00e9mentaires, veuillez contacter Monsieur Sylvain LORANT par mail \u00e0 l\u2019adresse : <a href=\"https:\/\/footbretagne.fff.fr\/simple\/nxt-gen-coaches-lancement-de-la-1ere-edition\/mailto:slorant@footbretagne.fff.fr\" rel=\"nofollow noopener\" target=\"_blank\">slorant@footbretagne.fff.fr<\/a><\/p>\n","protected":false},"excerpt":{"rendered":"Nxt Gen Coaches : Lancement de la 1\u00e8re \u00e9dition le Fondaction du Football, avec le soutien de Nike&hellip;\n","protected":false},"author":2,"featured_media":441800,"comment_status":"","ping_status":"","sticky":false,"template":"","format":"standard","meta":{"footnotes":""},"categories":[1410],"tags":[63,1011,27,60],"class_list":{"0":"post-441799","1":"post","2":"type-post","3":"status-publish","4":"format-standard","5":"has-post-thumbnail","7":"category-football","8":"tag-football","9":"tag-fr","10":"tag-france","11":"tag-sports"},"share_on_mastodon":{"url":"https:\/\/pubeurope.com\/@fr\/115324378967988701","error":""},"_links":{"self":[{"href":"https:\/\/www.europesays.com\/fr\/wp-json\/wp\/v2\/posts\/441799","targetHints":{"allow":["GET"]}}],"collection":[{"href":"https:\/\/www.europesays.com\/fr\/wp-json\/wp\/v2\/posts"}],"about":[{"href":"https:\/\/www.europesays.com\/fr\/wp-json\/wp\/v2\/types\/post"}],"author":[{"embeddable":true,"href":"https:\/\/www.europesays.com\/fr\/wp-json\/wp\/v2\/users\/2"}],"replies":[{"embeddable":true,"href":"https:\/\/www.europesays.com\/fr\/wp-json\/wp\/v2\/comments?post=441799"}],"version-history":[{"count":0,"href":"https:\/\/www.europesays.com\/fr\/wp-json\/wp\/v2\/posts\/441799\/revisions"}],"wp:featuredmedia":[{"embeddable":true,"href":"https:\/\/www.europesays.com\/fr\/wp-json\/wp\/v2\/media\/441800"}],"wp:attachment":[{"href":"https:\/\/www.europesays.com\/fr\/wp-json\/wp\/v2\/media?parent=441799"}],"wp:term":[{"taxonomy":"category","embeddable":true,"href":"https:\/\/www.europesays.com\/fr\/wp-json\/wp\/v2\/categories?post=441799"},{"taxonomy":"post_tag","embeddable":true,"href":"https:\/\/www.europesays.com\/fr\/wp-json\/wp\/v2\/tags?post=441799"}],"curies":[{"name":"wp","href":"https:\/\/api.w.org\/{rel}","templated":true}]}}