{"id":441803,"date":"2025-10-06T00:27:11","date_gmt":"2025-10-06T00:27:11","guid":{"rendered":"https:\/\/www.europesays.com\/fr\/441803\/"},"modified":"2025-10-06T00:27:11","modified_gmt":"2025-10-06T00:27:11","slug":"orthez-les-journees-du-livre-mettent-a-lhonneur-la-lecture-a-voix-haute","status":"publish","type":"post","link":"https:\/\/www.europesays.com\/fr\/441803\/","title":{"rendered":"Orthez\u00a0: les Journ\u00e9es du livre mettent \u00e0 l\u2019honneur la lecture \u00e0 voix haute"},"content":{"rendered":"<p>Des lectures sur sc\u00e8ne<\/p>\n<p>Cette ann\u00e9e, l\u2019invit\u00e9 d\u2019honneur des Journ\u00e9es du livre est Beno\u00eet S\u00e9verac. Romancier et nouvelliste, il \u00e9crit de la litt\u00e9rature noire et polici\u00e8re pour les adultes et les ados. Le jeudi 9\u00a0octobre, c\u2019est lui qui ouvrira les Saisons aux c\u00f4t\u00e9s du musicien Jean&#8230;<\/p>\n<p>Des lectures sur sc\u00e8ne<\/p>\n<p>Cette ann\u00e9e, l\u2019invit\u00e9 d\u2019honneur des Journ\u00e9es du livre est Beno\u00eet S\u00e9verac. Romancier et nouvelliste, il \u00e9crit de la litt\u00e9rature noire et polici\u00e8re pour les adultes et les ados. Le jeudi 9\u00a0octobre, c\u2019est lui qui ouvrira les Saisons aux c\u00f4t\u00e9s du musicien Jean-Paul Raffit, avec des lectures musicales autour de son roman \u00ab\u00a0Le bruit de nos pas perdus\u00a0\u00bb, paru en 2024. \u00ab\u00a0Je lis des extraits du bouquin, qui permettent de raconter l\u2019histoire mais je ne d\u00e9voile rien\u00a0! Car l\u2019id\u00e9e, c\u2019est de donner envie aux gens de lire le roman entier\u00a0\u00bb, explique l\u2019auteur.<\/p>\n<p>Il a donc d\u00e9cid\u00e9 de se concentrer sur les personnages pour ces lectures \u00e0 haute voix\u00a0: \u00ab\u00a0J\u2019ai remarqu\u00e9, en pr\u00e9parant le spectacle, que j\u2019avais des chapitres entiers consacr\u00e9s \u00e0 mes personnages. Donc j\u2019ai fait le choix de les pr\u00e9senter aux spectateurs, en expliquant les connexions qui les lient les uns aux autres. Le texte est d\u00e9coup\u00e9 mais pas r\u00e9\u00e9crit, \u00e7a permet de d\u00e9couvrir l\u2019histoire sans divulg\u00e2cher la fin\u00a0\u00bb.<\/p>\n<p>Un accompagnement musical<\/p>\n<p>Et sur les mots, le musicien Jean-Paul Raffit a pos\u00e9 des compositions musicales. \u00ab\u00a0Jean-Paul est tr\u00e8s orient\u00e9 dans l\u2019accompagnement de l\u2019autre, l\u2019\u00e9coute et la collaboration. Il a cr\u00e9\u00e9 plusieurs morceaux par th\u00e9matique et on a beaucoup travaill\u00e9 en studio pour le spectacle. Mais il y a \u00e9norm\u00e9ment d\u2019impro sur sc\u00e8ne, on s\u2019\u00e9coute et on est tr\u00e8s complices\u00a0\u00bb, sourit Beno\u00eet S\u00e9verac.<\/p>\n<p>Le romancier a eu l\u2019id\u00e9e de lire ses textes sur sc\u00e8ne \u00ab\u00a0parce que l\u2019\u00e9crivain est souvent seul dans son bureau et ne voit pas les r\u00e9actions des gens. La sc\u00e8ne le permet, on voit les \u00e9motions, on les ressent\u2026 J\u2019ai longtemps fait du th\u00e9\u00e2tre en amateur donc je prends un plaisir immense sur sc\u00e8ne\u00a0!\u00a0\u00bb Il appr\u00e9cie particuli\u00e8rement la collaboration avec un musicien\u00a0: \u00ab\u00a0Cela permet de mettre des intentions que je n\u2019avais pas forc\u00e9ment imagin\u00e9es. Et quand on est auteur, on aime la tonalit\u00e9 des mots. Je trouve que de les lire \u00e0 voix haute, \u00e7a permet de voir comment ils sonnent. Encore plus avec de la musique\u00a0!\u00a0\u00bb<\/p>\n<p>Le spectacle est \u00e0 d\u00e9couvrir sur la sc\u00e8ne du th\u00e9\u00e2tre Francis Plant\u00e9 le jeudi 9\u00a0octobre \u00e0 20h. L\u2019entr\u00e9e est libre.<\/p>\n<p>Les autres rendez-vous<\/p>\n<p>Les Journ\u00e9es du livre s\u2019exportent aussi au mus\u00e9e Jeanne d\u2019Albret, le vendredi 10\u00a0octobre. Une rencontre est organis\u00e9e \u00e0 17h30 avec Isabelle Louviot, autour de son livre sur \u00c9lis\u00e9e Reclus \u00ab\u00a0Penser l\u2019humain et la terre\u00a0\u00bb. Le nom d\u2019\u00c9lis\u00e9e Reclus est souvent \u00e9voqu\u00e9 dans la r\u00e9gion, mais qui conna\u00eet vraiment ce g\u00e9ographe, anarchiste convaincu, qui a plant\u00e9 les premi\u00e8res graines de la pens\u00e9e \u00e9cologique\u00a0? Isabelle Louviot vient de publier une biographie illustr\u00e9e par Georges Peignard, pour red\u00e9couvrir la pens\u00e9e de cette figure intellectuelle des plus \u00e9tonnantes.<\/p>\n<p>Le m\u00eame jour mais \u00e0 19h, les curieux (\u00e0 partir de 6\u00a0ans) pourront se rendre dans la salle Darius Milhaud (th\u00e9\u00e2tre Francis Plant\u00e9) pour une lecture dessin\u00e9e avec Gaya Wisniewski et St\u00e9phane Servant. Tous deux emm\u00e8neront le public \u00e0 la d\u00e9couverte des esprits enfantins qu\u2019on oublie quand on est grand\u2026<\/p>\n<p>Le programme du 11\u00a0octobre<\/p>\n<p>Le samedi 11\u00a0octobre \u00e0 la Mout\u00e8te, le public pourra d\u00e9ambuler librement de stand en stand pour d\u00e9couvrir auteurs et \u00e9diteurs invit\u00e9s. De nombreuses animations sont pr\u00e9vues tout au long de la journ\u00e9e, pour tous les go\u00fbts et tous les \u00e2ges. Ainsi, \u00e0 10h30 rendez-vous pour l\u2019atelier grand dessin avec La\u00ebtitia Le Saux (\u00e0 partir de 4\u00a0ans)\u00a0; \u00e0 11h lecture-rencontre avec S\u00e9bastien Joanniez\u00a0; \u00e0 11h30 atelier grand dessin avec Joanna Concejo (\u00e0 partir de 6\u00a0ans)\u00a0; \u00e0 midi rencontre avec Jean-Michel Lafon et les \u00c9ditions Passiflore pour \u00ab\u00a0Parents de rugbyman heureux\u00a0\u00bb. \u00c0 13h, c\u2019est une sieste litt\u00e9raire qui sera propos\u00e9e par la Cie du pr\u00e9au.<\/p>\n<p>L\u2019apr\u00e8s-midi d\u00e9butera avec une lecture-rencontre \u00e0 14h autour de la biographie de Jean-Louis Curtis avec son auteur Thierry Roux et les \u00c9ditions Gascogne\u00a0; une autre rencontre \u00e0 15h avec D\u00e9sir\u00e9e et Alain Frappier et Le Moment Librairie autour de la th\u00e9matique \u00ab\u00a0Quand la bande dessin\u00e9e devient t\u00e9moin et documentaire\u00a0\u00bb\u00a0; \u00e0 15h30 un atelier organis\u00e9 par Poids Plume \u00c9ditions avec C\u00e9sar Canet\u00a0; \u00e0 16h une lecture-rencontre avec Beno\u00eet S\u00e9verac et le Moment Librairie\u00a0; \u00e0 16h30 un nouvel atelier Poids Plume \u00c9ditions avec Sidonie Guillier. \u00c0 17h, le public pourra profiter d\u2019une grande rencontre sur la th\u00e9matique \u00ab\u00a0Le B\u00e9arn\u00a0: une histoire renouvel\u00e9e\u00a0?\u00a0\u00bb avec V\u00e9ronique Lamazou Duplan, Philippe Chareyre, Laurent Jalabert et le mus\u00e9e Jeanne d\u2019Albret. Enfin, \u00e0 18h, la traditionnelle battle de dessins sera anim\u00e9e par les Espaces Jeunes, avec Marc Large et Jean-Michel Lafon.<\/p>\n<p>En plus de ce programme charg\u00e9, d\u2019autres animations sont \u00e0 d\u00e9couvrir comme les d\u00e9gustations de lectures de la Cie du pr\u00e9au pour faire vivre la lecture \u00e0 haute voix avec des mots clam\u00e9s ou murmur\u00e9s et des interventions surprises\u00a0; le jeu \u00ab\u00a0Le coffre aux \u00e9pices\u00a0\u00bb cr\u00e9\u00e9 par Poids Plume \u00c9ditions anim\u00e9 par Lud\u2019Orthez\u00a0; les diff\u00e9rentes expositions\u00a0; l\u2019espace d\u00e9couverte des ateliers men\u00e9s dans la semaine avec les scolaires\u00a0; les lectures impromptues sur le stand d\u2019image\u00a0\/\u00a0imatge\u2026<\/p>\n<p>    Rencontre avec des auteurs locaux<br \/>\nL\u2019association HPPO (Histoire et Patrimoine en Pays d\u2019Orthez) organise une soir\u00e9e de rencontre avec les auteurs locaux qui ont publi\u00e9 des ouvrages r\u00e9cemment, le mercredi 8\u00a0octobre \u00e0 18h, \u00e0 la m\u00e9diath\u00e8que (entr\u00e9e libre). Pas moins de 9 auteurs ont r\u00e9pondu \u00e0 l\u2019appel, ils pr\u00e9senteront leur livre et en liront un extrait au public\u00a0: Michel Biarge pour \u00ab\u00a0Les Harmonies du temps\u00a0\u00bb, Jean-Louis Lannes \u00ab\u00a0Un ch\u00e2teau en B\u00e9arn\u00a0\u00bb, Jean-Marc Lagouarde \u00ab\u00a0Bonnut 1939-1945 au fil de la m\u00e9moire\u00a0\u00bb, Yves Guichemerre \u00ab\u00a0\u00c9trange drame au moulin de Lataillade\u00a0\u00bb, Thierry Garrin \u00ab\u00a0La Broisha\u00a0\u00bb, Laurent Front\u00e8re \u00ab\u00a0Dictionnaire des mots d\u00e9voy\u00e9s au service de la droite lib\u00e9rale\u00a0\u00bb, Pierre Saint-Macary \u00ab\u00a0Le baron de Lamatabois, le gardien du Pont\u00a0\u00bb, Ren\u00e9 Ricarr\u00e8re \u00ab\u00a0Secret d\u2019Orthez et d\u2019Oc\u00a0\u00bb, Chantal Pami\u00e8s \u00ab\u00a0\u00c9clats d\u2019enfance\u00a0\u00bb.<\/p>\n","protected":false},"excerpt":{"rendered":"Des lectures sur sc\u00e8ne Cette ann\u00e9e, l\u2019invit\u00e9 d\u2019honneur des Journ\u00e9es du livre est Beno\u00eet S\u00e9verac. Romancier et nouvelliste,&hellip;\n","protected":false},"author":2,"featured_media":441804,"comment_status":"","ping_status":"","sticky":false,"template":"","format":"standard","meta":{"footnotes":""},"categories":[1357],"tags":[1379,58,59,1011,27,1380],"class_list":{"0":"post-441803","1":"post","2":"type-post","3":"status-publish","4":"format-standard","5":"has-post-thumbnail","7":"category-livres","8":"tag-books","9":"tag-divertissement","10":"tag-entertainment","11":"tag-fr","12":"tag-france","13":"tag-livres"},"share_on_mastodon":{"url":"https:\/\/pubeurope.com\/@fr\/115324390151043603","error":""},"_links":{"self":[{"href":"https:\/\/www.europesays.com\/fr\/wp-json\/wp\/v2\/posts\/441803","targetHints":{"allow":["GET"]}}],"collection":[{"href":"https:\/\/www.europesays.com\/fr\/wp-json\/wp\/v2\/posts"}],"about":[{"href":"https:\/\/www.europesays.com\/fr\/wp-json\/wp\/v2\/types\/post"}],"author":[{"embeddable":true,"href":"https:\/\/www.europesays.com\/fr\/wp-json\/wp\/v2\/users\/2"}],"replies":[{"embeddable":true,"href":"https:\/\/www.europesays.com\/fr\/wp-json\/wp\/v2\/comments?post=441803"}],"version-history":[{"count":0,"href":"https:\/\/www.europesays.com\/fr\/wp-json\/wp\/v2\/posts\/441803\/revisions"}],"wp:featuredmedia":[{"embeddable":true,"href":"https:\/\/www.europesays.com\/fr\/wp-json\/wp\/v2\/media\/441804"}],"wp:attachment":[{"href":"https:\/\/www.europesays.com\/fr\/wp-json\/wp\/v2\/media?parent=441803"}],"wp:term":[{"taxonomy":"category","embeddable":true,"href":"https:\/\/www.europesays.com\/fr\/wp-json\/wp\/v2\/categories?post=441803"},{"taxonomy":"post_tag","embeddable":true,"href":"https:\/\/www.europesays.com\/fr\/wp-json\/wp\/v2\/tags?post=441803"}],"curies":[{"name":"wp","href":"https:\/\/api.w.org\/{rel}","templated":true}]}}