{"id":441813,"date":"2025-10-06T00:36:16","date_gmt":"2025-10-06T00:36:16","guid":{"rendered":"https:\/\/www.europesays.com\/fr\/441813\/"},"modified":"2025-10-06T00:36:16","modified_gmt":"2025-10-06T00:36:16","slug":"en-australie-un-homme-tire-dans-une-rue-de-sydney-20-blesses","status":"publish","type":"post","link":"https:\/\/www.europesays.com\/fr\/441813\/","title":{"rendered":"en Australie, un homme tire dans une rue de Sydney, 20 bless\u00e9s"},"content":{"rendered":"<p>Le tireur pr\u00e9sum\u00e9 \u00abtirait sans discernement sur les v\u00e9hicules qui passaient\u00bb, a d\u00e9clar\u00e9 la police, avant d\u2019annoncer l\u2019arrestation d\u2019un individu de 60 ans.<\/p>\n<p class=\"fig-paragraph\">Un homme a ouvert le feu dimanche 5 octobre dans une rue tr\u00e8s fr\u00e9quent\u00e9e de Sydney, en\u00a0<a href=\"http:\/\/www.lefigaro.fr\/sciences\/le-taux-de-contamination-peut-aller-jusqu-a-80-chez-des-populations-en-australie-un-vaccin-anti-chlamydia-pour-sauver-les-koalas-20251003\" target=\"_blank\" data-fig-type=\"Article\" rel=\"noopener\" data-gtm-custom-categorie=\"navigation\" data-gtm-custom-action=\"crossclick\" data-gtm-custom-label=\"Contextuel\" data-gtm-event=\"customEventSPE\" data-fig-domain=\"LEFIGARO\">Australie<\/a>, avant d&rsquo;\u00eatre interpell\u00e9, a annonc\u00e9 la police australienne, qui a fait \u00e9tat de vingt personnes bless\u00e9es, principalement par des \u00e9clats.<\/p>\n<p class=\"fig-paragraph\">Le tireur pr\u00e9sum\u00e9 \u00abtirait sans discernement sur les v\u00e9hicules qui passaient, y compris des v\u00e9hicules de police\u00bb, a d\u00e9clar\u00e9 la police. \u00abIl pourrait y avoir eu entre 50 et 100 coups de feu\u00bb, a pr\u00e9cis\u00e9 Stephen Parry, commissaire de police par int\u00e9rim de Nouvelle-Galles du Sud.<\/p>\n<p>                                    <a class=\"fig-a11y-skip a11y-hidden\" href=\"#fig-a11y-skip-main-inarticle\"><br \/>\n        Passer la publicit\u00e9<br \/>\n    <\/a><\/p>\n<p>Un homme dans un \u00e9tat \u00abgrave\u00bb<\/p>\n<p class=\"fig-paragraph\">Deux heures plus tard, la police a arr\u00eat\u00e9 un homme de 60 ans, soup\u00e7onn\u00e9 d&rsquo;\u00eatre le tireur, dans un appartement. Il a \u00e9t\u00e9 transport\u00e9 \u00e0 l&rsquo;h\u00f4pital et soign\u00e9 pour des blessures subies lors de son arrestation.<\/p>\n<p class=\"fig-paragraph\">Un homme s&rsquo;est pr\u00e9sent\u00e9 \u00e0 l&rsquo;h\u00f4pital avec une blessure par balle \u00e0 la suite de l&rsquo;incident et se trouve dans un \u00e9tat \u00abgrave\u00bb, selon la police. Dix-neuf autres personnes ont \u00e9t\u00e9 soign\u00e9es pour des blessures caus\u00e9es par des \u00e9clats, notamment de verre, et plusieurs ont \u00e9t\u00e9 transport\u00e9es \u00e0 l&rsquo;h\u00f4pital.<\/p>\n<p>Les armes automatiques et semi-automatiques interdites<\/p>\n<p class=\"fig-paragraph\">Les fusillades de masse sont relativement rares en Australie. Les armes automatiques et semi-automatiques sont interdites en Australie depuis la fusillade de masse de 1996 \u00e0 Port Arthur, en Tasmanie, au cours de laquelle un tireur isol\u00e9 a tu\u00e9 35 personnes.<\/p>\n","protected":false},"excerpt":{"rendered":"Le tireur pr\u00e9sum\u00e9 \u00abtirait sans discernement sur les v\u00e9hicules qui passaient\u00bb, a d\u00e9clar\u00e9 la police, avant d\u2019annoncer l\u2019arrestation&hellip;\n","protected":false},"author":2,"featured_media":441814,"comment_status":"","ping_status":"","sticky":false,"template":"","format":"standard","meta":{"footnotes":""},"categories":[5],"tags":[11,5035,1011,27,14,12,28],"class_list":{"0":"post-441813","1":"post","2":"type-post","3":"status-publish","4":"format-standard","5":"has-post-thumbnail","7":"category-international","8":"tag-actualites","9":"tag-australie","10":"tag-fr","11":"tag-france","12":"tag-international","13":"tag-news","14":"tag-world"},"share_on_mastodon":{"url":"https:\/\/pubeurope.com\/@fr\/115324426208768234","error":""},"_links":{"self":[{"href":"https:\/\/www.europesays.com\/fr\/wp-json\/wp\/v2\/posts\/441813","targetHints":{"allow":["GET"]}}],"collection":[{"href":"https:\/\/www.europesays.com\/fr\/wp-json\/wp\/v2\/posts"}],"about":[{"href":"https:\/\/www.europesays.com\/fr\/wp-json\/wp\/v2\/types\/post"}],"author":[{"embeddable":true,"href":"https:\/\/www.europesays.com\/fr\/wp-json\/wp\/v2\/users\/2"}],"replies":[{"embeddable":true,"href":"https:\/\/www.europesays.com\/fr\/wp-json\/wp\/v2\/comments?post=441813"}],"version-history":[{"count":0,"href":"https:\/\/www.europesays.com\/fr\/wp-json\/wp\/v2\/posts\/441813\/revisions"}],"wp:featuredmedia":[{"embeddable":true,"href":"https:\/\/www.europesays.com\/fr\/wp-json\/wp\/v2\/media\/441814"}],"wp:attachment":[{"href":"https:\/\/www.europesays.com\/fr\/wp-json\/wp\/v2\/media?parent=441813"}],"wp:term":[{"taxonomy":"category","embeddable":true,"href":"https:\/\/www.europesays.com\/fr\/wp-json\/wp\/v2\/categories?post=441813"},{"taxonomy":"post_tag","embeddable":true,"href":"https:\/\/www.europesays.com\/fr\/wp-json\/wp\/v2\/tags?post=441813"}],"curies":[{"name":"wp","href":"https:\/\/api.w.org\/{rel}","templated":true}]}}