{"id":441821,"date":"2025-10-06T00:43:16","date_gmt":"2025-10-06T00:43:16","guid":{"rendered":"https:\/\/www.europesays.com\/fr\/441821\/"},"modified":"2025-10-06T00:43:16","modified_gmt":"2025-10-06T00:43:16","slug":"flamenco-et-jazz-en-fusion-avec-caravela-de-la-compagnie-minera","status":"publish","type":"post","link":"https:\/\/www.europesays.com\/fr\/441821\/","title":{"rendered":"Flamenco et jazz en fusion avec Caravela de la Compagnie Minera"},"content":{"rendered":"<p>Le dimanche 5\u00a0octobre \u00e0 15\u00a0h, l\u2019espace G\u00e9rard-Philipe accueillera le spectacle Caravela. Port\u00e9 par la Compagnie Minera, il propose un m\u00e9lange de flamenco, de sonorit\u00e9s jazz et de rythmes latinos. Le duo vocal f\u00e9minin qui m\u00e8ne la formation offre une interpr\u00e9tation \u00e9nergique et po\u00e9tique.<\/p>\n<p>Avec son premier titre Cuando llega la noche , le groupe explore la buleria rock dans une cadence soutenue, invitant le public \u00e0 un voyage musical aux accents andalous.<\/p>\n<p class=\"note\">Entr\u00e9e gratuite<\/p>\n","protected":false},"excerpt":{"rendered":"Le dimanche 5\u00a0octobre \u00e0 15\u00a0h, l\u2019espace G\u00e9rard-Philipe accueillera le spectacle Caravela. Port\u00e9 par la Compagnie Minera, il propose&hellip;\n","protected":false},"author":2,"featured_media":441822,"comment_status":"","ping_status":"","sticky":false,"template":"","format":"standard","meta":{"footnotes":""},"categories":[9635],"tags":[1111,11,56821,1687,15834,1777,674,1011,27,775,56820,873,1702,12,25],"class_list":{"0":"post-441821","1":"post","2":"type-post","3":"status-publish","4":"format-standard","5":"has-post-thumbnail","7":"category-nancy","8":"tag-actu","9":"tag-actualites","10":"tag-cc-orne-lorraine-confluences-54e2","11":"tag-culture-loisirs","12":"tag-edition-briey","13":"tag-eu","14":"tag-europe","15":"tag-fr","16":"tag-france","17":"tag-grand-est","18":"tag-jarny","19":"tag-musique","20":"tag-nancy","21":"tag-news","22":"tag-republique-francaise"},"share_on_mastodon":{"url":"https:\/\/pubeurope.com\/@fr\/115324453089897147","error":""},"_links":{"self":[{"href":"https:\/\/www.europesays.com\/fr\/wp-json\/wp\/v2\/posts\/441821","targetHints":{"allow":["GET"]}}],"collection":[{"href":"https:\/\/www.europesays.com\/fr\/wp-json\/wp\/v2\/posts"}],"about":[{"href":"https:\/\/www.europesays.com\/fr\/wp-json\/wp\/v2\/types\/post"}],"author":[{"embeddable":true,"href":"https:\/\/www.europesays.com\/fr\/wp-json\/wp\/v2\/users\/2"}],"replies":[{"embeddable":true,"href":"https:\/\/www.europesays.com\/fr\/wp-json\/wp\/v2\/comments?post=441821"}],"version-history":[{"count":0,"href":"https:\/\/www.europesays.com\/fr\/wp-json\/wp\/v2\/posts\/441821\/revisions"}],"wp:featuredmedia":[{"embeddable":true,"href":"https:\/\/www.europesays.com\/fr\/wp-json\/wp\/v2\/media\/441822"}],"wp:attachment":[{"href":"https:\/\/www.europesays.com\/fr\/wp-json\/wp\/v2\/media?parent=441821"}],"wp:term":[{"taxonomy":"category","embeddable":true,"href":"https:\/\/www.europesays.com\/fr\/wp-json\/wp\/v2\/categories?post=441821"},{"taxonomy":"post_tag","embeddable":true,"href":"https:\/\/www.europesays.com\/fr\/wp-json\/wp\/v2\/tags?post=441821"}],"curies":[{"name":"wp","href":"https:\/\/api.w.org\/{rel}","templated":true}]}}