{"id":441829,"date":"2025-10-06T00:49:12","date_gmt":"2025-10-06T00:49:12","guid":{"rendered":"https:\/\/www.europesays.com\/fr\/441829\/"},"modified":"2025-10-06T00:49:12","modified_gmt":"2025-10-06T00:49:12","slug":"previsions-du-lundi-6-octobre-2025-10","status":"publish","type":"post","link":"https:\/\/www.europesays.com\/fr\/441829\/","title":{"rendered":"pr\u00e9visions du lundi 6 octobre 2025"},"content":{"rendered":"<p class=\"mb-4 text-lg md:leading-8 break-words\"><strong>M\u00e9t\u00e9o &#8211; C&rsquo;est un soleil radieux qui va se montrer aujourd&rsquo;hui. Les temp\u00e9ratures seront de 16\u00b0C le matin et de 22\u00b0C l&rsquo;apr\u00e8s-midi&#8230;<\/strong><\/p>\n<p class=\"mb-4 text-lg md:leading-8 break-words\">C&rsquo;est une belle journ\u00e9e dont va profiter Montpellier, o\u00f9 le soleil va briller intens\u00e9ment. Les temp\u00e9ratures seront de 12\u00b0C au plus bas et de 23\u00b0C au maximum. Le matin, un vent de nord-ouest rafra\u00eechira l\u00e9g\u00e8rement l&rsquo;atmosph\u00e8re. Les temp\u00e9ratures vont enregistrer une augmentation de plusieurs degr\u00e9s lors de l&rsquo;apr\u00e8s-midi. Les valeurs afficheront entre 19\u00b0C et 23\u00b0C. Le ciel va s&rsquo;\u00e9claircir dans la soir\u00e9e. On passera de lundi \u00e0 mardi par une nuit claire.<\/p>\n<p class=\"mb-4 text-lg md:leading-8 break-words\">Demain, un grand soleil rayonnera sur Montpellier. Les temp\u00e9ratures s&rsquo;\u00e9chelonneront entre 13 et 22\u00b0C. Un vent de nord-est soufflera l\u00e9g\u00e8rement, avec 8 km\/h dans la matin\u00e9e. L&rsquo;air ambiant va se r\u00e9chauffer demain apr\u00e8s-midi avec une hausse de quelques degr\u00e9s. Les valeurs iront de 19 \u00e0 22\u00b0C. La ville profitera de quelques \u00e9claircies demain soir. Une l\u00e9g\u00e8re brise de nord-ouest soufflera.<\/p>\n<p class=\"mb-4 text-lg md:leading-8 break-words\">Les jours se suivent et ne changent pas. Comptez sur 18\u00b0C en moyenne qui accompagneront des journ\u00e9es ensoleill\u00e9es.<\/p>\n<p class=\"mb-4 text-lg md:leading-8 break-words\"><a href=\"https:\/\/www.20minutes.fr\/planete\/previsions-meteo\/4177254-20251006-meteo-montpellier-previsions-lundi-6-octobre-2025?at_medium=RSS%20feed&amp;at_campaign=ynews&amp;utm_source=yahoo&amp;utm_medium=rss&amp;utm_campaign=news_feed&amp;utm_content=read_more_link&quot;\" rel=\"nofollow noopener\" target=\"_blank\" data-ylk=\"slk:Lire la suite sur 20minutes;elm:context_link;itc:0;sec:content-canvas\" class=\"link \">Lire la suite sur 20minutes<\/a><\/p>\n","protected":false},"excerpt":{"rendered":"M\u00e9t\u00e9o &#8211; C&rsquo;est un soleil radieux qui va se montrer aujourd&rsquo;hui. Les temp\u00e9ratures seront de 16\u00b0C le matin&hellip;\n","protected":false},"author":2,"featured_media":441830,"comment_status":"","ping_status":"","sticky":false,"template":"","format":"standard","meta":{"footnotes":""},"categories":[9599],"tags":[1111,11,55604,1777,674,1011,27,44166,2487,2208,12,2680,25,56804],"class_list":{"0":"post-441829","1":"post","2":"type-post","3":"status-publish","4":"format-standard","5":"has-post-thumbnail","7":"category-montpellier","8":"tag-actu","9":"tag-actualites","10":"tag-cest-une-belle-journee","11":"tag-eu","12":"tag-europe","13":"tag-fr","14":"tag-france","15":"tag-le-matin","16":"tag-meteo","17":"tag-montpellier","18":"tag-news","19":"tag-occitanie","20":"tag-republique-francaise","21":"tag-soleil-radieux"},"share_on_mastodon":{"url":"https:\/\/pubeurope.com\/@fr\/115324476641470229","error":""},"_links":{"self":[{"href":"https:\/\/www.europesays.com\/fr\/wp-json\/wp\/v2\/posts\/441829","targetHints":{"allow":["GET"]}}],"collection":[{"href":"https:\/\/www.europesays.com\/fr\/wp-json\/wp\/v2\/posts"}],"about":[{"href":"https:\/\/www.europesays.com\/fr\/wp-json\/wp\/v2\/types\/post"}],"author":[{"embeddable":true,"href":"https:\/\/www.europesays.com\/fr\/wp-json\/wp\/v2\/users\/2"}],"replies":[{"embeddable":true,"href":"https:\/\/www.europesays.com\/fr\/wp-json\/wp\/v2\/comments?post=441829"}],"version-history":[{"count":0,"href":"https:\/\/www.europesays.com\/fr\/wp-json\/wp\/v2\/posts\/441829\/revisions"}],"wp:featuredmedia":[{"embeddable":true,"href":"https:\/\/www.europesays.com\/fr\/wp-json\/wp\/v2\/media\/441830"}],"wp:attachment":[{"href":"https:\/\/www.europesays.com\/fr\/wp-json\/wp\/v2\/media?parent=441829"}],"wp:term":[{"taxonomy":"category","embeddable":true,"href":"https:\/\/www.europesays.com\/fr\/wp-json\/wp\/v2\/categories?post=441829"},{"taxonomy":"post_tag","embeddable":true,"href":"https:\/\/www.europesays.com\/fr\/wp-json\/wp\/v2\/tags?post=441829"}],"curies":[{"name":"wp","href":"https:\/\/api.w.org\/{rel}","templated":true}]}}