{"id":441835,"date":"2025-10-06T00:53:29","date_gmt":"2025-10-06T00:53:29","guid":{"rendered":"https:\/\/www.europesays.com\/fr\/441835\/"},"modified":"2025-10-06T00:53:29","modified_gmt":"2025-10-06T00:53:29","slug":"l-ruffin-et-r-avrillier-ont-menti-aux-grenoblois","status":"publish","type":"post","link":"https:\/\/www.europesays.com\/fr\/441835\/","title":{"rendered":"L. RUFFIN ET R. AVRILLIER ONT MENTI AUX GRENOBLOIS"},"content":{"rendered":"<p>Posted On 5 octobre 2025 <\/p>\n<p class=\"has-text-align-justify\">\u00ab\u00a0Suite \u00e0 la publication du sondage r\u00e9alis\u00e9 par Cluster17, le collectif \u201cR\u00e9concilier Grenoble\u201d demande \u00e0 l\u2019ADES, qui l&rsquo;a financ\u00e9 de publier l\u2019int\u00e9gralit\u00e9 du sondage qui testait le second tour, les r\u00e9sultats de celui-ci n\u2019ayant pas \u00e9t\u00e9 rendus public.<\/p>\n<p class=\"has-text-align-justify\">\u00ab\u00a0Le collectif a saisi la commission nationale des sondages et l\u2019institut de sondage pour exiger cette transparence. La campagne municipale ne doit pas \u00eatre le cadre des <a href=\"https:\/\/grenoble-le-changement.fr\/2024\/07\/28\/affaires-e-piolle-e-martin-r-avrillier-et-anticor-aux-abonnes-absents\/\" rel=\"nofollow noopener\" target=\"_blank\">coups tordus habituels de l\u2019ADES,<\/a> groupuscule qui man\u0153uvre pour maintenir la <a href=\"https:\/\/grenoble-le-changement.fr\/2024\/07\/02\/grenoble-lextreme-gauche-veut-tout-le-pouvoir\/\" rel=\"nofollow noopener\" target=\"_blank\">coalition actuelle au pouvoir.<\/a>\u00a0\u00bb Dans un communiqu\u00e9 publi\u00e9 hier soir, Cl\u00e9ment Chappet, coordonnateur du collectif \u00ab\u00a0R\u00e9concilier Grenoble\u00a0\u00bb a lanc\u00e9 une grenade dans <a href=\"https:\/\/grenoble-le-changement.fr\/2025\/09\/28\/laurence-ruffin-le-piollisme-2-0-lance-sa-campagne-a-grenoble\/\" rel=\"nofollow noopener\" target=\"_blank\">le camp de la candidate Ruffin. <\/a><\/p>\n<p><a href=\"https:\/\/grenoble-le-changement.fr\/wp-content\/uploads\/2025\/10\/Capture-de\u0301cran-2025-10-04-a\u0300-22.33.33.png\" rel=\"lightbox[85215] nofollow noopener\" target=\"_blank\"><img decoding=\"async\" data-id=\"85222\" src=\"https:\/\/grenoble-le-changement.fr\/wp-content\/uploads\/2025\/10\/Capture-de\u0301cran-2025-10-04-a\u0300-22.33.33-770x1024.png\" alt=\"\" class=\"wp-image-85222 jetpack-lazy-image\" data-lazy-src=\"https:\/\/www.europesays.com\/fr\/wp-content\/uploads\/2025\/10\/Capture-de\u0301cran-2025-10-04-a\u0300-22.33.33-770x1024.png\" \/><\/a><\/p>\n<p><img decoding=\"async\" data-id=\"85216\" src=\"https:\/\/grenoble-le-changement.fr\/wp-content\/uploads\/2025\/10\/Ruffin-Peters-Belair-.png\" alt=\"\" class=\"wp-image-85216 jetpack-lazy-image\" data-lazy-src=\"https:\/\/www.europesays.com\/fr\/wp-content\/uploads\/2025\/10\/Ruffin-Peters-Belair-.png\" \/><br \/>\nCl\u00e9ment Chappet (R\u00e9concilier Grenoble) demande \u00e0 Laurence Ruffin ici entour\u00e9e des apparatchiks Isabelle Peters er Margot Belair, de \u00ab\u00a0renier ces m\u00e9thodes\u00a0\u00bb <\/p>\n<p><strong>LE TOTAL DES GAUCHES N&rsquo;EST PLUS MAJORITAIRE \u00c0 GRENOBLE<\/strong><\/p>\n<p style=\"text-align: justify;\">Le sondage que les Verts\/Ades de Raymond Avrillier ont financ\u00e9, de l&rsquo;ordre de 15 000 \u20ac, a \u00e9t\u00e9 remis au \u00ab\u00a0Dauphin\u00e9 lib\u00e9r\u00e9\u00a0\u00bb dans une pr\u00e9sentation<a href=\"https:\/\/grenoble-le-changement.fr\/2025\/10\/04\/sondage-a-carignon-peut-battre-l-ruffin\/\" rel=\"nofollow noopener\" target=\"_blank\"> tr\u00e8s favorable \u00e0 Laurence Ruffin<\/a>, alors que celle-ci, qui a sem\u00e9 la division dans son camp, est, au contraire tr\u00e8s menac\u00e9e. En effet pour la premi\u00e8re fois depuis tr\u00e8s longtemps, le total des gauches municipales (PS+Verts+PC+LFI+ Place Publique) test\u00e9s ensemble n&rsquo;est plus majoritaire \u00e0 Grenoble ! Aux \u00e9lections l\u00e9gislatives partielles de septembre, le candidat inconnu et parachut\u00e9 Lyes Louffok totalisait encore 51 % des voix dans la partie grenobloise de la circonscription, soutenu par LFI. La d\u00e9connexion du vote national et local semble un enseignement de ce sondage.\u00a0<\/p>\n<p style=\"text-align: justify;\"><strong>ILS N&rsquo;ONT PUBLI\u00c9 QUE LA MOITI\u00c9 DU SONDAGE !\u00a0<\/strong><\/p>\n<p style=\"text-align: justify;\"><a href=\"https:\/\/grenoble-le-changement.fr\/raymond-avrillier-le-tartuffe-rouge-verts-bouge-encore\/\" rel=\"nofollow noopener\" target=\"_blank\">Mais surtout Raymond Avrillier<\/a> et <a href=\"https:\/\/grenoble-le-changement.fr\/2025\/09\/07\/la-candidature-de-laurence-ruffin-dechire-la-majorite-municipale\/\" rel=\"nofollow noopener\" target=\"_blank\">Laurence Ruffin<\/a> ont trich\u00e9. Ils n&rsquo;ont publi\u00e9 que la moiti\u00e9 du sondage ! Cachant les r\u00e9sultats du second tour qu&rsquo;ils ont test\u00e9 aussi. Cl\u00e9ment Chappet d\u00e9nonce donc ce nouveau coup tordu des Verts\/Ades qui sont bien toujours \u00e0 la manoeuvre pour garder les places \u00e0 tout prix. Le coordonateur demande que \u00ab\u00a0la campagne \u00e9lectorale se d\u00e9roule \u00a0dans la clart\u00e9 et les Grenoblois ne doivent pas subir ces op\u00e9rations de communication successives qui faussent le d\u00e9bat et le scrutin.\u00a0\u00bb<\/p>\n<p style=\"text-align: justify;\"><strong>C. CHAPPET APPELLE L. RUFFIN A R\u00c9CUSER CES M\u00c9THODES<\/strong><\/p>\n<p style=\"text-align: justify;\">Le collectif appelle \u00ab\u00a0Laurence Ruffin \u00e0 r\u00e9cuser ces m\u00e9thodes, puisqu\u2019elle affirme vouloir en changer tout en se pr\u00e9sentant pourtant comme candidate d\u00e9sign\u00e9e par Eric Piolle. Jusque-l\u00e0, elle a d\u00e9montr\u00e9 qu\u2019elle ne reniait aucun des proc\u00e9d\u00e9s mis en place par le syst\u00e8me local pour se maintenir au pouvoir.\u00a0\u00bb<\/p>\n<p><a href=\"https:\/\/grenoble-le-changement.fr\/wp-content\/uploads\/2025\/10\/Avrillier-copie-2.jpeg\" rel=\"lightbox[85215] nofollow noopener\" target=\"_blank\"><img decoding=\"async\" data-id=\"85218\" src=\"https:\/\/grenoble-le-changement.fr\/wp-content\/uploads\/2025\/10\/Avrillier-copie-2.jpeg\" alt=\"\" class=\"wp-image-85218 jetpack-lazy-image\" data-lazy-src=\"https:\/\/www.europesays.com\/fr\/wp-content\/uploads\/2025\/10\/Avrillier-copie-2.jpeg\" \/><\/a><br \/>\nRaymond Avrillier, le \u00ab\u00a0parrain\u00a0\u00bb de la municipalit\u00e9, dont le groupe ADES est le plus important de la majorit\u00e9 e<a href=\"https:\/\/grenoble-le-changement.fr\/raymond-avrillier-le-tartuffe-rouge-verts-bouge-encore\/\" rel=\"nofollow noopener\" target=\"_blank\">st de tous les coups tordus, y compris avec la justice, depuis 55 ans &#8230;<\/a><\/p>\n<p><strong>DES MANOEUVRES POUR ALT\u00c9RER LA SINC\u00c9RIT\u00c9 DU SCRUTIN<\/strong><\/p>\n<p style=\"text-align: justify;\">Afin que le scrutin ne soit pas fauss\u00e9 par des manoeuvres qui vont alt\u00e9rer sa sinc\u00e9rit\u00e9, Cl\u00e9ment Chappet demande que l&rsquo;int\u00e9gralit\u00e9 des donn\u00e9es soient publi\u00e9es par le m\u00eame canal d&rsquo;information. Lequel a \u00e9t\u00e9 tromp\u00e9 lui aussi. Quelle va \u00eatre la r\u00e9action du \u00ab\u00a0Dauphin\u00e9\u00a0\u00bb qui a \u00e9t\u00e9 manipul\u00e9 ? Eve Moulinier avait en effet analys\u00e9 les \u00e9l\u00e9ments du sondage en sa possession, mais Raymond Avrillier et Laurence Ruffin ont demand\u00e9 \u00e0 Cluster 17 de ne pas d\u00e9voiler le second tour.\u00a0<\/p>\n<p style=\"text-align: justify;\"><strong>LA COMMISSION DOUTE DE LA QUALIT\u00c9 DES SONDAGES DE CLUSTER17<\/strong><\/p>\n<p style=\"text-align: justify;\">Rappelons que cet Institut a d\u00e9j\u00e0 \u00e9t\u00e9 mis en cause en 2022 \u00e0 propos d&rsquo;un sondage, la Commission Nationale des sondages ayant jug\u00e9 que \u00ab\u00a0les m\u00e9thodes de travail de Cluster 17 et la faiblesse des moyens mis en \u0153uvre font douter de la qualit\u00e9 des sondages produits.\u00a0\u00bb Alain Carignon a d&rsquo;ailleurs saisi la commission Nationale des sondages car, selon lui, \u00ab\u00a0La publication partielle des r\u00e9sultats d&rsquo;un sondage \u00e9lectoral est contraire \u00e0 l&rsquo;esprit et \u00e0 la lettre de la loi n\u00b0 77-808 du 19 juillet 1977.\u00a0\u00bb<\/p>\n<p style=\"text-align: justify;\"><strong>DES \u00ab\u00a0PROPOSITIONS POUR L&rsquo;AVENIR\u00a0\u00bb \u00c0 SE TORDRE DE RIRE<\/strong><\/p>\n<p style=\"text-align: justify;\">Dans le cas de celui command\u00e9 par Raymond Avrillier et <a href=\"https:\/\/grenoble-le-changement.fr\/2024\/11\/23\/laurence-ruffin-verts-lfi-petits-mensonges-et-gros-sabots\/\" rel=\"nofollow noopener\" target=\"_blank\">Laurence Ruffin,<\/a> les \u00ab\u00a0propositions pour l&rsquo;avenir\u00a0\u00bb sond\u00e9es sont \u00e0 ce tordre de rire ! La liste Ruffin demande aux grenoblois s&rsquo;ils approuvent la chronov\u00e9lo Berriat qui va permettre de rejoindre Fontaine, les \u00ab\u00a0100 places suppl\u00e9mentaires pour l&rsquo;h\u00e9bergement d&rsquo;urgence\u00a0\u00bb,\u00a0 la \u00ab\u00a0mise en place de r\u00e9f\u00e9rendums sur les questions municipales\u00a0\u00bb (!) , \u00ab\u00a0pi\u00e9tonniser devant les \u00e9coles\u00a0\u00bb, \u00ab\u00a0la gratuit\u00e9 des transports en communs pour les habitants de la M\u00e9tropole\u00a0\u00bb, \u00ab\u00a0d\u00e9velopper les autoroutes \u00e0 v\u00e9lo \u00e0 l&rsquo;\u00e9chelle de la M\u00e9tropole\u00a0\u00bb\u00a0 et aussi \u00ab\u00a0pi\u00e9tonniser les quais de l&rsquo;Is\u00e8re\u00a0\u00bb et \u00ab\u00a0atteindre 30 % de logements sociaux en 2025 ..\u00a0\u00bb\u00a0<\/p>\n<p><img decoding=\"async\" data-id=\"75415\" src=\"https:\/\/grenoble-le-changement.fr\/wp-content\/uploads\/2024\/08\/lac-villeneuve.png\" alt=\"\" class=\"wp-image-75415 jetpack-lazy-image\" data-lazy-src=\"https:\/\/www.europesays.com\/fr\/wp-content\/uploads\/2025\/10\/lac-villeneuve.png\" \/><br \/>\nLes habitants de Villeneuve ont r\u00e9clam\u00e9 de pouvoir voter sur le projet de lac Villeneuve. Mais Laurence Ruffin et Raymond Avrillier sondent les grenoblois pour savoir s&rsquo;ils sont \u00ab\u00a0pour la mise en place de r\u00e9f\u00e9rendums sur les questions municipales\u00a0\u00bb. Ils auraient pu \u00e9conomiser la question&#8230;<\/p>\n<p><strong>ON NE DEMANDE PAS SI LES GRENOBLOIS VEULENT 5000 HLM SUPPL\u00c9MENTAIRES<\/strong><\/p>\n<p style=\"text-align: justify;\">L&rsquo;objectif de ces questions est d&rsquo;atteindre des scores favorables \u00e0 la sovi\u00e9tique. Et c&rsquo;est \u00e0 peu pr\u00e8s le cas. Sauf sur la pi\u00e9tonnisation des quais qui rencontre une forte opposition et les HLM malgr\u00e9 la formulation trompeuse et le report \u00e0 2035 de l&rsquo;objectif ! Les opposants sont 46 % et encore on ne leur a pas pos\u00e9 la vraie question qu&rsquo;implique ces \u00ab\u00a030 % de logements sociaux\u00a0\u00bb : \u00ab\u00a0<a href=\"https:\/\/grenoble-le-changement.fr\/2025\/07\/29\/la-liste-ruffin-verts-lfi-annonce-5000-hlm-supplementaires-a-grenoble\/\" rel=\"nofollow noopener\" target=\"_blank\">voulez vous que Grenoble construise encore 5000 HLM ?\u00a0\u00bb.<\/a><\/p>\n<p style=\"text-align: justify;\"><strong>PAS DE QUESTIONS SUR LA S\u00c9CURIT\u00c9, LA PROPRET\u00c9, LE STATIONNEMENT, LE COMMERCE&#8230;<\/strong><\/p>\n<p style=\"text-align: justify;\">Mais pourquoi d\u00e9penser 15 000 \u20ac pour poser des questions dont on connait les r\u00e9ponses et n&rsquo;en poser <a href=\"https:\/\/grenoble-le-changement.fr\/2025\/10\/01\/insecurite-au-conseil-municipal-la-municipalite-refuse-toute-mesure\/\" rel=\"nofollow noopener\" target=\"_blank\">aucune sur la s\u00e9curit\u00e9,<\/a> la propret\u00e9, le stationnement, la vie commerciale ? Parce qu&rsquo;on les connait aussi? On comprend imm\u00e9diatement que la liste Ruffin veut continuer comme avant sur ces probl\u00e9matiques grenobloises : poursuivre la d\u00e9gradation. Ce qui explique l&rsquo;absence de Laurence Ruffin devant les habitants du quartier Notre Dame qui posaient des questions auxquelles l<a href=\"https:\/\/grenoble-le-changement.fr\/2025\/07\/22\/on-sest-inflige-la-lecture-du-blog-de-laurence-ruffin-pour-que-vous-nayez-pas-a-le-faire\/\" rel=\"nofollow noopener\" target=\"_blank\">a Marie-Chantal perch\u00e9e de Piolle ne veut pas r\u00e9pondre.<\/a><\/p>\n<p><a href=\"https:\/\/grenoble-le-changement.fr\/wp-content\/uploads\/2025\/10\/Ruffin-Deslattes-belair-bertrand-.jpg\" rel=\"lightbox[85215] nofollow noopener\" target=\"_blank\"><img decoding=\"async\" data-id=\"85220\" src=\"https:\/\/grenoble-le-changement.fr\/wp-content\/uploads\/2025\/10\/Ruffin-Deslattes-belair-bertrand-.jpg\" alt=\"\" class=\"wp-image-85220 jetpack-lazy-image\" data-lazy-src=\"https:\/\/www.europesays.com\/fr\/wp-content\/uploads\/2025\/10\/Ruffin-Deslattes-belair-bertrand-.jpg\" \/><\/a><br \/>\nOlivier Bertrand, Isabelle Peters, J\u00e9r\u00f4me Cucarollo, Vincent Fristot, Keira Capdepon, Antoine Back, Margot Belair, ne manque que Raymond  Avrillier pour que tout change afin que rien ne change <\/p>\n<p><strong>LE SONDAGE TRONQU\u00c9 : UNE NOUVELLE AFFAIRE <\/strong><\/p>\n<p style=\"text-align: justify;\">Mais la nouvelle affaire du sondage tronqu\u00e9, du mensonge aux grenoblois, s&rsquo;ajoute \u00e0 un lancement rat\u00e9 de Ruffin, <a href=\"https:\/\/grenoble-le-changement.fr\/2025\/10\/02\/guerre-fratricide-des-verts-lfi-la-foire-dempoigne-continue-a-grenoble\/\" rel=\"nofollow noopener\" target=\"_blank\">dans la division et les claquages<\/a> de portes. <a href=\"https:\/\/grenoble-le-changement.fr\/2025\/06\/29\/affaires-piolle-martin-transmises-un-an-apres-au-parquet-de-valence\/\" rel=\"nofollow noopener\" target=\"_blank\">L&rsquo;affaire Piolle\/Martin<\/a>, l&rsquo;affaire Piolle\/Lheureux <a href=\"https:\/\/grenoble-le-changement.fr\/2025\/09\/24\/une-nouvelle-affaire-financiere-explosive-pour-les-verts\/\" rel=\"nofollow noopener\" target=\"_blank\">r\u00e9v\u00e9l\u00e9e par M\u00e9diapart,<\/a> une nouvelle enqu\u00eate pr\u00e9liminaire ouverte autour du Palais des Sports avec des soup\u00e7ons de d\u00e9tournement de fonds publics devraient animer la saison.<\/p>\n<p style=\"text-align: justify;\"><strong>VA T-ELLE COUVRIR LES M\u00c9THODES DONT ELLE D\u00c9PEND ?<\/strong><\/p>\n<p style=\"text-align: justify;\">Laurence Ruffin va t-elle couvrir les Verts\/Ades et leurs m\u00e9thodes dont elle d\u00e9pend ? Ou va t-elle avoir la r\u00e9action d&rsquo;honneur qu&rsquo;exige une candidate en d\u00e9non\u00e7ant cette tromperie moralement et politiquement honteuse. Pour l&rsquo;instant, elle a \u00e9pous\u00e9 la continuit\u00e9 de celui qui l&rsquo;a d\u00e9sign\u00e9e. Elle pourrait finir comme Eric Piolle, un boulet \u00e0 Grenoble <a href=\"https:\/\/grenoble-le-changement.fr\/2025\/09\/18\/eric-piolle-soupconne-dun-montage-financier-suspendu-de-ses-fonctions-chez-les-verts\/\" rel=\"nofollow noopener\" target=\"_blank\">rejet\u00e9 \u00e0 Paris <\/a>par son parti. Mais, elle, avant d&rsquo;avoir commenc\u00e9.\u00a0<\/p>\n","protected":false},"excerpt":{"rendered":"Posted On 5 octobre 2025 \u00ab\u00a0Suite \u00e0 la publication du sondage r\u00e9alis\u00e9 par Cluster17, le collectif \u201cR\u00e9concilier Grenoble\u201d&hellip;\n","protected":false},"author":2,"featured_media":441836,"comment_status":"","ping_status":"","sticky":false,"template":"","format":"standard","meta":{"footnotes":""},"categories":[9566],"tags":[1111,11,10127,9601,10129,2430,14755,50685,10131,9607,1777,674,56822,1011,27,2731,15883,34393,10308,10136,10612,27723,10613,12,15454,10140,25,10850],"class_list":{"0":"post-441835","1":"post","2":"type-post","3":"status-publish","4":"format-standard","5":"has-post-thumbnail","7":"category-grenoble","8":"tag-actu","9":"tag-actualites","10":"tag-ades","11":"tag-alain-carignon","12":"tag-antoine-back","13":"tag-auvergne-rhone-alpes","14":"tag-clement-chappet","15":"tag-cluster-17","16":"tag-elisa-martin","17":"tag-eric-piolle","18":"tag-eu","19":"tag-europe","20":"tag-evxe-moulinier","21":"tag-fr","22":"tag-france","23":"tag-grenoble","24":"tag-isabelle-peters","25":"tag-jerome-cucarollo","26":"tag-keira-capdepon","27":"tag-laurence-ruffin","28":"tag-lucille-lheureux","29":"tag-lyes-louffok","30":"tag-margot-belair","31":"tag-news","32":"tag-olivier-bertrand","33":"tag-raymond-avrillier","34":"tag-republique-francaise","35":"tag-vincent-fristot"},"share_on_mastodon":{"url":"https:\/\/pubeurope.com\/@fr\/115324493085235814","error":""},"_links":{"self":[{"href":"https:\/\/www.europesays.com\/fr\/wp-json\/wp\/v2\/posts\/441835","targetHints":{"allow":["GET"]}}],"collection":[{"href":"https:\/\/www.europesays.com\/fr\/wp-json\/wp\/v2\/posts"}],"about":[{"href":"https:\/\/www.europesays.com\/fr\/wp-json\/wp\/v2\/types\/post"}],"author":[{"embeddable":true,"href":"https:\/\/www.europesays.com\/fr\/wp-json\/wp\/v2\/users\/2"}],"replies":[{"embeddable":true,"href":"https:\/\/www.europesays.com\/fr\/wp-json\/wp\/v2\/comments?post=441835"}],"version-history":[{"count":0,"href":"https:\/\/www.europesays.com\/fr\/wp-json\/wp\/v2\/posts\/441835\/revisions"}],"wp:featuredmedia":[{"embeddable":true,"href":"https:\/\/www.europesays.com\/fr\/wp-json\/wp\/v2\/media\/441836"}],"wp:attachment":[{"href":"https:\/\/www.europesays.com\/fr\/wp-json\/wp\/v2\/media?parent=441835"}],"wp:term":[{"taxonomy":"category","embeddable":true,"href":"https:\/\/www.europesays.com\/fr\/wp-json\/wp\/v2\/categories?post=441835"},{"taxonomy":"post_tag","embeddable":true,"href":"https:\/\/www.europesays.com\/fr\/wp-json\/wp\/v2\/tags?post=441835"}],"curies":[{"name":"wp","href":"https:\/\/api.w.org\/{rel}","templated":true}]}}