{"id":44184,"date":"2025-04-22T14:42:08","date_gmt":"2025-04-22T14:42:08","guid":{"rendered":"https:\/\/www.europesays.com\/fr\/44184\/"},"modified":"2025-04-22T14:42:08","modified_gmt":"2025-04-22T14:42:08","slug":"les-assaillants-visaient-des-surveillants-de-prison","status":"publish","type":"post","link":"https:\/\/www.europesays.com\/fr\/44184\/","title":{"rendered":"les assaillants visaient des surveillants de prison"},"content":{"rendered":"<p itemprop=\"description\"><strong>Ils visaient des surveillants de prison, ils se sont tromp\u00e9s de maisons.<\/strong><\/p>\n<p>La vague d\u2019attaques ciblant le personnel p\u00e9nitentiaire s\u2019\u00e9tend d\u00e9sormais aux portes de Lyon. Peu avant 3 heures du matin, ce lundi 21 avril, deux habitations ont \u00e9t\u00e9 la cible de tirs nourris et de cocktails Molotov \u00e0 Villefontaine, en Is\u00e8re. Ces maisons se trouvent dans un quartier r\u00e9sidentiel o\u00f9 vivent plusieurs agents de l\u2019administration p\u00e9nitentiaire affect\u00e9s \u00e0 Corbas ou Saint-Quentin-Fallavier.<\/p>\n<p>Sur une vid\u00e9o diffus\u00e9e sur les r\u00e9seaux sociaux, on aper\u00e7oit un homme cagoul\u00e9 tirer \u00e0 l\u2019arme automatique sur deux fa\u00e7ades, dont l\u2019une s\u2019embrase. Les auteurs ont publi\u00e9 des offres de \u00ab\u00a0prime\u00a0\u00bb pour toute adresse de surveillant ou cadre communiqu\u00e9e.<\/p>\n<p>Ces images sont accompagn\u00e9es d&rsquo;un texte encore plus inqui\u00e9tant :\u00a0\u00ab\u00a01000\u2009\u20ac \u00e0 la clef pour toute adresse de surveillant donn\u00e9e, 2000\u2009\u20ac pour chaque adresse : Chef ou Grad\u00e9, 5000\u2009\u20ac pour adresse directeur de prison. Et merci au personnel p\u00e9nitentiaire de vendre leurs coll\u00e8gues pour une poign\u00e9e de billets\u00a0\u00bb,\u00a0le tout sign\u00e9 \u00ab\u00a0DDPF\u00a0\u00bb, acronyme de \u201cD\u00e9fense des prisonniers fran\u00e7ais\u00a0\u00bb.<\/p>\n<p>Les enqu\u00eateurs ont cependant constat\u00e9 que les deux maisons vis\u00e9es n\u2019\u00e9taient pas habit\u00e9es par du personnel p\u00e9nitentiaire. L\u2019une est notamment occup\u00e9e par un couple de sexag\u00e9naires sans lien avec l\u2019administration.<\/p>\n<p>Le parquet national antiterroriste (PNAT) s\u2019est saisi de l\u2019enqu\u00eate, confi\u00e9e \u00e0 la Division de la criminalit\u00e9 organis\u00e9e et sp\u00e9cialis\u00e9e (DCOS) de Lyon. Les investigations sont ouvertes pour \u00ab\u00a0participation \u00e0 une association de malfaiteurs terroriste en vue de crime contre les personnes\u00a0\u00bb, \u00ab\u00a0tentative d\u2019assassinat sur personne d\u00e9positaire de l\u2019autorit\u00e9 publique\u00a0\u00bb et \u00ab\u00a0d\u00e9gradations en bande organis\u00e9e par moyen dangereux pour les personnes en relation avec une entreprise terroriste\u00a0\u00bb.\u00a0<\/p>\n<p>Sur place, les gendarmes et pompiers ont retrouv\u00e9 des douilles de 9 mm, des impacts de balle sur les volets, les vitres et les portes. Aucun bless\u00e9 n\u2019est \u00e0 d\u00e9plorer.<\/p>\n<blockquote class=\"twitter-tweet\"><p>&#13;<\/p>\n<p dir=\"ltr\" lang=\"en\"><a href=\"https:\/\/twitter.com\/hashtag\/France?src=hash&amp;ref_src=twsrc%5Etfw\" target=\"_blank\" rel=\"noopener\">#France<\/a> \ud83c\uddeb\ud83c\uddf7: Armed group \u00ab\u00a0Defense of the Rights of French Prisoners\u00a0\u00bb (<a href=\"https:\/\/twitter.com\/hashtag\/DDPF?src=hash&amp;ref_src=twsrc%5Etfw\" target=\"_blank\" rel=\"noopener\">#DDPF<\/a>) carried out an attack on the house of a prison officer in <a href=\"https:\/\/twitter.com\/hashtag\/Lyon?src=hash&amp;ref_src=twsrc%5Etfw\" target=\"_blank\" rel=\"noopener\">#Lyon<\/a>.<\/p>\n<p>The group offers bounties in exchange for addresses &amp; infos. The gunman seemingly used a French MAT-49 submachine gun during the attack. <a href=\"https:\/\/t.co\/etNSeTBJF4\">pic.twitter.com\/etNSeTBJF4<\/a><\/p>\n<p>&#13;<br \/>\n\u2014 War Noir (@war_noir) <a href=\"https:\/\/twitter.com\/war_noir\/status\/1914446983861035373?ref_src=twsrc%5Etfw\" target=\"_blank\" rel=\"noopener\">April 21, 2025<\/a><\/p><\/blockquote>\n<p>\t\t  <script async src=\"https:\/\/platform.twitter.com\/widgets.js\" charset=\"utf-8\"><\/script><\/p>\n","protected":false},"excerpt":{"rendered":"Ils visaient des surveillants de prison, ils se sont tromp\u00e9s de maisons. La vague d\u2019attaques ciblant le personnel&hellip;\n","protected":false},"author":2,"featured_media":44185,"comment_status":"","ping_status":"","sticky":false,"template":"","format":"standard","meta":{"footnotes":""},"categories":[4],"tags":[1111,11,2813,2190,1109,251,1112,2811,118,1011,27,1922,1110,1114,2428,2810,12,241,316,25,2812,517,800],"class_list":{"0":"post-44184","1":"post","2":"type-post","3":"status-publish","4":"format-standard","5":"has-post-thumbnail","7":"category-france","8":"tag-actu","9":"tag-actualites","10":"tag-article","11":"tag-asvel","12":"tag-breves","13":"tag-culture","14":"tag-depeches","15":"tag-economique","16":"tag-faits-divers","17":"tag-fr","18":"tag-france","19":"tag-info","20":"tag-informations","21":"tag-infos","22":"tag-lyon","23":"tag-lyonmag","24":"tag-news","25":"tag-ol","26":"tag-politique","27":"tag-republique-francaise","28":"tag-sociale","29":"tag-sport","30":"tag-transports"},"share_on_mastodon":{"url":"https:\/\/pubeurope.com\/@fr\/114382146460371928","error":""},"_links":{"self":[{"href":"https:\/\/www.europesays.com\/fr\/wp-json\/wp\/v2\/posts\/44184","targetHints":{"allow":["GET"]}}],"collection":[{"href":"https:\/\/www.europesays.com\/fr\/wp-json\/wp\/v2\/posts"}],"about":[{"href":"https:\/\/www.europesays.com\/fr\/wp-json\/wp\/v2\/types\/post"}],"author":[{"embeddable":true,"href":"https:\/\/www.europesays.com\/fr\/wp-json\/wp\/v2\/users\/2"}],"replies":[{"embeddable":true,"href":"https:\/\/www.europesays.com\/fr\/wp-json\/wp\/v2\/comments?post=44184"}],"version-history":[{"count":0,"href":"https:\/\/www.europesays.com\/fr\/wp-json\/wp\/v2\/posts\/44184\/revisions"}],"wp:featuredmedia":[{"embeddable":true,"href":"https:\/\/www.europesays.com\/fr\/wp-json\/wp\/v2\/media\/44185"}],"wp:attachment":[{"href":"https:\/\/www.europesays.com\/fr\/wp-json\/wp\/v2\/media?parent=44184"}],"wp:term":[{"taxonomy":"category","embeddable":true,"href":"https:\/\/www.europesays.com\/fr\/wp-json\/wp\/v2\/categories?post=44184"},{"taxonomy":"post_tag","embeddable":true,"href":"https:\/\/www.europesays.com\/fr\/wp-json\/wp\/v2\/tags?post=44184"}],"curies":[{"name":"wp","href":"https:\/\/api.w.org\/{rel}","templated":true}]}}