{"id":441847,"date":"2025-10-06T01:05:12","date_gmt":"2025-10-06T01:05:12","guid":{"rendered":"https:\/\/www.europesays.com\/fr\/441847\/"},"modified":"2025-10-06T01:05:12","modified_gmt":"2025-10-06T01:05:12","slug":"la-billetterie-ouvrira-mercredi-on-connait-les-dates-du-prochain-rose-festival-a-toulouse","status":"publish","type":"post","link":"https:\/\/www.europesays.com\/fr\/441847\/","title":{"rendered":"\u00ab\u00a0La billetterie ouvrira mercredi\u00a0\u00bb\u00a0: on conna\u00eet les dates du prochain Rose festival \u00e0 Toulouse\u2026"},"content":{"rendered":"<p>\n                                                                    l&rsquo;essentiel<br \/>\n                                                                Le Rose Festival, cher \u00e0 Bigflo\u00a0&amp; Oli, reviendra fin ao\u00fbt\u00a02026 \u00e0 Toulouse, un jour plus t\u00f4t que la pr\u00e9c\u00e9dente \u00e9dition. Les premi\u00e8res places seront mises en vente mercredi prochain.\n                            <\/p>\n<p>Les fans du <a href=\"https:\/\/rosefestival.fr\/\" target=\"_blank\" rel=\"nofollow noopener\">Rose Festival<\/a> n\u2019ont plus longtemps \u00e0 attendre pour d\u00e9crocher le pr\u00e9cieux s\u00e9same qui leur donnera acc\u00e8s \u00e0 la 5e \u00e9dition de l\u2019\u00e9v\u00e9nement musical toulousain.<\/p>\n<p>\u00ab\u00a0\u00c0 partir du mercredi 8\u00a0octobre, nous ouvrirons la billetterie avec des pass early \u00e0 prix r\u00e9duits pour faire plaisir aux fid\u00e8les du festival\u00a0\u00bb, annonce Samuel Capus, directeur associ\u00e9 de Bleu Citron et fondateur associ\u00e9 du Rose Festival avec La D\u00e9p\u00eache du Midi. Rendez-vous donc sur le site du festival pour \u00eatre s\u00fbr de b\u00e9n\u00e9ficier\u00a0du meilleur tarif et de son entr\u00e9e au Rose, fin ao\u00fbt.<\/p>\n<p>Jeudi au lieu de dimanche<\/p>\n<p>La 5e \u00e9dition se d\u00e9roulera toujours sur trois jours le dernier week-end du mois d\u2019ao\u00fbt mais un jour plus t\u00f4t. Le festival d\u00e9butera jeudi 27\u00a0ao\u00fbt pour se terminer samedi 29\u00a0ao\u00fbt 2026. La soir\u00e9e dominicale n\u2019aura donc pas lieu. \u00ab\u00a0C\u2019est un essai\u00a0\u00bb, ajoute Samuel Capus. \u00ab\u00a0On a d\u00e9j\u00e0 failli le faire l\u2019an dernier mais pour des raisons de planning de certains artistes, on a d\u00fb renoncer. Cela \u00e9vitera de terminer la veille de la rentr\u00e9e scolaire ce qui \u00e9tait un probl\u00e8me pour pas mal de monde\u00a0\u00bb.<\/p>\n<p>L\u2019an dernier, le Rose Festival a battu son record de fr\u00e9quentation avec 115\u00a0000 entr\u00e9es. Les organisateurs comptent bien \u00e9voluer sur cette lanc\u00e9e avec une programmation appr\u00e9ci\u00e9e des jeunes. \u00ab\u00a0On a bien envie d\u2019avoir un artiste international mais on ne sait pas encore qui\u2026\u00a0\u00bb, esp\u00e8re Samuel Capus. \u00ab\u00a0Nous attendons les sorties d\u2019album pour faire notre choix. Ensuite, nous voulons garder un \u00e9quilibre dans la programmation car on entend parfois que c\u2019est un festival de rap alors qu\u2019il y a diff\u00e9rents styles de musique. Ce qu\u2019on peut dire aussi, c\u2019est que le Rose reviendra au MEETT\u00a0\u00bb.<\/p>\n<p>Rose Festival du 27 au 29\u00a0ao\u00fbt 2026 au MEETT.\u00a0rosefestival.fr<\/p>\n","protected":false},"excerpt":{"rendered":"l&rsquo;essentiel Le Rose Festival, cher \u00e0 Bigflo\u00a0&amp; Oli, reviendra fin ao\u00fbt\u00a02026 \u00e0 Toulouse, un jour plus t\u00f4t que&hellip;\n","protected":false},"author":2,"featured_media":441848,"comment_status":"","ping_status":"","sticky":false,"template":"","format":"standard","meta":{"footnotes":""},"categories":[2816],"tags":[1111,11,1777,674,1011,27,12,2680,25,2312],"class_list":{"0":"post-441847","1":"post","2":"type-post","3":"status-publish","4":"format-standard","5":"has-post-thumbnail","7":"category-toulouse","8":"tag-actu","9":"tag-actualites","10":"tag-eu","11":"tag-europe","12":"tag-fr","13":"tag-france","14":"tag-news","15":"tag-occitanie","16":"tag-republique-francaise","17":"tag-toulouse"},"share_on_mastodon":{"url":"https:\/\/pubeurope.com\/@fr\/115324539575230864","error":""},"_links":{"self":[{"href":"https:\/\/www.europesays.com\/fr\/wp-json\/wp\/v2\/posts\/441847","targetHints":{"allow":["GET"]}}],"collection":[{"href":"https:\/\/www.europesays.com\/fr\/wp-json\/wp\/v2\/posts"}],"about":[{"href":"https:\/\/www.europesays.com\/fr\/wp-json\/wp\/v2\/types\/post"}],"author":[{"embeddable":true,"href":"https:\/\/www.europesays.com\/fr\/wp-json\/wp\/v2\/users\/2"}],"replies":[{"embeddable":true,"href":"https:\/\/www.europesays.com\/fr\/wp-json\/wp\/v2\/comments?post=441847"}],"version-history":[{"count":0,"href":"https:\/\/www.europesays.com\/fr\/wp-json\/wp\/v2\/posts\/441847\/revisions"}],"wp:featuredmedia":[{"embeddable":true,"href":"https:\/\/www.europesays.com\/fr\/wp-json\/wp\/v2\/media\/441848"}],"wp:attachment":[{"href":"https:\/\/www.europesays.com\/fr\/wp-json\/wp\/v2\/media?parent=441847"}],"wp:term":[{"taxonomy":"category","embeddable":true,"href":"https:\/\/www.europesays.com\/fr\/wp-json\/wp\/v2\/categories?post=441847"},{"taxonomy":"post_tag","embeddable":true,"href":"https:\/\/www.europesays.com\/fr\/wp-json\/wp\/v2\/tags?post=441847"}],"curies":[{"name":"wp","href":"https:\/\/api.w.org\/{rel}","templated":true}]}}