{"id":441849,"date":"2025-10-06T01:06:11","date_gmt":"2025-10-06T01:06:11","guid":{"rendered":"https:\/\/www.europesays.com\/fr\/441849\/"},"modified":"2025-10-06T01:06:11","modified_gmt":"2025-10-06T01:06:11","slug":"le-finish-de-fou-de-bayonne-a-raison-de-toulouse","status":"publish","type":"post","link":"https:\/\/www.europesays.com\/fr\/441849\/","title":{"rendered":"le finish de fou de Bayonne a raison de Toulouse"},"content":{"rendered":"<p><strong>Bayonne\u00a0&#8211; Toulouse\u00a0: 40-26<\/strong><\/p>\n<p>Et Jean-Dauger a chavir\u00e9, encore une fois, mais davantage que lors des 14 derni\u00e8res victoires cons\u00e9cutives des hommes de Gr\u00e9gory Patat. Car en face, dimanche, c\u2019\u00e9tait Toulouse, qui l\u2019avait battu en demi-finale du dernier exercice (32-25), car c\u2019\u00e9tait hors p\u00e9riode de doublon, calendrier qui a fait jaser plus d\u2019une fois les Haut-garonnais ces derni\u00e8res saisons.<\/p>\n<p>\u00c0 vingt minutes du terme, Toulouse a bien r\u00e9colt\u00e9 les fruits de son labeur quand il a pris la t\u00eate au score mais la furia locale a eu raison du champion de France, assomm\u00e9 en dix minutes alors qu\u2019on croyait l\u2019Aviron sans solution.<\/p>\n<p>Ce choc a tenu toutes ses promesses. Vivant, ind\u00e9cis (16-16 \u00e0 la pause) avec des Toulousains qui ont men\u00e9 l\u2019espace de deux minutes apr\u00e8s l\u2019essai acrobatique de Mathis Lebel sur une passe au pied de Romain Ntamack (12e) avant de faire la course pour revenir au score \u00e0 la pause.<\/p>\n<p>Toulouse touche trois fois du bois<\/p>\n<p>Car les Bayonnais, sur la dynamique domestique (14 victoires de rang \u00e0 Jean-Dauger) ont jou\u00e9 les yeux dans les yeux avec les champions de France. La botte de Joris Segonds a \u00e9t\u00e9 une nouvelle fois clinique et sur l\u2019un des rares temps forts des hommes de Gr\u00e9gory Patat au premier acte, le capitaine Arthur Iturria a montr\u00e9 l\u2019exemple en marquant en force deux minutes \u00e0 peine apr\u00e8s l\u2019essai de Lebel (10-5).<\/p>\n<p>Dans un match o\u00f9 l\u2019indiscipline a aussi fait son \u0153uvre (cinq p\u00e9nalit\u00e9s tent\u00e9es et r\u00e9ussies \u00e0 la pause), la touche toulousaine a sombr\u00e9 (cinq ballons perdus ou vol\u00e9es) et Romain Ntamack a laiss\u00e9 filer quatre points au pied en touchant par deux fois les poteaux sur transformation, la deuxi\u00e8me suite \u00e0 l\u2019essai de son fr\u00e8re Th\u00e9o, auteur d\u2019une course oblique en r\u00e9sistant \u00e0 deux plaquages (28e).<\/p>\n<p>Un carton jaune qui aurait pu co\u00fbter cher \u00e0 Bayonne<\/p>\n<p>Le carton jaune re\u00e7u par Manu Tuilagi (34e), qui a fait gronder le peuple basque, aura finalement co\u00fbt\u00e9 neuf points aux Basques (trois p\u00e9nalit\u00e9s de l\u2019a\u00een\u00e9 des Ntamack) mais pas \u00e9teint les ambitions locales.<\/p>\n<p>Sur une rare incursion dans les 22 m\u00e8tres des Rouge et Noir n\u00e9e d\u2019un renvoi d\u2019en-but, Tuilagi a r\u00e9cup\u00e9r\u00e9 un ballon, a servi Esteban Capilla qui a cadr\u00e9 George-Henri Colombe, appel\u00e9 de derni\u00e8re heure sur le banc, avant de servir Baptiste Germain pour l\u2019essai qu\u2019il n\u2019a pas c\u00e9l\u00e9br\u00e9 face \u00e0 son ancien club (21-19, 52e).<\/p>\n<p>Ce court avantage a dur\u00e9 une dizaine de minutes, le temps que la touche de l\u2019Aviron vacille et donne de belles munitions aux hommes d\u2019Ugo Mola et notamment \u00e0 Colombe, qui se rachetait en ouvrant son compteur points pour ses premi\u00e8res minutes avec Toulouse (21-26, 61e).<\/p>\n<p>Festival en fin de match<\/p>\n<p>Le coup \u00e9tait rude pour Segonds et ses co\u00e9quipiers, mais pas d\u00e9finitif apr\u00e8s la p\u00e9nalit\u00e9 de Thomas Ramos sur le poteau (66e). L\u2019invincibilit\u00e9 comme moteur, ils sont repartis de plus belle et Capilla a r\u00e9compens\u00e9 une perc\u00e9e d\u2019Arnaud Erbinartegaray (70e), avant que Cheick Tiberghien en solo ne pose la derni\u00e8re pierre d\u2019un succ\u00e8s plus que fondateur.<\/p>\n<p><strong>Mi-temps\u00a0:<\/strong> 16-16.<br \/><strong>Bayonne\u00a0:<\/strong> 5E Iturria (14e), Germain (52e), Capilla (70e), Tiberghien (74e), Spring (80e)\u00a0; 3T Segonds (14e, 70e, 74e)\u00a0; 3P Segonds (10e, 22e, 31e).<br \/><strong>Toulouse\u00a0:<\/strong> 3E\u00a0Lebel (12e), T.\u00a0Ntamack (28e), Colombe (61e)\u00a0; 1T\u00a0Ramos (61e)\u00a0; 3P R. Ntamack (35e, 40e, 44e).<br \/><strong>Carton jaune :<\/strong> \u00e0 Bayonne, Tuilagi (34e).<\/p>\n","protected":false},"excerpt":{"rendered":"Bayonne\u00a0&#8211; Toulouse\u00a0: 40-26 Et Jean-Dauger a chavir\u00e9, encore une fois, mais davantage que lors des 14 derni\u00e8res victoires&hellip;\n","protected":false},"author":2,"featured_media":441850,"comment_status":"","ping_status":"","sticky":false,"template":"","format":"standard","meta":{"footnotes":""},"categories":[2816],"tags":[1111,11,1777,674,1011,27,12,2680,25,479,60,478,2312],"class_list":{"0":"post-441849","1":"post","2":"type-post","3":"status-publish","4":"format-standard","5":"has-post-thumbnail","7":"category-toulouse","8":"tag-actu","9":"tag-actualites","10":"tag-eu","11":"tag-europe","12":"tag-fr","13":"tag-france","14":"tag-news","15":"tag-occitanie","16":"tag-republique-francaise","17":"tag-rugby","18":"tag-sports","19":"tag-top-14","20":"tag-toulouse"},"share_on_mastodon":{"url":"https:\/\/pubeurope.com\/@fr\/115324543514302447","error":""},"_links":{"self":[{"href":"https:\/\/www.europesays.com\/fr\/wp-json\/wp\/v2\/posts\/441849","targetHints":{"allow":["GET"]}}],"collection":[{"href":"https:\/\/www.europesays.com\/fr\/wp-json\/wp\/v2\/posts"}],"about":[{"href":"https:\/\/www.europesays.com\/fr\/wp-json\/wp\/v2\/types\/post"}],"author":[{"embeddable":true,"href":"https:\/\/www.europesays.com\/fr\/wp-json\/wp\/v2\/users\/2"}],"replies":[{"embeddable":true,"href":"https:\/\/www.europesays.com\/fr\/wp-json\/wp\/v2\/comments?post=441849"}],"version-history":[{"count":0,"href":"https:\/\/www.europesays.com\/fr\/wp-json\/wp\/v2\/posts\/441849\/revisions"}],"wp:featuredmedia":[{"embeddable":true,"href":"https:\/\/www.europesays.com\/fr\/wp-json\/wp\/v2\/media\/441850"}],"wp:attachment":[{"href":"https:\/\/www.europesays.com\/fr\/wp-json\/wp\/v2\/media?parent=441849"}],"wp:term":[{"taxonomy":"category","embeddable":true,"href":"https:\/\/www.europesays.com\/fr\/wp-json\/wp\/v2\/categories?post=441849"},{"taxonomy":"post_tag","embeddable":true,"href":"https:\/\/www.europesays.com\/fr\/wp-json\/wp\/v2\/tags?post=441849"}],"curies":[{"name":"wp","href":"https:\/\/api.w.org\/{rel}","templated":true}]}}