{"id":441853,"date":"2025-10-06T01:09:24","date_gmt":"2025-10-06T01:09:24","guid":{"rendered":"https:\/\/www.europesays.com\/fr\/441853\/"},"modified":"2025-10-06T01:09:24","modified_gmt":"2025-10-06T01:09:24","slug":"une-ecole-maternelle-de-marseille-evacuee-en-urgence-apres-un-debut-dincendie-2","status":"publish","type":"post","link":"https:\/\/www.europesays.com\/fr\/441853\/","title":{"rendered":"Une \u00e9cole maternelle de Marseille \u00e9vacu\u00e9e en urgence apr\u00e8s un d\u00e9but d\u2019incendie"},"content":{"rendered":"<p>Une \u00e9cole maternelle du 12e arrondissement de Marseille (Bouches-du-Rh\u00f4ne) a \u00e9t\u00e9 \u00e9vacu\u00e9e mardi 30\u00a0septembre 2025 en fin de matin\u00e9e. <a href=\"https:\/\/www.francebleu.fr\/infos\/faits-divers-justice\/une-centaine-d-eleves-de-la-maternelle-la-fourragere-a-marseille-mis-a-l-abri-apres-un-depart-de-feu-9482383\" target=\"_blank\" rel=\"nofollow noopener\">Comme le relate ici Provence <\/a>, un\u00a0incendie d\u2019origine \u00e9lectrique\u00a0s\u2019est d\u00e9clar\u00e9 dans une salle de repos des enseignants. Alert\u00e9s, les secours se sont aussit\u00f4t rendus sur place pour \u00e9teindre le d\u00e9part de feu.<\/p>\n<p>Au total, 40\u00a0soldats du feu et 14\u00a0engins ont \u00e9t\u00e9 mobilis\u00e9s.\u00a0Par pr\u00e9caution, les 128\u00a0\u00e9l\u00e8ves de maternelle et l\u2019ensemble du\u00a0personnel ont \u00e9t\u00e9 mis \u00e0 l\u2019abri\u00a0dans la cour de l\u2019\u00e9tablissement le temps de l\u2019intervention des pompiers. Le feu a \u00e9t\u00e9 d\u00e9clar\u00e9 <strong>\u00ab\u00a0\u00e9teint \u00bb<\/strong> vers 12\u00a0h\u00a030, selon les marins-pompiers de Marseille, cit\u00e9s <a href=\"https:\/\/actu.fr\/provence-alpes-cote-d-azur\/marseille_13055\/marseille-un-violent-incendie-se-declare-dans-cette-ecole-les-eleves-evacues-d-urgence_63233236.html\" target=\"_blank\" rel=\"nofollow noopener\">par Actu Marseille <\/a>.<\/p>\n<p>Pas de classe l\u2019apr\u00e8s-midi<\/p>\n<p>Gr\u00e2ce \u00e0 l\u2019intervention rapide des pompiers, personne n\u2019a \u00e9t\u00e9 bless\u00e9 et <strong>\u00ab\u00a0l\u2019\u00e9cole a \u00e9t\u00e9 s\u00e9curis\u00e9e\u00a0\u00bb<\/strong>, se r\u00e9jouit la Ville de Marseille. Le marie Beno\u00eet Payan s\u2019est d\u2019ailleurs rendu sur place imm\u00e9diatement apr\u00e8s avoir \u00e9t\u00e9 averti du sinistre. L\u2019\u00e9lectricit\u00e9 ayant \u00e9t\u00e9 coup\u00e9e dans l\u2019\u00e9cole, les \u00e9l\u00e8ves n\u2019ont pas eu de classe dans l\u2019apr\u00e8s-midi de mardi.<\/p>\n<p>Les parents ont \u00e9t\u00e9 inform\u00e9s et ceux qui le pouvaient sont venus r\u00e9cup\u00e9rer leurs enfants. Les autres \u00e9l\u00e8ves ont \u00e9t\u00e9 pris en charge par les enseignants et des activit\u00e9s ont \u00e9t\u00e9 organis\u00e9es, <a href=\"https:\/\/www.laprovence.com\/article\/faits-divers-justice\/87981996441585\/evacuation-d-une-centaine-d-eleves-apres-un-debut-d-incendie-a-l-ecole-de-la-fourragere-a-marseille\" target=\"_blank\" rel=\"nofollow noopener\">souligne La Provence <\/a>.<\/p>\n<p>\u00a0<\/p>\n","protected":false},"excerpt":{"rendered":"Une \u00e9cole maternelle du 12e arrondissement de Marseille (Bouches-du-Rh\u00f4ne) a \u00e9t\u00e9 \u00e9vacu\u00e9e mardi 30\u00a0septembre 2025 en fin de&hellip;\n","protected":false},"author":2,"featured_media":432306,"comment_status":"","ping_status":"","sticky":false,"template":"","format":"standard","meta":{"footnotes":""},"categories":[2814],"tags":[1111,11,1869,1122,1777,674,15542,1011,27,1310,884,5758,12,882,25,12326,3083],"class_list":{"0":"post-441853","1":"post","2":"type-post","3":"status-publish","4":"format-standard","5":"has-post-thumbnail","7":"category-marseille","8":"tag-actu","9":"tag-actualites","10":"tag-debut","11":"tag-ecole","12":"tag-eu","13":"tag-europe","14":"tag-evacuee","15":"tag-fr","16":"tag-france","17":"tag-incendie","18":"tag-marseille","19":"tag-maternelle","20":"tag-news","21":"tag-provence-alpes-cote-dazur","22":"tag-republique-francaise","23":"tag-seyne","24":"tag-urgence"},"share_on_mastodon":{"url":"https:\/\/pubeurope.com\/@fr\/115324555362789853","error":""},"_links":{"self":[{"href":"https:\/\/www.europesays.com\/fr\/wp-json\/wp\/v2\/posts\/441853","targetHints":{"allow":["GET"]}}],"collection":[{"href":"https:\/\/www.europesays.com\/fr\/wp-json\/wp\/v2\/posts"}],"about":[{"href":"https:\/\/www.europesays.com\/fr\/wp-json\/wp\/v2\/types\/post"}],"author":[{"embeddable":true,"href":"https:\/\/www.europesays.com\/fr\/wp-json\/wp\/v2\/users\/2"}],"replies":[{"embeddable":true,"href":"https:\/\/www.europesays.com\/fr\/wp-json\/wp\/v2\/comments?post=441853"}],"version-history":[{"count":0,"href":"https:\/\/www.europesays.com\/fr\/wp-json\/wp\/v2\/posts\/441853\/revisions"}],"wp:featuredmedia":[{"embeddable":true,"href":"https:\/\/www.europesays.com\/fr\/wp-json\/wp\/v2\/media\/432306"}],"wp:attachment":[{"href":"https:\/\/www.europesays.com\/fr\/wp-json\/wp\/v2\/media?parent=441853"}],"wp:term":[{"taxonomy":"category","embeddable":true,"href":"https:\/\/www.europesays.com\/fr\/wp-json\/wp\/v2\/categories?post=441853"},{"taxonomy":"post_tag","embeddable":true,"href":"https:\/\/www.europesays.com\/fr\/wp-json\/wp\/v2\/tags?post=441853"}],"curies":[{"name":"wp","href":"https:\/\/api.w.org\/{rel}","templated":true}]}}