{"id":441856,"date":"2025-10-06T01:11:10","date_gmt":"2025-10-06T01:11:10","guid":{"rendered":"https:\/\/www.europesays.com\/fr\/441856\/"},"modified":"2025-10-06T01:11:10","modified_gmt":"2025-10-06T01:11:10","slug":"atelier-cuisine-coreenne-chez-in-cuisine","status":"publish","type":"post","link":"https:\/\/www.europesays.com\/fr\/441856\/","title":{"rendered":"Atelier cuisine cor\u00e9enne chez IN CUISINE"},"content":{"rendered":"<p>La cuisine cor\u00e9enne avec une cuisini\u00e8re cor\u00e9enne.<br \/>D\u00e9paysement assur\u00e9 et saveurs \u00e0 d\u00e9couvrir en cette rentr\u00e9e.<\/p>\n<p>*\uae40\ubc25 Kimbap rouleau de riz entour\u00e9 d\u2019algue, garni de concombre, radis, carotte, surimi, omelette<br \/>*\ub5a1\ubcf6\uc774 Tteokbokki<br \/>P\u00e2te de riz (g\u00e2teaux de riz) avec son g\u00e2teau de poisson dans sa sauce piment\u00e9e<br \/>*\uad81\uc911\ub5a1\ubcf6\uc774 Tteokbokki Royal<br \/>P\u00e2te de riz ((g\u00e2teaux de riz ) avec de la viande de boeuf dans sa sauce soja<br \/>*\ud574\ubb3c\ud30c\uc804 Haemul pajeon<br \/>Cr\u00eape cor\u00e9enne \u00e0 la ciboulettes et aux fruits de mer<\/p>\n<p><strong>Vous embarquez pour ce voyage aux notes asiatiques ? On y va ! Avec notre cuisini\u00e8re cor\u00e9enne\u2026<\/strong><\/p>\n<p>Tarif Standard adulte 60,00 \u20ac<br \/>Formule duo : venez avec la personne de votre choix ! 110,00 \u20ac<\/p>\n<p><a rel=\"noreferrer noopener nofollow\" href=\"http:\/\/www.incuisine.fr\/\" target=\"_blank\">In Cuisine\u00a0<\/a>1 Place Bellecour, 69002 Lyon<\/p>\n","protected":false},"excerpt":{"rendered":"La cuisine cor\u00e9enne avec une cuisini\u00e8re cor\u00e9enne.D\u00e9paysement assur\u00e9 et saveurs \u00e0 d\u00e9couvrir en cette rentr\u00e9e. *\uae40\ubc25 Kimbap rouleau&hellip;\n","protected":false},"author":2,"featured_media":441857,"comment_status":"","ping_status":"","sticky":false,"template":"","format":"standard","meta":{"footnotes":""},"categories":[1889],"tags":[1111,11,2430,1777,674,1011,27,2428,12,25],"class_list":{"0":"post-441856","1":"post","2":"type-post","3":"status-publish","4":"format-standard","5":"has-post-thumbnail","7":"category-lyon","8":"tag-actu","9":"tag-actualites","10":"tag-auvergne-rhone-alpes","11":"tag-eu","12":"tag-europe","13":"tag-fr","14":"tag-france","15":"tag-lyon","16":"tag-news","17":"tag-republique-francaise"},"share_on_mastodon":{"url":"https:\/\/pubeurope.com\/@fr\/115324563180250344","error":""},"_links":{"self":[{"href":"https:\/\/www.europesays.com\/fr\/wp-json\/wp\/v2\/posts\/441856","targetHints":{"allow":["GET"]}}],"collection":[{"href":"https:\/\/www.europesays.com\/fr\/wp-json\/wp\/v2\/posts"}],"about":[{"href":"https:\/\/www.europesays.com\/fr\/wp-json\/wp\/v2\/types\/post"}],"author":[{"embeddable":true,"href":"https:\/\/www.europesays.com\/fr\/wp-json\/wp\/v2\/users\/2"}],"replies":[{"embeddable":true,"href":"https:\/\/www.europesays.com\/fr\/wp-json\/wp\/v2\/comments?post=441856"}],"version-history":[{"count":0,"href":"https:\/\/www.europesays.com\/fr\/wp-json\/wp\/v2\/posts\/441856\/revisions"}],"wp:featuredmedia":[{"embeddable":true,"href":"https:\/\/www.europesays.com\/fr\/wp-json\/wp\/v2\/media\/441857"}],"wp:attachment":[{"href":"https:\/\/www.europesays.com\/fr\/wp-json\/wp\/v2\/media?parent=441856"}],"wp:term":[{"taxonomy":"category","embeddable":true,"href":"https:\/\/www.europesays.com\/fr\/wp-json\/wp\/v2\/categories?post=441856"},{"taxonomy":"post_tag","embeddable":true,"href":"https:\/\/www.europesays.com\/fr\/wp-json\/wp\/v2\/tags?post=441856"}],"curies":[{"name":"wp","href":"https:\/\/api.w.org\/{rel}","templated":true}]}}