{"id":441860,"date":"2025-10-06T01:14:25","date_gmt":"2025-10-06T01:14:25","guid":{"rendered":"https:\/\/www.europesays.com\/fr\/441860\/"},"modified":"2025-10-06T01:14:25","modified_gmt":"2025-10-06T01:14:25","slug":"la-seine-en-folie-region-ile-de-france","status":"publish","type":"post","link":"https:\/\/www.europesays.com\/fr\/441860\/","title":{"rendered":"La Seine en folie | R\u00e9gion \u00cele-de-France"},"content":{"rendered":"<p>                  <img fetchpriority=\"high\" decoding=\"async\" loading=\"eager\" width=\"700\" height=\"929\" src=\"https:\/\/www.europesays.com\/fr\/wp-content\/uploads\/2025\/10\/laseineenfolie_aff.jpg.webp\" alt=\"\"\/><\/p>\n<p>                    <strong>Cr\u00e9dit photo :<\/strong><br \/>\n                    \u00a9 La Seine en folie<\/p>\n<p>Organis\u00e9e avec le soutien de la R\u00e9gion le 8\u00a0novembre 2025 \u00e0 la Seine Musicale, \u00e0 Boulogne-Billancourt (92), la Seine en Folie, dont c&rsquo;est la 2de \u00e9dition, est une journ\u00e9e exceptionnelle autour de la sant\u00e9 mentale, de la culture et du partage.<\/p>\n<p>Une journ\u00e9e exceptionnelle en 2 temps<\/p>\n<p>Cet \u00e9v\u00e9nement qui fait entend faire tomber les tabous et c\u00e9l\u00e9brer la force du collectif est divis\u00e9 en 2\u00a0temps\u00a0:<\/p>\n<ul>\n<li>De 9h \u00e0 19h (gratuit) : des tables rondes et des pauses artistiques,<\/li>\n<li>\u00c0 partir de 20h30 (payant) : un grand spectacle qui m\u00eale chant, danse et th\u00e9\u00e2tre, port\u00e9 par des artistes engag\u00e9s.<\/li>\n<\/ul>\n<p>\u00c0 retrouver en compl\u00e9ment :<\/p>\n<ul>\n<li>Un village pour faire connaissance et \u00e9changer avec des associations et des auteurs, et pour participer \u00e0 des ateliers.<\/li>\n<\/ul>\n<p>De 9h \u00e0 19h : \u00e9changes et rencontres<\/p>\n<p>3 tables rondes abordant les grands enjeux de la sant\u00e9 mentale des jeunes sont au programme :<\/p>\n<ul>\n<li>Parentalit\u00e9 et sant\u00e9 mentale (troubles du post-partum, \u00eatre parent et en soins&#8230;),<\/li>\n<li>Troubles neurod\u00e9veloppementaux : changer de regard, changer le syst\u00e8me (l&rsquo;\u00e9cole peut-elle s&rsquo;adapter\u00a0? quel soutien pour les familles\u00a0?, et apr\u00e8s 18\u00a0ans\u00a0?&#8230;),<\/li>\n<li>Autonomie et trouble psychique : sortir de l\u2019ombre (acc\u00e8s au logement autonome, \u00e0 l&#8217;emploi, accompagner sans infantiliser&#8230;).<\/li>\n<\/ul>\n<p>Ces rendez-vous sont entrecoup\u00e9s par des pauses artistiques combinant th\u00e9\u00e2tre, concert et relaxation musicale.<\/p>\n<p>S&rsquo;ajoutent aussi des t\u00e9moignages et les r\u00e9sultats d&rsquo;un concours de coll\u00e9giens et lyc\u00e9ens autour de la sant\u00e9 mentale.<\/p>\n","protected":false},"excerpt":{"rendered":"Cr\u00e9dit photo : \u00a9 La Seine en folie Organis\u00e9e avec le soutien de la R\u00e9gion le 8\u00a0novembre 2025&hellip;\n","protected":false},"author":2,"featured_media":441861,"comment_status":"","ping_status":"","sticky":false,"template":"","format":"standard","meta":{"footnotes":""},"categories":[1592],"tags":[1111,11,1777,674,1011,27,662,12,626,25],"class_list":{"0":"post-441860","1":"post","2":"type-post","3":"status-publish","4":"format-standard","5":"has-post-thumbnail","7":"category-ile-de-france","8":"tag-actu","9":"tag-actualites","10":"tag-eu","11":"tag-europe","12":"tag-fr","13":"tag-france","14":"tag-ile-de-france","15":"tag-news","16":"tag-paris","17":"tag-republique-francaise"},"share_on_mastodon":{"url":"https:\/\/pubeurope.com\/@fr\/115324575558918689","error":""},"_links":{"self":[{"href":"https:\/\/www.europesays.com\/fr\/wp-json\/wp\/v2\/posts\/441860","targetHints":{"allow":["GET"]}}],"collection":[{"href":"https:\/\/www.europesays.com\/fr\/wp-json\/wp\/v2\/posts"}],"about":[{"href":"https:\/\/www.europesays.com\/fr\/wp-json\/wp\/v2\/types\/post"}],"author":[{"embeddable":true,"href":"https:\/\/www.europesays.com\/fr\/wp-json\/wp\/v2\/users\/2"}],"replies":[{"embeddable":true,"href":"https:\/\/www.europesays.com\/fr\/wp-json\/wp\/v2\/comments?post=441860"}],"version-history":[{"count":0,"href":"https:\/\/www.europesays.com\/fr\/wp-json\/wp\/v2\/posts\/441860\/revisions"}],"wp:featuredmedia":[{"embeddable":true,"href":"https:\/\/www.europesays.com\/fr\/wp-json\/wp\/v2\/media\/441861"}],"wp:attachment":[{"href":"https:\/\/www.europesays.com\/fr\/wp-json\/wp\/v2\/media?parent=441860"}],"wp:term":[{"taxonomy":"category","embeddable":true,"href":"https:\/\/www.europesays.com\/fr\/wp-json\/wp\/v2\/categories?post=441860"},{"taxonomy":"post_tag","embeddable":true,"href":"https:\/\/www.europesays.com\/fr\/wp-json\/wp\/v2\/tags?post=441860"}],"curies":[{"name":"wp","href":"https:\/\/api.w.org\/{rel}","templated":true}]}}