{"id":441870,"date":"2025-10-06T01:20:13","date_gmt":"2025-10-06T01:20:13","guid":{"rendered":"https:\/\/www.europesays.com\/fr\/441870\/"},"modified":"2025-10-06T01:20:13","modified_gmt":"2025-10-06T01:20:13","slug":"guerre-en-ukraine-en-direct-%e2%88%92-la-grande-majorite-des-cibles-russes-sont-civiles-fustige-volodymyr-zelensky","status":"publish","type":"post","link":"https:\/\/www.europesays.com\/fr\/441870\/","title":{"rendered":"Guerre en Ukraine, en direct \u2212 \u00abLa grande majorit\u00e9 des cibles russes sont civiles\u00bb, fustige Volodymyr Zelensky"},"content":{"rendered":"<p>        02:37<\/p>\n<p>      Volodymyr Zelensky accuse Moscou de \u00abtenter ouvertement de d\u00e9truire nos infrastructures civiles\u00bb<\/p>\n<p>              <a tabindex=\"-1\" title=\"Le Temps avec l\u2019AFP\" href=\"https:\/\/www.letemps.ch\/profil\/le-temps-avec-l-afp\" target=\"_blank\" rel=\"noopener\"><\/p>\n<p>                    <img decoding=\"async\" src=\"https:\/\/www.europesays.com\/fr\/wp-content\/uploads\/2025\/04\/1744691829_537_small.jpeg\" class=\"lazy\" alt=\"\"\/><\/p>\n<p><\/a>        <\/p>\n<p>\u00abLes Russes n&rsquo;essaient m\u00eame pas de dissimuler leurs v\u00e9ritables intentions. La grande majorit\u00e9 des cibles \u00e9taient civiles\u00bb, a d\u00e9nonc\u00e9 dimanche soir le pr\u00e9sident ukrainien Volodymyr Zelensky. \u00abLa Russie tente ouvertement de d\u00e9truire nos infrastructures civiles en ce moment m\u00eame, \u00e0 l&rsquo;approche de l&rsquo;hiver: nos infrastructures gazi\u00e8res, nos installations de production et de transport d&rsquo;\u00e9lectricit\u00e9.\u00bb<\/p>\n","protected":false},"excerpt":{"rendered":"02:37 Volodymyr Zelensky accuse Moscou de \u00abtenter ouvertement de d\u00e9truire nos infrastructures civiles\u00bb \u00abLes Russes n&rsquo;essaient m\u00eame pas&hellip;\n","protected":false},"author":2,"featured_media":441871,"comment_status":"","ping_status":"","sticky":false,"template":"","format":"standard","meta":{"footnotes":""},"categories":[1590],"tags":[11,1777,674,4438,12,132,220],"class_list":{"0":"post-441870","1":"post","2":"type-post","3":"status-publish","4":"format-standard","5":"has-post-thumbnail","7":"category-ukraine","8":"tag-actualites","9":"tag-eu","10":"tag-europe","11":"tag-free","12":"tag-news","13":"tag-russie","14":"tag-ukraine"},"share_on_mastodon":{"url":"","error":""},"_links":{"self":[{"href":"https:\/\/www.europesays.com\/fr\/wp-json\/wp\/v2\/posts\/441870","targetHints":{"allow":["GET"]}}],"collection":[{"href":"https:\/\/www.europesays.com\/fr\/wp-json\/wp\/v2\/posts"}],"about":[{"href":"https:\/\/www.europesays.com\/fr\/wp-json\/wp\/v2\/types\/post"}],"author":[{"embeddable":true,"href":"https:\/\/www.europesays.com\/fr\/wp-json\/wp\/v2\/users\/2"}],"replies":[{"embeddable":true,"href":"https:\/\/www.europesays.com\/fr\/wp-json\/wp\/v2\/comments?post=441870"}],"version-history":[{"count":0,"href":"https:\/\/www.europesays.com\/fr\/wp-json\/wp\/v2\/posts\/441870\/revisions"}],"wp:featuredmedia":[{"embeddable":true,"href":"https:\/\/www.europesays.com\/fr\/wp-json\/wp\/v2\/media\/441871"}],"wp:attachment":[{"href":"https:\/\/www.europesays.com\/fr\/wp-json\/wp\/v2\/media?parent=441870"}],"wp:term":[{"taxonomy":"category","embeddable":true,"href":"https:\/\/www.europesays.com\/fr\/wp-json\/wp\/v2\/categories?post=441870"},{"taxonomy":"post_tag","embeddable":true,"href":"https:\/\/www.europesays.com\/fr\/wp-json\/wp\/v2\/tags?post=441870"}],"curies":[{"name":"wp","href":"https:\/\/api.w.org\/{rel}","templated":true}]}}