{"id":441874,"date":"2025-10-06T01:22:16","date_gmt":"2025-10-06T01:22:16","guid":{"rendered":"https:\/\/www.europesays.com\/fr\/441874\/"},"modified":"2025-10-06T01:22:16","modified_gmt":"2025-10-06T01:22:16","slug":"tony-blair-futur-dirigeant-de-lenclave","status":"publish","type":"post","link":"https:\/\/www.europesays.com\/fr\/441874\/","title":{"rendered":"Tony Blair, futur dirigeant de l\u2019enclave ?"},"content":{"rendered":"\n<p>Tony Blair \u201ca un boulot \u00e0 finir\u201d au Moyen-Orient. L\u2019ironie \u00e0 peine voil\u00e9e de <a href=\"https:\/\/www.newstatesman.com\/politics\/2025\/09\/for-tony-blair-gaza-is-the-future\" target=\"_blank\" rel=\"noopener\">l\u2019hebdomadaire <strong>The New Statesman<\/strong><\/a><strong> <\/strong>illustre le scepticisme d\u2019une bonne partie de la presse britannique, mardi 30\u00a0septembre, au lendemain de <a href=\"https:\/\/www.courrierinternational.com\/article\/diplomatie-a-washington-donald-trump-devoile-son-plan-pour-gaza_235666\" target=\"_blank\" rel=\"noopener\">la pr\u00e9sentation du plan de Donald Trump pour la paix \u00e0 Gaza<\/a>. Nich\u00e9 au c\u0153ur de cette feuille de route en vingt points, surprise\u00a0: l\u2019ancien Premier ministre travailliste (1997-2007), 72\u00a0ans, se voit cit\u00e9 comme futur dirigeant d\u2019un potentiel organe de transition dans l\u2019enclave palestinienne, le \u201cConseil de la paix\u201d. \u201cC\u2019est un tr\u00e8s bon gars\u201d, s\u2019est f\u00e9licit\u00e9 le pr\u00e9sident am\u00e9ricain, flanqu\u00e9 de <a href=\"https:\/\/www.courrierinternational.com\/article\/geopolitique-haut-parleurs-a-gaza-quiz-et-qr-codes-le-discours-provocateur-de-netanyahou-a-l-onu_235608\" target=\"_blank\" rel=\"noopener\">Benyamin N\u00e9tanyahou<\/a>, lors d\u2019une conf\u00e9rence de presse organis\u00e9e \u00e0 la Maison-Blanche.<\/p>\n<p>Dix-huit ans apr\u00e8s la fin de son mandat, marqu\u00e9 en mati\u00e8re de politique \u00e9trang\u00e8re par sa d\u00e9cision d\u2019appuyer l\u2019invasion am\u00e9ricaine de l\u2019Irak en\u00a02003, l\u2019ancien golden boy de la politique britannique, vainqueur de trois \u00e9lections l\u00e9gislatives, \u201csort avec cette annonce de sa travers\u00e9e du d\u00e9sert\u201d, <a class=\"ithalc\" data-ithal=\"lien_externe\" data-ithalc=\"[nav_article]\" target=\"_blank\" href=\"https:\/\/www.thetimes.com\/uk\/politics\/article\/gaza-peace-plan-brings-blair-back-centre-stage-but-carries-big-risks-06h0gbsbw\" rel=\"noopener\">constate <strong>The Times<\/strong><\/a><strong>. <\/strong>Et par la grande porte\u00a0: ce plan, c\u2019est aussi le sien, fruit de mois de tractations avec la Maison-Blanche. Et d\u2019ann\u00e9es d\u2019implication, jusqu\u2019\u00e0 pr\u00e9sent infructueuses, dans la r\u00e9solution du conflit isra\u00e9lo-palestinien.<\/p>\n<p> Des liens payants dans le Golfe <\/p>\n<p>Car depuis son d\u00e9m\u00e9nagement du 10\u00a0Downing Stre<\/p>\n","protected":false},"excerpt":{"rendered":"Tony Blair \u201ca un boulot \u00e0 finir\u201d au Moyen-Orient. L\u2019ironie \u00e0 peine voil\u00e9e de l\u2019hebdomadaire The New Statesman&hellip;\n","protected":false},"author":2,"featured_media":441875,"comment_status":"","ping_status":"","sticky":false,"template":"","format":"standard","meta":{"footnotes":""},"categories":[1588],"tags":[11,4628,75,1777,674,1892,3257,12,3518,473,1853,1851,1850,1852],"class_list":{"0":"post-441874","1":"post","2":"type-post","3":"status-publish","4":"format-standard","5":"has-post-thumbnail","7":"category-royaume-uni","8":"tag-actualites","9":"tag-bande-de-gaza","10":"tag-donald-trump","11":"tag-eu","12":"tag-europe","13":"tag-gu00e9opolitique","14":"tag-moyen-orient","15":"tag-news","16":"tag-palestine","17":"tag-royaume-uni","18":"tag-royaume-uni-de-grande-bretagne-et-dirlande-du-nord","19":"tag-uk","20":"tag-united-kingdom","21":"tag-united-kingdom-of-great-britain-and-northern-ireland"},"share_on_mastodon":{"url":"https:\/\/pubeurope.com\/@fr\/115324606450435438","error":""},"_links":{"self":[{"href":"https:\/\/www.europesays.com\/fr\/wp-json\/wp\/v2\/posts\/441874","targetHints":{"allow":["GET"]}}],"collection":[{"href":"https:\/\/www.europesays.com\/fr\/wp-json\/wp\/v2\/posts"}],"about":[{"href":"https:\/\/www.europesays.com\/fr\/wp-json\/wp\/v2\/types\/post"}],"author":[{"embeddable":true,"href":"https:\/\/www.europesays.com\/fr\/wp-json\/wp\/v2\/users\/2"}],"replies":[{"embeddable":true,"href":"https:\/\/www.europesays.com\/fr\/wp-json\/wp\/v2\/comments?post=441874"}],"version-history":[{"count":0,"href":"https:\/\/www.europesays.com\/fr\/wp-json\/wp\/v2\/posts\/441874\/revisions"}],"wp:featuredmedia":[{"embeddable":true,"href":"https:\/\/www.europesays.com\/fr\/wp-json\/wp\/v2\/media\/441875"}],"wp:attachment":[{"href":"https:\/\/www.europesays.com\/fr\/wp-json\/wp\/v2\/media?parent=441874"}],"wp:term":[{"taxonomy":"category","embeddable":true,"href":"https:\/\/www.europesays.com\/fr\/wp-json\/wp\/v2\/categories?post=441874"},{"taxonomy":"post_tag","embeddable":true,"href":"https:\/\/www.europesays.com\/fr\/wp-json\/wp\/v2\/tags?post=441874"}],"curies":[{"name":"wp","href":"https:\/\/api.w.org\/{rel}","templated":true}]}}