{"id":441893,"date":"2025-10-06T01:37:24","date_gmt":"2025-10-06T01:37:24","guid":{"rendered":"https:\/\/www.europesays.com\/fr\/441893\/"},"modified":"2025-10-06T01:37:24","modified_gmt":"2025-10-06T01:37:24","slug":"william-saliba-prolonge-son-aventure-a-arsenal","status":"publish","type":"post","link":"https:\/\/www.europesays.com\/fr\/441893\/","title":{"rendered":"William Saliba prolonge son aventure \u00e0 Arsenal"},"content":{"rendered":"<p>L\u2019international fran\u00e7ais William Saliba a sign\u00e9 un nouveau contrat avec Arsenal. Le d\u00e9fenseur est d\u00e9sormais li\u00e9 aux \u00abGunners\u00bb jusqu\u2019en 2030.<\/p>\n<p class=\"fig-paragraph\">Le d\u00e9fenseur fran\u00e7ais\u00a0<a href=\"http:\/\/www.lefigaro.fr\/sports\/football\/ligue-des-champions\/ligue-des-champions-depuis-que-je-suis-a-arsenal-je-n-ai-jamais-vu-un-coup-franc-la-reaction-pleine-d-humour-de-william-saliba-sur-les-deux-coups-francs-de-declan-rice-20250408\" target=\"_blank\" data-fig-type=\"NewsFlash\" rel=\"sponsored noopener\" data-gtm-custom-categorie=\"navigation\" data-gtm-custom-action=\"crossclick\" data-gtm-custom-label=\"Contextuel\" data-gtm-event=\"customEventSPE\" data-fig-domain=\"LEFIGARO\">William Saliba<\/a>\u00a0a sign\u00e9 un \u00abnouveau contrat \u00e0 long terme\u00bb avec\u00a0<a href=\"http:\/\/www.lefigaro.fr\/sports\/football\/angleterre\/premier-league-arsenal-s-impose-sur-le-fil-a-newcastle-20250928\" target=\"_blank\" data-fig-type=\"NewsFlash\" rel=\"sponsored noopener\" data-gtm-custom-categorie=\"navigation\" data-gtm-custom-action=\"crossclick\" data-gtm-custom-label=\"Contextuel\" data-gtm-event=\"customEventSPE\" data-fig-domain=\"LEFIGARO\">Arsenal,<\/a>\u00a0a confirm\u00e9 mardi le club du nord de Londres, vice-champion d&rsquo;Angleterre les trois derni\u00e8res saisons. L&rsquo;arri\u00e8re central de 24 ans est d\u00e9sormais li\u00e9 aux Gunners jusqu&rsquo;en 2030, soit trois ans de plus que son contrat pr\u00e9c\u00e9dent, selon la presse sportive sp\u00e9cialis\u00e9e.\u00abJe me sens comme \u00e0 la maison. Nous avons une bonne \u00e9quipe, un bon groupe, un bon staff. L&rsquo;entra\u00eeneur est parfait pour moi, je pense que c&rsquo;est le meilleur endroit o\u00f9 \u00eatre\u00bb, a comment\u00e9 le Fran\u00e7ais n\u00e9 \u00e0 Bondy, en r\u00e9gion parisienne.<\/p>\n<p class=\"fig-paragraph\">Le grand d\u00e9fenseur (1,92 m) a \u00e9t\u00e9 recrut\u00e9 en 2019 par Arsenal, qui l&rsquo;a d&rsquo;abord pr\u00eat\u00e9 \u00e0 Saint-Etienne, Nice et Marseille. Il est devenu un titulaire inamovible depuis 2022 et forme une des meilleures charni\u00e8res centrales d&rsquo;Europe avec Gabriel. \u00abDepuis qu&rsquo;il nous a rejoints, William a beaucoup grandi, il a pris ses responsabilit\u00e9s et a tiss\u00e9 des liens solides avec nos supporters et tous les membres du club\u00bb, a r\u00e9agi l&rsquo;entra\u00eeneur\u00a0<a href=\"http:\/\/www.lefigaro.fr\/sports\/football\/ligue-des-champions\/ligue-des-champions-on-etait-meilleurs-c-est-clair-mikel-arteta-persiste-et-signe-apres-psg-arsenal-20250509\" target=\"_blank\" data-fig-type=\"NewsFlash\" rel=\"sponsored noopener\" data-gtm-custom-categorie=\"navigation\" data-gtm-custom-action=\"crossclick\" data-gtm-custom-label=\"Contextuel\" data-gtm-event=\"customEventSPE\" data-fig-domain=\"LEFIGARO\">Mikel Arteta<\/a>, \u00e9voquant un joueur \u00abappr\u00e9ci\u00e9 de tous les joueurs et du staff, ce qui en dit long sur sa personnalit\u00e9, son engagement et son attitude au quotidien\u00bb.<\/p>\n<blockquote class=\"fig-quote&#10;    \">\n<p class=\"fig-quote__text\">William ((Saliba) est devenu un d\u00e9fenseur incroyable&#8230; l\u2019un des meilleurs au monde<\/p>\n<p>            Andrea Berta, directeur sportif d\u2019Arsenal\n    <\/p><\/blockquote>\n<p>                                    <a class=\"fig-a11y-skip a11y-hidden\" href=\"#fig-a11y-skip-main-inarticle\"><br \/>\n        Passer la publicit\u00e9<br \/>\n    <\/a><\/p>\n<p class=\"fig-paragraph\">L&rsquo;Espagnol avait d\u00e9j\u00e0 vant\u00e9 \u00absa r\u00e9gularit\u00e9, sa progression, la maturit\u00e9 acquise ann\u00e9e apr\u00e8s ann\u00e9e\u00bb vendredi en conf\u00e9rence de presse, alors que des m\u00e9dias britanniques avaient fait \u00e9tat d&rsquo;un accord de Saliba pour prolonger. Son avenir \u00e0 Arsenal, avec qui il a disput\u00e9 140 matches, avait fait l&rsquo;objet de sp\u00e9culations au printemps dernier. Des journaux espagnols avaient \u00e9voqu\u00e9 un int\u00e9r\u00eat prononc\u00e9 du Real Madrid pour l&rsquo;international tricolore (28 s\u00e9lections). \u00abSi tu quittes le club sans rien gagner, les supporters et les gens vont t&rsquo;oublier. Je veux gagner des grandes choses ici\u00bb, avait-il r\u00e9pondu \u00e0 ce propos en mars. Son palmar\u00e8s se limite \u00e0 un seul titre mineur, le Community Shield (l&rsquo;\u00e9quivalent du troph\u00e9e des champions) remport\u00e9 en 2023 contre\u00a0<a href=\"http:\/\/www.lefigaro.fr\/sports\/football\/manchester-city-manchester-united-folle-semaine-pour-haaland-doku-le-dynamiteur-sesko-transparent-les-tops-flops-20250914\" target=\"_blank\" data-fig-type=\"NewsFlash\" rel=\"sponsored noopener\" data-gtm-custom-categorie=\"navigation\" data-gtm-custom-action=\"crossclick\" data-gtm-custom-label=\"Contextuel\" data-gtm-event=\"customEventSPE\" data-fig-domain=\"LEFIGARO\">Manchester City<\/a>.<\/p>\n<p class=\"fig-paragraph\"><strong>Voir aussi <\/strong>&#8211; <strong>Saliba et Gabriel\u00a0: les deux font la paire avec Arsenal en Premier League<\/strong><\/p>\n<p class=\"fig-paragraph\">\u00abNous sommes tr\u00e8s heureux que William ait li\u00e9 son futur au n\u00f4tre et qu&rsquo;il s&rsquo;inscrive dans ce que nous sommes en train de construire ici\u00bb, a d\u00e9clar\u00e9 le directeur sportif Andrea Berta, cit\u00e9 dans le communiqu\u00e9 du club. \u00abAu cours des trois derni\u00e8res saisons, William est devenu un d\u00e9fenseur incroyable dont le sang-froid, l&rsquo;intelligence et la pr\u00e9sence physique en font l&rsquo;un des meilleurs au monde. Il poursuivra son d\u00e9veloppement avec Arsenal pour atteindre de nouveaux sommets\u00bb.<\/p>\n","protected":false},"excerpt":{"rendered":"L\u2019international fran\u00e7ais William Saliba a sign\u00e9 un nouveau contrat avec Arsenal. Le d\u00e9fenseur est d\u00e9sormais li\u00e9 aux \u00abGunners\u00bb&hellip;\n","protected":false},"author":2,"featured_media":441894,"comment_status":"","ping_status":"","sticky":false,"template":"","format":"standard","meta":{"footnotes":""},"categories":[1410],"tags":[5357,63,1011,27,60,50355],"class_list":{"0":"post-441893","1":"post","2":"type-post","3":"status-publish","4":"format-standard","5":"has-post-thumbnail","7":"category-football","8":"tag-arsenal","9":"tag-football","10":"tag-fr","11":"tag-france","12":"tag-sports","13":"tag-william-saliba"},"share_on_mastodon":{"url":"https:\/\/pubeurope.com\/@fr\/115324665703821124","error":""},"_links":{"self":[{"href":"https:\/\/www.europesays.com\/fr\/wp-json\/wp\/v2\/posts\/441893","targetHints":{"allow":["GET"]}}],"collection":[{"href":"https:\/\/www.europesays.com\/fr\/wp-json\/wp\/v2\/posts"}],"about":[{"href":"https:\/\/www.europesays.com\/fr\/wp-json\/wp\/v2\/types\/post"}],"author":[{"embeddable":true,"href":"https:\/\/www.europesays.com\/fr\/wp-json\/wp\/v2\/users\/2"}],"replies":[{"embeddable":true,"href":"https:\/\/www.europesays.com\/fr\/wp-json\/wp\/v2\/comments?post=441893"}],"version-history":[{"count":0,"href":"https:\/\/www.europesays.com\/fr\/wp-json\/wp\/v2\/posts\/441893\/revisions"}],"wp:featuredmedia":[{"embeddable":true,"href":"https:\/\/www.europesays.com\/fr\/wp-json\/wp\/v2\/media\/441894"}],"wp:attachment":[{"href":"https:\/\/www.europesays.com\/fr\/wp-json\/wp\/v2\/media?parent=441893"}],"wp:term":[{"taxonomy":"category","embeddable":true,"href":"https:\/\/www.europesays.com\/fr\/wp-json\/wp\/v2\/categories?post=441893"},{"taxonomy":"post_tag","embeddable":true,"href":"https:\/\/www.europesays.com\/fr\/wp-json\/wp\/v2\/tags?post=441893"}],"curies":[{"name":"wp","href":"https:\/\/api.w.org\/{rel}","templated":true}]}}