{"id":441901,"date":"2025-10-06T01:46:10","date_gmt":"2025-10-06T01:46:10","guid":{"rendered":"https:\/\/www.europesays.com\/fr\/441901\/"},"modified":"2025-10-06T01:46:10","modified_gmt":"2025-10-06T01:46:10","slug":"shym-se-confie-sur-sa-vie-privee-dans-un-dimanche-a-la-campagne","status":"publish","type":"post","link":"https:\/\/www.europesays.com\/fr\/441901\/","title":{"rendered":"Shy\u2019m se confie sur sa vie priv\u00e9e dans \u00abUn dimanche \u00e0 la campagne\u00bb"},"content":{"rendered":"<p>    Shy\u2019m dans \u00abUn dimanche \u00e0 la campagne\u00bb<br \/>\n                Capture \u00e9cran.<\/p>\n<p>Face \u00e0 Fr\u00e9d\u00e9ric Lopez sur France 2, la chanteuse et danseuse a partag\u00e9 quelques rares d\u00e9tails sur sa famille, les hommes qui ont partag\u00e9 sa vie et son fils, n\u00e9 en 2021.<\/p>\n<p class=\"fig-paragraph\">Il y a\u00a0<a href=\"http:\/\/tvmag.lefigaro.fr\/programme-tv\/actu-tele\/shy-m-retourner-a-fort-boyard-m-effrayait-20250705\" target=\"_blank\" data-fig-type=\"Article\" rel=\"noopener nofollow\" data-gtm-custom-categorie=\"navigation\" data-gtm-custom-action=\"crossclick\" data-gtm-custom-label=\"Contextuel\" data-gtm-event=\"customEventSPE\" data-fig-domain=\"TVMAG\">Shy\u2019m<\/a>, la chanteuse, la danseuse qui vient retracer sa carri\u00e8re ce 5 octobre aupr\u00e8s de l\u2019oreille attentive de\u00a0<a href=\"http:\/\/tvmag.lefigaro.fr\/programme-tv\/people\/maintenir-le-bruit-des-casseroles-roland-perez-evoque-avec-emotion-la-mort-de-sa-femme-face-a-frederic-lopez-20250921\" target=\"_blank\" data-fig-type=\"Article\" rel=\"noopener nofollow\" data-gtm-custom-categorie=\"navigation\" data-gtm-custom-action=\"crossclick\" data-gtm-custom-label=\"Contextuel\" data-gtm-event=\"customEventSPE\" data-fig-domain=\"TVMAG\">Fr\u00e9d\u00e9ric Lopez<\/a>\u00a0sur France 2. Puis il y a Tamara Marthe, la femme qui se confie sur sa maternit\u00e9 dans cet in\u00e9dit de \u00abUn dimanche \u00e0 la campagne\u00bb.<\/p>\n<p class=\"fig-paragraph\">D\u2019un naturel timide, c\u2019est dans la danse qu\u2019elle s\u2019\u00e9panouit d\u2019abord. Sa m\u00e8re est Normande, son p\u00e8re est Martiniquais et c\u2019est ce dernier qui l\u2019initie \u00e0 la musique. Peu de temps apr\u00e8s avoir obtenu son baccalaur\u00e9at, elle est rep\u00e9r\u00e9e par K. Maro et signe avec le grand label Warner. Le titre Femme de couleur lance sa carri\u00e8re et la vie fr\u00e9n\u00e9tique qui va avec.<\/p>\n<p>                                    <a class=\"fig-a11y-skip a11y-hidden\" href=\"#fig-a11y-skip-main-inarticle\"><br \/>\n        Passer la publicit\u00e9<br \/>\n    <\/a><\/p>\n<p>\u00abUn petit bout\u00bb n\u00e9 en 2021<\/p>\n<p class=\"fig-paragraph\">C\u00f4t\u00e9 vie priv\u00e9e, elle se d\u00e9finit comme une \u00abamoureuse un peu compliqu\u00e9e\u00bb. \u00abJe me suis toujours dit que j\u2019allais avoir un enfant, mais je me suis toujours demand\u00e9 avec qui et c\u2019\u00e9tait le probl\u00e8me\u00bb, explique-t-elle pour justifier que \u00abcela a pris du temps\u00bb. Au mois de janvier de 2021, Tamara Marthe devient maman pour la premi\u00e8re fois. Un petit gar\u00e7on pr\u00e9nomm\u00e9 Tahoma. Elle avait annonc\u00e9 sa grossesse en musique avec la chanson Boy.<\/p>\n<p class=\"fig-body-link\">\n            \u00c0 lire aussi<br \/>\n        <a class=\"fig-body-link__link\" href=\"http:\/\/tvmag.lefigaro.fr\/programme-tv\/actu-tele\/je-suis-tres-emu-revelations-de-frederic-lopez-sur-instagram-20250824\" target=\"_blank\" data-fig-type=\"Article\" rel=\"noopener nofollow\" data-gtm-custom-categorie=\"navigation\" data-gtm-custom-action=\"crossclick\" data-gtm-custom-label=\"Contextuel\" data-gtm-event=\"customEventSPE\" data-fig-domain=\"TVMAG\">\u00abJe suis tr\u00e8s \u00e9mu\u00bb\u00a0: r\u00e9v\u00e9lations de Fr\u00e9d\u00e9ric Lopez sur Instagram<br \/>\n    <\/a>\n<\/p>\n<p class=\"fig-paragraph\">Tamara Marthe poursuit son r\u00e9cit\u00a0: \u00abJe rencontre quelqu\u2019un, on a ce petit bout et il me prend de tout son \u00eatre, enti\u00e8rement. Je n\u2019ai plus envie de faire quoi que ce soit\u00bb. La jeune maman d\u00e9finit sa relation avec son fils comme \u00abaddictive\u00bb. \u00abLa plus belle chose que j\u2019ai perdue en ayant un enfant, c\u2019est la l\u00e9g\u00e8ret\u00e9 et la plus belle chose que j\u2019ai rencontr\u00e9e en l\u2019ayant, c\u2019est l\u2019amour\u00bb, d\u00e9clare-t-elle avec beaucoup d\u2019\u00e9motion pendant la derni\u00e8re partie de l\u2019\u00e9mission de confession de la seconde cha\u00eene.<\/p>\n<p class=\"fig-paragraph\">De son nouveau r\u00f4le de m\u00e8re, Tamara Marthe en a tir\u00e9 un pr\u00e9cieux enseignement\u00a0: \u00abne jamais rien prendre pour acquis. Mon fils a \u00e9t\u00e9 tr\u00e8s r\u00e9v\u00e9lateur de \u00e7a. Je pensais \u00eatre comme ci, je pensais \u00eatre cela et en fait, je me suis rendu compte qu\u2019en 34 ans, je n\u2019avais rien appris. Et que je recommen\u00e7ais \u00e0 apprendre aujourd\u2019hui\u00bb, conclut-elle.<\/p>\n","protected":false},"excerpt":{"rendered":"Shy\u2019m dans \u00abUn dimanche \u00e0 la campagne\u00bb Capture \u00e9cran. Face \u00e0 Fr\u00e9d\u00e9ric Lopez sur France 2, la chanteuse&hellip;\n","protected":false},"author":2,"featured_media":441902,"comment_status":"","ping_status":"","sticky":false,"template":"","format":"standard","meta":{"footnotes":""},"categories":[8],"tags":[58,59,1011,27,594,9481],"class_list":{"0":"post-441901","1":"post","2":"type-post","3":"status-publish","4":"format-standard","5":"has-post-thumbnail","7":"category-divertissement","8":"tag-divertissement","9":"tag-entertainment","10":"tag-fr","11":"tag-france","12":"tag-france-2","13":"tag-frederic-lopez"},"share_on_mastodon":{"url":"https:\/\/pubeurope.com\/@fr\/115324700811828243","error":""},"_links":{"self":[{"href":"https:\/\/www.europesays.com\/fr\/wp-json\/wp\/v2\/posts\/441901","targetHints":{"allow":["GET"]}}],"collection":[{"href":"https:\/\/www.europesays.com\/fr\/wp-json\/wp\/v2\/posts"}],"about":[{"href":"https:\/\/www.europesays.com\/fr\/wp-json\/wp\/v2\/types\/post"}],"author":[{"embeddable":true,"href":"https:\/\/www.europesays.com\/fr\/wp-json\/wp\/v2\/users\/2"}],"replies":[{"embeddable":true,"href":"https:\/\/www.europesays.com\/fr\/wp-json\/wp\/v2\/comments?post=441901"}],"version-history":[{"count":0,"href":"https:\/\/www.europesays.com\/fr\/wp-json\/wp\/v2\/posts\/441901\/revisions"}],"wp:featuredmedia":[{"embeddable":true,"href":"https:\/\/www.europesays.com\/fr\/wp-json\/wp\/v2\/media\/441902"}],"wp:attachment":[{"href":"https:\/\/www.europesays.com\/fr\/wp-json\/wp\/v2\/media?parent=441901"}],"wp:term":[{"taxonomy":"category","embeddable":true,"href":"https:\/\/www.europesays.com\/fr\/wp-json\/wp\/v2\/categories?post=441901"},{"taxonomy":"post_tag","embeddable":true,"href":"https:\/\/www.europesays.com\/fr\/wp-json\/wp\/v2\/tags?post=441901"}],"curies":[{"name":"wp","href":"https:\/\/api.w.org\/{rel}","templated":true}]}}