{"id":441918,"date":"2025-10-06T02:02:33","date_gmt":"2025-10-06T02:02:33","guid":{"rendered":"https:\/\/www.europesays.com\/fr\/441918\/"},"modified":"2025-10-06T02:02:33","modified_gmt":"2025-10-06T02:02:33","slug":"coups-de-couteau-tirs-au-sol-pourquoi-trois-hommes-sen-sont-ils-pris-a-un-jeune-sportif","status":"publish","type":"post","link":"https:\/\/www.europesays.com\/fr\/441918\/","title":{"rendered":"coups de couteau, tirs au sol\u2026 pourquoi trois hommes s\u2019en sont-ils pris \u00e0 un jeune sportif\u00a0?"},"content":{"rendered":"<p>            Par<br \/>\n        <strong><br \/>\n            <a href=\"https:\/\/actu.fr\/auteur\/lea-pippinato\" title=\"Consulter tous les articles de L\u00e9a Pippinato\" target=\"_blank\" rel=\"noopener\">L\u00e9a Pippinato<\/a><br \/>\n        <\/strong><\/p>\n<p>        Publi\u00e9 le<\/p>\n<p>            3 oct. 2025 \u00e0 6h12        <\/p>\n<p><strong>Ce dimanche 28 septembre 2025<\/strong>, aux alentours de 20h, un habitant de 20 ans rentrait chez lui apr\u00e8s une s\u00e9ance de sport. En bas de son immeuble, dans une rue du quartier Croix d\u2019Argent, \u00e0 Montpellier, une voiture l\u2019a klaxonn\u00e9 avant de s\u2019arr\u00eater brusquement. Trois hommes sont sortis du v\u00e9hicule et l\u2019ont imm\u00e9diatement pris pour cible.<\/p>\n<p>    <a href=\"https:\/\/www.google.com\/maps\/embed?pb=!1m18!1m12!1m3!1d23114.090373704526!2d3.8338559999999995!3d43.6011008!2m3!1f0!2f0!3f0!3m2!1i1024!2i768!4f13.1!3m3!1m2!1s0x12b6ae2d87555c79%3A0x6d04260d15b96a8e!2sLa%20Croix%20d%27Argent%2C%20Montpellier!5e0!3m2!1sen!2sfr!4v1759436315162!5m2!1sen!2sfr\" title=\"Ouvrie le lien\" target=\"_blank\" rel=\"noopener\">Cliquez ici pour visualiser le contenu<\/a><\/p>\n<p class=\" wall-content\">Le conducteur, <strong>\u00e2g\u00e9 de 22 ans<\/strong>, a frapp\u00e9 le jeune homme d\u2019un coup de couteau au visage. La lame lui a ouvert le nez, n\u00e9cessitant six points de suture. Malgr\u00e9 ses blessures, la victime a tent\u00e9 de se prot\u00e9ger des autres coups port\u00e9s. Encercl\u00e9, il a r\u00e9sist\u00e9 tant bien que mal face aux trois agresseurs.<\/p>\n<p>Des tirs pour intimider<\/p>\n<p class=\" wall-content\">L\u2019un des assaillants, un mineur de 16 ans, a d\u00e9gain\u00e9 un revolver et a tir\u00e9 une balle au sol, tout pr\u00e8s des pieds de la victime. Un geste qui visait \u00e0 intimider davantage. Avant de partir, les trois individus ont menac\u00e9 de revenir finir le travail et ont d\u00e9grad\u00e9 le scooter du jeune homme, stationn\u00e9 \u00e0 proximit\u00e9. L\u2019enqu\u00eate de voisinage et l\u2019exploitation des cam\u00e9ras du centre de supervision urbaine ont permis \u00e0 la brigade d\u2019atteinte aux personnes de la police nationale d\u2019identifier le v\u00e9hicule. D\u00e8s le lendemain, les policiers de la Bac (brigade anti-criminalit\u00e9) ont interpell\u00e9 les trois suspects : le conducteur de 22 ans et deux adolescents de 16 ans.<\/p>\n<p class=\" wall-content\">Le conducteur majeur a \u00e9t\u00e9 plac\u00e9 en d\u00e9tention \u00e0 la prison de B\u00e9ziers. Il sera jug\u00e9 en comparution imm\u00e9diate <strong>ce vendredi 3 octobre.<\/strong> Le mineur arm\u00e9 a \u00e9t\u00e9 incarc\u00e9r\u00e9 \u00e0 Villeneuve-l\u00e8s-Maguelone dans l\u2019attente de son proc\u00e8s. Les deux adolescents passeront devant le tribunal pour enfants <strong>le 12 octobre.<\/strong><\/p>\n<p class=\" wall-content\">Personnalisez votre actualit\u00e9 en ajoutant vos villes et m\u00e9dias en favori avec <a href=\"https:\/\/moncompte.actu.fr\" title=\"D\u00e9couvez Mon Actu\" rel=\"nofollow noopener\" data-trk=\"{&quot;cta&quot;:{&quot;action&quot;:&quot;https:\\\/\\\/moncompte.actu.fr&quot;,&quot;category&quot;:&quot;mon compte&quot;,&quot;from&quot;:&quot;article footer&quot;,&quot;name&quot;:&quot;Mon actu&quot;,&quot;type&quot;:&quot;cta&quot;}}\" target=\"_blank\">Mon Actu<\/a>.<\/p>\n","protected":false},"excerpt":{"rendered":"Par L\u00e9a Pippinato Publi\u00e9 le 3 oct. 2025 \u00e0 6h12 Ce dimanche 28 septembre 2025, aux alentours de&hellip;\n","protected":false},"author":2,"featured_media":441919,"comment_status":"","ping_status":"","sticky":false,"template":"","format":"standard","meta":{"footnotes":""},"categories":[9599],"tags":[1111,11,1777,674,118,1011,27,303,2208,12,2680,1072,25,7501],"class_list":{"0":"post-441918","1":"post","2":"type-post","3":"status-publish","4":"format-standard","5":"has-post-thumbnail","7":"category-montpellier","8":"tag-actu","9":"tag-actualites","10":"tag-eu","11":"tag-europe","12":"tag-faits-divers","13":"tag-fr","14":"tag-france","15":"tag-justice","16":"tag-montpellier","17":"tag-news","18":"tag-occitanie","19":"tag-police","20":"tag-republique-francaise","21":"tag-violences-urbaines"},"share_on_mastodon":{"url":"https:\/\/pubeurope.com\/@fr\/115324763741247882","error":""},"_links":{"self":[{"href":"https:\/\/www.europesays.com\/fr\/wp-json\/wp\/v2\/posts\/441918","targetHints":{"allow":["GET"]}}],"collection":[{"href":"https:\/\/www.europesays.com\/fr\/wp-json\/wp\/v2\/posts"}],"about":[{"href":"https:\/\/www.europesays.com\/fr\/wp-json\/wp\/v2\/types\/post"}],"author":[{"embeddable":true,"href":"https:\/\/www.europesays.com\/fr\/wp-json\/wp\/v2\/users\/2"}],"replies":[{"embeddable":true,"href":"https:\/\/www.europesays.com\/fr\/wp-json\/wp\/v2\/comments?post=441918"}],"version-history":[{"count":0,"href":"https:\/\/www.europesays.com\/fr\/wp-json\/wp\/v2\/posts\/441918\/revisions"}],"wp:featuredmedia":[{"embeddable":true,"href":"https:\/\/www.europesays.com\/fr\/wp-json\/wp\/v2\/media\/441919"}],"wp:attachment":[{"href":"https:\/\/www.europesays.com\/fr\/wp-json\/wp\/v2\/media?parent=441918"}],"wp:term":[{"taxonomy":"category","embeddable":true,"href":"https:\/\/www.europesays.com\/fr\/wp-json\/wp\/v2\/categories?post=441918"},{"taxonomy":"post_tag","embeddable":true,"href":"https:\/\/www.europesays.com\/fr\/wp-json\/wp\/v2\/tags?post=441918"}],"curies":[{"name":"wp","href":"https:\/\/api.w.org\/{rel}","templated":true}]}}