{"id":441924,"date":"2025-10-06T02:11:20","date_gmt":"2025-10-06T02:11:20","guid":{"rendered":"https:\/\/www.europesays.com\/fr\/441924\/"},"modified":"2025-10-06T02:11:20","modified_gmt":"2025-10-06T02:11:20","slug":"strasbourg-dechaine-contre-angers-rennes-et-monaco-lachent-deux-points-3","status":"publish","type":"post","link":"https:\/\/www.europesays.com\/fr\/441924\/","title":{"rendered":"Strasbourg d\u00e9cha\u00een\u00e9 contre Angers, Rennes et Monaco l\u00e2chent deux points"},"content":{"rendered":"<p>Strasbourg est en grande forme. Les Alsaciens ont d\u00e9roul\u00e9 face \u00e0 Angers (5-0), port\u00e9s notamment par des doubl\u00e9s de Joaqu\u00edn Panichelli et Martial Godo. Dans le m\u00eame temps, Monaco a \u00e9t\u00e9 accroch\u00e9 par Nice (2-2), qui a pourtant jou\u00e9 \u00e0 10 contre 11 pendant plus d&rsquo;une heure, tout comme Rennes au Havre (2-2), lors de la 7e journ\u00e9e de Ligue 1.<\/p>\n<p>Apr\u00e8s l&rsquo;ennui du premier acte, les jeunes Alsaciens ont ensuite d\u00e9roul\u00e9 en inscrivant quatre buts en dix-neuf minutes.<\/p>\n<p>C\u00f4t\u00e9 tribune, quatre associations de supporters, ultras en t\u00eate, ont encore affich\u00e9 leur m\u00e9contentement envers BlueCo, consortium am\u00e9ricain \u00e0 la t\u00eate de Strasbourg mais aussi de Chelsea, avec une nouvelle banderole d\u00e9ploy\u00e9e en d\u00e9but de seconde p\u00e9riode fustigeant \u00ab la r\u00e9pression \u00bb du club qui leur a impos\u00e9 des r\u00e8gles ces derni\u00e8res semaines. Malgr\u00e9 la profusion de buts, les supporters ont stopp\u00e9 leurs encouragements en seconde p\u00e9riode. Ils ont ensuite quitt\u00e9 les tribunes apr\u00e8s le quatri\u00e8me but, apr\u00e8s que leur banderole \u00ab BlueCo Out \u00bb a \u00e9t\u00e9 enlev\u00e9e par la s\u00e9curit\u00e9 du Stade de la Meinau, a affirm\u00e9 \u00e0 l&rsquo;AFP Maxime, porte-parole des UB90, principal groupe d&rsquo;ultras.<\/p>\n<p>Ce large succ\u00e8s du Racing permet de rester dans le peloton de t\u00eate, avec 15 points, \u00e0 la 3e place gr\u00e2ce \u00e0 leur diff\u00e9rence de buts.<\/p>\n<p><strong>Monaco perd encore du terrain<\/strong><\/p>\n<p>Monaco, longtemps en sup\u00e9riorit\u00e9 num\u00e9rique n&rsquo;est pas parvenu \u00e0 battre Nice (2-2) dimanche au Stade Louis-II, au terme d&rsquo;un derby riche en rebondissements au cours duquel trois penalties ont \u00e9t\u00e9 inscrits. Avec 13 points en sept journ\u00e9es, Monaco, qui avait perdu \u00e0 Lorient (3-1) la semaine derni\u00e8re, voit ses concurrents directs, comme Strasbourg (15 points), lui passer devant au classement.<\/p>\n<p>Pourtant, dans ce derby azur\u00e9en, l&rsquo;\u00e9quipe de la Principaut\u00e9, o\u00f9 neuf joueurs importants \u00e9taient absents sur blessure ou suspension, a \u00e9volu\u00e9 en sup\u00e9riorit\u00e9 num\u00e9rique durant une bonne heure, apr\u00e8s l&rsquo;exclusion d&rsquo;Ali Abdi (34e). Or, m\u00eame si Adi H\u00fctter a multipli\u00e9 les attaquants, elle n&rsquo;a marqu\u00e9 que sur deux penalties, inscrits par Ansu Fati, d\u00e9sormais auteur de six buts en cinq matches avec Monaco.<\/p>\n<p>De son c\u00f4t\u00e9, Nice a r\u00e9ussi \u00e0 tenir malgr\u00e9 de nombreux vents contraires. Outre l&rsquo;exclusion d&rsquo;Abdi, et deux penalties encaiss\u00e9s, Franck Haise peut d\u00e9plorer une nouvelle blessure s\u00e9rieuse, celle du revenant Mo\u00efse Bombito, touch\u00e9 \u00e0 la jambe gauche. Avec huit points, les Aiglons restent \u00e0 la douzi\u00e8me place. Mais ils ont montr\u00e9 un \u00e9tat d&rsquo;esprit collectif qui devraient leur servir pour la suite de la saison.<\/p>\n<p>  <strong>Rennes se saborde au Havre<\/strong><\/p>\n<p>Comme \u00e0 Nantes il y a quinze jours, Rennes a laiss\u00e9 filer un avantage de deux buts chez une \u00e9quipe jouant le maintien, Le Havre (2-2), dimanche, plombant encore avantage l&rsquo;ambiance chez les Bretons. Avec ce 10e point de la saison, Rennes bascule dans la seconde moiti\u00e9 du classement (10e), m\u00eame s&rsquo;il n&rsquo;y a que trois points de retard sur les places europ\u00e9ennes, quand les Normands sont 14e avec 6 unit\u00e9s.<\/p>\n<p>Attendu au tournant apr\u00e8s un match et demi catastrophique \u00e0 Nantes (2-2) et contre Lens (0-0), Rennes comptait aussi beaucoup sur le retour de Valentin Rongier, son capitaine, au c\u0153ur du jeu, pour remettre de l&rsquo;ordre. Habib Beye avait fait des choix forts en laissant Seko Fofana &#8212; capitaine contre Lens &#8212; et Ludovic Blas sur le banc, pour au final sc\u00e9nario beaucoup trop familier. Comme \u00e0 Angers et comme \u00e0 Nantes, Rennes a globalement domin\u00e9 la premi\u00e8re demi-heure et fait preuve d&rsquo;un beau r\u00e9alisme en marquant deux buts sans se cr\u00e9er r\u00e9ellement de grosses occasions, notamment gr\u00e2ce \u00e0 Est\u00e9ban Lepaul d\u00e9cid\u00e9ment diabolique.<\/p>\n<p>Mais, comme \u00e0 Angers et comme \u00e0 Nantes, Rennes a arr\u00eat\u00e9 de jouer, montrant des attitudes qui frisaient la suffisance et ont remis leur adversaire en selle.<\/p>\n","protected":false},"excerpt":{"rendered":"Strasbourg est en grande forme. Les Alsaciens ont d\u00e9roul\u00e9 face \u00e0 Angers (5-0), port\u00e9s notamment par des doubl\u00e9s&hellip;\n","protected":false},"author":2,"featured_media":441209,"comment_status":"","ping_status":"","sticky":false,"template":"","format":"standard","meta":{"footnotes":""},"categories":[2821],"tags":[1111,11,829,1777,674,107,63,1011,27,12,584,25,517,1947],"class_list":{"0":"post-441924","1":"post","2":"type-post","3":"status-publish","4":"format-standard","5":"has-post-thumbnail","7":"category-rennes","8":"tag-actu","9":"tag-actualites","10":"tag-bretagne","11":"tag-eu","12":"tag-europe","13":"tag-fil-info","14":"tag-football","15":"tag-fr","16":"tag-france","17":"tag-news","18":"tag-rennes","19":"tag-republique-francaise","20":"tag-sport","21":"tag-sport-national"},"share_on_mastodon":{"url":"https:\/\/pubeurope.com\/@fr\/115324799089409649","error":""},"_links":{"self":[{"href":"https:\/\/www.europesays.com\/fr\/wp-json\/wp\/v2\/posts\/441924","targetHints":{"allow":["GET"]}}],"collection":[{"href":"https:\/\/www.europesays.com\/fr\/wp-json\/wp\/v2\/posts"}],"about":[{"href":"https:\/\/www.europesays.com\/fr\/wp-json\/wp\/v2\/types\/post"}],"author":[{"embeddable":true,"href":"https:\/\/www.europesays.com\/fr\/wp-json\/wp\/v2\/users\/2"}],"replies":[{"embeddable":true,"href":"https:\/\/www.europesays.com\/fr\/wp-json\/wp\/v2\/comments?post=441924"}],"version-history":[{"count":0,"href":"https:\/\/www.europesays.com\/fr\/wp-json\/wp\/v2\/posts\/441924\/revisions"}],"wp:featuredmedia":[{"embeddable":true,"href":"https:\/\/www.europesays.com\/fr\/wp-json\/wp\/v2\/media\/441209"}],"wp:attachment":[{"href":"https:\/\/www.europesays.com\/fr\/wp-json\/wp\/v2\/media?parent=441924"}],"wp:term":[{"taxonomy":"category","embeddable":true,"href":"https:\/\/www.europesays.com\/fr\/wp-json\/wp\/v2\/categories?post=441924"},{"taxonomy":"post_tag","embeddable":true,"href":"https:\/\/www.europesays.com\/fr\/wp-json\/wp\/v2\/tags?post=441924"}],"curies":[{"name":"wp","href":"https:\/\/api.w.org\/{rel}","templated":true}]}}