{"id":441929,"date":"2025-10-06T02:15:35","date_gmt":"2025-10-06T02:15:35","guid":{"rendered":"https:\/\/www.europesays.com\/fr\/441929\/"},"modified":"2025-10-06T02:15:35","modified_gmt":"2025-10-06T02:15:35","slug":"coup-dur-pour-defenseur-de-logc-nice-moise-bombito-apres-sa-blessure-au-derby-a-monaco","status":"publish","type":"post","link":"https:\/\/www.europesays.com\/fr\/441929\/","title":{"rendered":"Coup dur pour d\u00e9fenseur de l\u2019OGC Nice Mo\u00efse Bombito apr\u00e8s sa blessure au derby \u00e0 Monaco"},"content":{"rendered":"<p class=\"fs-5 \">56e minute de jeu. Le d\u00e9fenseur canadien de 25 ans tente de rattraper Balogun lanc\u00e9 en profondeur dans la surface.<\/p>\n<p class=\"fs-5 \">Le Mon\u00e9gasque accentue sa chute, le Ni\u00e7ois, lui, s\u2019\u00e9croule de douleur. Il ne se rel\u00e8vera pas, \u00e9vacu\u00e9 sur civi\u00e8re puis conduit \u00e0 l\u2019h\u00f4pital pour y passer des examens.<\/p>\n<p class=\"fs-5 \">L\u2019inqui\u00e9tude \u00e9tait de rigueur, le diagnostic est tomb\u00e9 dans la soir\u00e9e. Mo\u00efse Bombito souffre d\u2019une fracture du tibia gauche, le m\u00eame qui l\u2019avait contraint \u00e0 manquer les premiers mois de comp\u00e9tition (fracture de fatigue).<\/p>\n<p class=\"fs-5 \">La dur\u00e9e de son indisponibilit\u00e9 n\u2019a pas \u00e9t\u00e9 pr\u00e9cis\u00e9e mais elle devrait \u00eatre de longue dur\u00e9e.<\/p>\n<p class=\"fs-5 \">\u00ab\u00a0On a perdu un soldat\u00a0\u00bb, a souffl\u00e9 Sofiane Diop, \u00e0 propos d\u2019un joueur dont le r\u00e9cent retour sur le pr\u00e9 (contre Paris FC le week-end dernier) avait amen\u00e9 plus de garanties dans l\u2019arri\u00e8re-garde ni\u00e7oise. Il devait rejoindre sa s\u00e9lection lors de la tr\u00eave.<\/p>\n<p>            <img decoding=\"async\" src=\"https:\/\/www.europesays.com\/fr\/wp-content\/uploads\/2025\/10\/418cfe0_upload-1-w67c0gktsd4y-dambin.jpg\" loading=\"lazy\" alt=\"Monaco a profit\u00e9 de sa sup\u00e9riorit\u00e9 num\u00e9rique pour trouver des failles dans la d\u00e9fense ni\u00e7oise.\" class=\"img-fluid position-absolute w-100 object-fit-coverrounded-2\" width=\"600\" height=\"400\"\/><\/p>\n","protected":false},"excerpt":{"rendered":"56e minute de jeu. Le d\u00e9fenseur canadien de 25 ans tente de rattraper Balogun lanc\u00e9 en profondeur dans&hellip;\n","protected":false},"author":2,"featured_media":441930,"comment_status":"","ping_status":"","sticky":false,"template":"","format":"standard","meta":{"footnotes":""},"categories":[2819],"tags":[1111,11,2266,1777,674,1011,27,12,2401,54521,882,25],"class_list":{"0":"post-441929","1":"post","2":"type-post","3":"status-publish","4":"format-standard","5":"has-post-thumbnail","7":"category-nice","8":"tag-actu","9":"tag-actualites","10":"tag-as-monaco","11":"tag-eu","12":"tag-europe","13":"tag-fr","14":"tag-france","15":"tag-news","16":"tag-nice","17":"tag-ogcnice","18":"tag-provence-alpes-cote-dazur","19":"tag-republique-francaise"},"share_on_mastodon":{"url":"https:\/\/pubeurope.com\/@fr\/115324815022820118","error":""},"_links":{"self":[{"href":"https:\/\/www.europesays.com\/fr\/wp-json\/wp\/v2\/posts\/441929","targetHints":{"allow":["GET"]}}],"collection":[{"href":"https:\/\/www.europesays.com\/fr\/wp-json\/wp\/v2\/posts"}],"about":[{"href":"https:\/\/www.europesays.com\/fr\/wp-json\/wp\/v2\/types\/post"}],"author":[{"embeddable":true,"href":"https:\/\/www.europesays.com\/fr\/wp-json\/wp\/v2\/users\/2"}],"replies":[{"embeddable":true,"href":"https:\/\/www.europesays.com\/fr\/wp-json\/wp\/v2\/comments?post=441929"}],"version-history":[{"count":0,"href":"https:\/\/www.europesays.com\/fr\/wp-json\/wp\/v2\/posts\/441929\/revisions"}],"wp:featuredmedia":[{"embeddable":true,"href":"https:\/\/www.europesays.com\/fr\/wp-json\/wp\/v2\/media\/441930"}],"wp:attachment":[{"href":"https:\/\/www.europesays.com\/fr\/wp-json\/wp\/v2\/media?parent=441929"}],"wp:term":[{"taxonomy":"category","embeddable":true,"href":"https:\/\/www.europesays.com\/fr\/wp-json\/wp\/v2\/categories?post=441929"},{"taxonomy":"post_tag","embeddable":true,"href":"https:\/\/www.europesays.com\/fr\/wp-json\/wp\/v2\/tags?post=441929"}],"curies":[{"name":"wp","href":"https:\/\/api.w.org\/{rel}","templated":true}]}}