{"id":441931,"date":"2025-10-06T02:19:17","date_gmt":"2025-10-06T02:19:17","guid":{"rendered":"https:\/\/www.europesays.com\/fr\/441931\/"},"modified":"2025-10-06T02:19:17","modified_gmt":"2025-10-06T02:19:17","slug":"d3f-deux-gros-cartons-dans-cette-5e-journee-bordeaux-chute-au-classement","status":"publish","type":"post","link":"https:\/\/www.europesays.com\/fr\/441931\/","title":{"rendered":"D3F : deux gros cartons dans cette 5e journ\u00e9e, Bordeaux chute au classement"},"content":{"rendered":"<p>\n    05\/10 &#8211; 18:27 | Par Nicolas Pietrelli | Il y a<br \/>\n    10 heures\n  <\/p>\n<p><strong>La 5e journ\u00e9e de Division 3 f\u00e9minine a confirm\u00e9 l\u2019\u00e9cart entre les \u00e9quipes du haut et du bas de tableau. Les Girondines de Bordeaux, balay\u00e9es 8 \u00e0 0 par l\u2019Olympique Lyonnais 2, glissent au classement et devront vite r\u00e9agir pour \u00e9viter de s\u2019enliser. Avec des scores fleuves, cette journ\u00e9e illustre un championnat \u00e0 deux vitesses o\u00f9 Bordeaux peine \u00e0 trouver son rythme.<\/strong><\/p>\n<p><img decoding=\"async\" src=\"https:\/\/www.europesays.com\/fr\/wp-content\/uploads\/2025\/10\/671_94043378fff72336e7b8689173fe1153.jpg\" alt=\"D3F : deux gros cartons dans cette 5e journ\u00e9e, Bordeaux chute au classement\" class=\"img-responsive mt-3\"\/><\/p>\n<p class=\"text-center mb-3\" style=\"font-size: 14px\">\u00a9 Iconsport<\/p>\n<p>      <strong data-start=\"909\" data-end=\"978\">Les Girondines de Bordeaux d\u00e9crochent apr\u00e8s la gifle re\u00e7ue \u00e0 Lyon<\/strong><\/p>\n<p>Les r\u00e9sultats de la 5e journ\u00e9e de Division 3 :<\/p>\n<p><strong>Montauban FC <strong>2-3<\/strong> AS Cannes<br \/>Montpellier HSC 2 <strong>4-0<\/strong> AS Chatenoy le Royal<br \/><\/strong>Olympique Lyonnais 2 <strong>8-0<\/strong> Girondins de Bordeaux<br \/>Le Puy Foot 43 <strong>10-0<\/strong> ALC Longvic<br \/>Albi Marssac TF <strong>1-2<\/strong> Rousset Sainte-Victoire<br \/>AS Monaco en attente Clermont Foot 63<\/p>\n<p><strong>&gt; <\/strong><a href=\"https:\/\/www.webgirondins.com\/classement-girondins-feminines-division3\" target=\"_blank\" rel=\"noopener\">Voir le classement de la Division 3<\/a><\/p>\n<p>\u00a0<\/p>\n<p class=\"px-0\">\u00c0 lire &gt;&gt; <strong><a href=\"https:\/\/www.webgirondins.com\/actualite-girondins-girondins-la-reaction-de-bruno-irles-apres-le-succes-a-poitiers-0-3-130687\" target=\"_blank\" rel=\"noopener\">Girondins : la r\u00e9action de Bruno Irl\u00e8s apr\u00e8s le succ\u00e8s \u00e0 Poitiers (0\u20133)<\/a><\/strong><\/p>\n<p>    <a href=\"https:\/\/www.webgirondins.com\/actualites-categorie-feminines-18\" target=\"_blank\" rel=\"noopener\">#F\u00e9minines<\/a><\/p>\n<p>  COMMENTAIRES<br \/>\n  ()<\/p>\n","protected":false},"excerpt":{"rendered":"05\/10 &#8211; 18:27 | Par Nicolas Pietrelli | Il y a 10 heures La 5e journ\u00e9e de Division&hellip;\n","protected":false},"author":2,"featured_media":441932,"comment_status":"","ping_status":"","sticky":false,"template":"","format":"standard","meta":{"footnotes":""},"categories":[2817],"tags":[1111,11,1997,52447,3477,837,1981,8845,1446,4070,8374,42258,2834,14078,1777,674,4283,1011,27,5239,10771,3465,12,2219,25,3898],"class_list":{"0":"post-441931","1":"post","2":"type-post","3":"status-publish","4":"format-standard","5":"has-post-thumbnail","7":"category-bordeaux","8":"tag-actu","9":"tag-actualites","10":"tag-bordeaux","11":"tag-cartons","12":"tag-cette","13":"tag-chute","14":"tag-classement","15":"tag-confirme","16":"tag-dans","17":"tag-deux","18":"tag-division","19":"tag-ecart","20":"tag-entre","21":"tag-equipes","22":"tag-eu","23":"tag-europe","24":"tag-feminine","25":"tag-fr","26":"tag-france","27":"tag-gros","28":"tag-haut","29":"tag-journee","30":"tag-news","31":"tag-nouvelle-aquitaine","32":"tag-republique-francaise","33":"tag-tableau"},"share_on_mastodon":{"url":"https:\/\/pubeurope.com\/@fr\/115324831111227023","error":""},"_links":{"self":[{"href":"https:\/\/www.europesays.com\/fr\/wp-json\/wp\/v2\/posts\/441931","targetHints":{"allow":["GET"]}}],"collection":[{"href":"https:\/\/www.europesays.com\/fr\/wp-json\/wp\/v2\/posts"}],"about":[{"href":"https:\/\/www.europesays.com\/fr\/wp-json\/wp\/v2\/types\/post"}],"author":[{"embeddable":true,"href":"https:\/\/www.europesays.com\/fr\/wp-json\/wp\/v2\/users\/2"}],"replies":[{"embeddable":true,"href":"https:\/\/www.europesays.com\/fr\/wp-json\/wp\/v2\/comments?post=441931"}],"version-history":[{"count":0,"href":"https:\/\/www.europesays.com\/fr\/wp-json\/wp\/v2\/posts\/441931\/revisions"}],"wp:featuredmedia":[{"embeddable":true,"href":"https:\/\/www.europesays.com\/fr\/wp-json\/wp\/v2\/media\/441932"}],"wp:attachment":[{"href":"https:\/\/www.europesays.com\/fr\/wp-json\/wp\/v2\/media?parent=441931"}],"wp:term":[{"taxonomy":"category","embeddable":true,"href":"https:\/\/www.europesays.com\/fr\/wp-json\/wp\/v2\/categories?post=441931"},{"taxonomy":"post_tag","embeddable":true,"href":"https:\/\/www.europesays.com\/fr\/wp-json\/wp\/v2\/tags?post=441931"}],"curies":[{"name":"wp","href":"https:\/\/api.w.org\/{rel}","templated":true}]}}