{"id":441941,"date":"2025-10-06T02:25:17","date_gmt":"2025-10-06T02:25:17","guid":{"rendered":"https:\/\/www.europesays.com\/fr\/441941\/"},"modified":"2025-10-06T02:25:17","modified_gmt":"2025-10-06T02:25:17","slug":"pres-de-marseille-les-vice-champions-du-monde-de-la-frite-organisent-une-soiree-gratuite-voici-quand","status":"publish","type":"post","link":"https:\/\/www.europesays.com\/fr\/441941\/","title":{"rendered":"Pr\u00e8s de Marseille, les vice-champions du monde de la frite organisent une soir\u00e9e gratuite, voici quand"},"content":{"rendered":"<p>            Par<br \/>\n        <strong><br \/>\n            <a href=\"https:\/\/actu.fr\/auteur\/thibault-nadal-actu-fr\" title=\"Consulter tous les articles de Thibault Nadal\" rel=\"nofollow noopener\" target=\"_blank\">Thibault Nadal<\/a><br \/>\n        <\/strong><\/p>\n<p>        Publi\u00e9 le<\/p>\n<p>            5 oct. 2025 \u00e0 7h52        <\/p>\n<p>On n\u2019osera pas reprendre la c\u00e9l\u00e8bre formule de Jeff dans Les Tuches. Mais c\u2019est une soir\u00e9e o\u00f9 le personnage de Jean-Paul Rouve aurait pu facilement trouver son bonheur.<\/p>\n<p class=\" wall-content\">Ce mardi 7\u00a0octobre 2025, une soir\u00e9e d\u00e9gustations de frites gratuite est organis\u00e9e \u00e0 <a href=\"https:\/\/actu.fr\/provence-alpes-cote-d-azur\/la-ciotat_13028\" rel=\"nofollow noopener\" target=\"_blank\">La Ciotat<\/a> (<a href=\"https:\/\/actu.fr\/provence-alpes-cote-d-azur\/bouches-du-rhone_13\" rel=\"nofollow noopener\" target=\"_blank\">Bouches-du-Rh\u00f4ne<\/a>). Mais les curieux ne d\u00e9gusteront pas n\u2019importe quelles frites. Elles seront <strong>r\u00e9alis\u00e9es par la Friterie du Ch\u2019nord au Sud<\/strong> qui vient tout juste de terminer \u00e0 la deuxi\u00e8me place des championnats du monde.<\/p>\n<p>    <a href=\"https:\/\/www.google.com\/maps\/embed?pb=!1m18!1m12!1m3!1d2280.7466164737134!2d5.608407236741064!3d43.18910696799168!2m3!1f0!2f0!3f0!3m2!1i1024!2i768!4f13.1!3m3!1m2!1s0x8bdbd069c830feb7%3A0x84decc499646b431!2sLa%20Friterie%20du%20ch%27nord%20au%20sud!5e1!3m2!1sfr!2sfr!4v1759326638762!5m2!1sfr!2sfr\" title=\"Ouvrie le lien\" rel=\"nofollow noopener\" target=\"_blank\">Cliquez ici pour visualiser le contenu<\/a><\/p>\n<p>Jusqu\u2019\u00e0 \u00e9puisement des stocks<\/p>\n<p class=\" wall-content\">Apr\u00e8s avoir \u00e9t\u00e9 s\u00e9lectionn\u00e9s, Audrey et Jean-Philippe Covic ont donc pris la direction d\u2019Arras pour les championnats du monde. Un retour aux sources pour <strong>ces Nordistes d\u2019origine<\/strong>.<\/p>\n<p class=\" wall-content\">Apr\u00e8s cette \u00ab\u2009p\u00e9riode stressante et fatigante\u2009\u00bb, le couple a d\u00e9cid\u00e9 de s\u2019octroyer une courte semaine de repos. Mais pour c\u00e9l\u00e9brer cette deuxi\u00e8me place, ils ont souhait\u00e9 organiser une grande soir\u00e9e qui se tiendra ce mardi soir.<\/p>\n<p class=\" wall-content\"><a href=\"https:\/\/www.instagram.com\/p\/DPMHjPpCHZf\/embed\" title=\"Ouvrir le lien sur Instagram\" rel=\"nofollow noopener\" target=\"_blank\">Visualiser le contenu sur Instagram<\/a><\/p>\n<p class=\" wall-content\"><strong>D\u00e8s 18h<\/strong>, les curieux qui passeront dans le coin pourront donc d\u00e9guster les deuxi\u00e8mes meilleures frites du monde gratuitement. Mais il faudra arriver t\u00f4t, car l\u2019\u00e9v\u00e9nement risque d\u2019attirer du monde et que le stock de pommes de terre n\u2019est pas illimit\u00e9.<\/p>\n<p>La Friterie du Ch\u2019nord au Sud se trouve 524 avenue Guillaume Dulac \u00e0 La Ciotat.<\/p>\n<p class=\" wall-content\">Personnalisez votre actualit\u00e9 en ajoutant vos villes et m\u00e9dias en favori avec <a href=\"https:\/\/moncompte.actu.fr\" title=\"D\u00e9couvez Mon Actu\" rel=\"nofollow noopener\" data-trk=\"{&quot;cta&quot;:{&quot;action&quot;:&quot;https:\\\/\\\/moncompte.actu.fr&quot;,&quot;category&quot;:&quot;mon compte&quot;,&quot;from&quot;:&quot;article footer&quot;,&quot;name&quot;:&quot;Mon actu&quot;,&quot;type&quot;:&quot;cta&quot;}}\" target=\"_blank\">Mon Actu<\/a>.<\/p>\n<p>                    <script async src=\"\/\/www.instagram.com\/embed.js\"><\/script><\/p>\n","protected":false},"excerpt":{"rendered":"Par Thibault Nadal Publi\u00e9 le 5 oct. 2025 \u00e0 7h52 On n\u2019osera pas reprendre la c\u00e9l\u00e8bre formule de&hellip;\n","protected":false},"author":2,"featured_media":441942,"comment_status":"","ping_status":"","sticky":false,"template":"","format":"standard","meta":{"footnotes":""},"categories":[2814],"tags":[1111,11,1777,674,1011,27,1757,1652,884,12,882,25],"class_list":{"0":"post-441941","1":"post","2":"type-post","3":"status-publish","4":"format-standard","5":"has-post-thumbnail","7":"category-marseille","8":"tag-actu","9":"tag-actualites","10":"tag-eu","11":"tag-europe","12":"tag-fr","13":"tag-france","14":"tag-insolite","15":"tag-loisirs-culture","16":"tag-marseille","17":"tag-news","18":"tag-provence-alpes-cote-dazur","19":"tag-republique-francaise"},"share_on_mastodon":{"url":"https:\/\/pubeurope.com\/@fr\/115324854239610042","error":""},"_links":{"self":[{"href":"https:\/\/www.europesays.com\/fr\/wp-json\/wp\/v2\/posts\/441941","targetHints":{"allow":["GET"]}}],"collection":[{"href":"https:\/\/www.europesays.com\/fr\/wp-json\/wp\/v2\/posts"}],"about":[{"href":"https:\/\/www.europesays.com\/fr\/wp-json\/wp\/v2\/types\/post"}],"author":[{"embeddable":true,"href":"https:\/\/www.europesays.com\/fr\/wp-json\/wp\/v2\/users\/2"}],"replies":[{"embeddable":true,"href":"https:\/\/www.europesays.com\/fr\/wp-json\/wp\/v2\/comments?post=441941"}],"version-history":[{"count":0,"href":"https:\/\/www.europesays.com\/fr\/wp-json\/wp\/v2\/posts\/441941\/revisions"}],"wp:featuredmedia":[{"embeddable":true,"href":"https:\/\/www.europesays.com\/fr\/wp-json\/wp\/v2\/media\/441942"}],"wp:attachment":[{"href":"https:\/\/www.europesays.com\/fr\/wp-json\/wp\/v2\/media?parent=441941"}],"wp:term":[{"taxonomy":"category","embeddable":true,"href":"https:\/\/www.europesays.com\/fr\/wp-json\/wp\/v2\/categories?post=441941"},{"taxonomy":"post_tag","embeddable":true,"href":"https:\/\/www.europesays.com\/fr\/wp-json\/wp\/v2\/tags?post=441941"}],"curies":[{"name":"wp","href":"https:\/\/api.w.org\/{rel}","templated":true}]}}