{"id":441943,"date":"2025-10-06T02:26:19","date_gmt":"2025-10-06T02:26:19","guid":{"rendered":"https:\/\/www.europesays.com\/fr\/441943\/"},"modified":"2025-10-06T02:26:19","modified_gmt":"2025-10-06T02:26:19","slug":"le-mouvement-bloquons-tout-derriere-laction","status":"publish","type":"post","link":"https:\/\/www.europesays.com\/fr\/441943\/","title":{"rendered":"le mouvement Bloquons Tout derri\u00e8re l&rsquo;action"},"content":{"rendered":"<p itemprop=\"description\"><strong>Ce samedi, il y avait du monde au centre commercial de la Part-Dieu \u00e0 Lyon.<\/strong><\/p>\n<p>Mais durant l&rsquo;apr\u00e8s-midi, une odeur putride a envahi les all\u00e9es du b\u00e2timent, poussant certains clients \u00e0 quitter les lieux ou en s&rsquo;\u00e9mouvoir sur les r\u00e9seaux sociaux.<\/p>\n<blockquote class=\"twitter-tweet\"><p>&#13;<\/p>\n<p dir=\"ltr\" lang=\"fr\">oh l\u2019odeur qu\u2019il y\u2019a \u00e0 la part dieu c\u2019est un cadavre ou quoi zbi<\/p>\n<p>&#13;<br \/>\n\u2014 \ud83c\udf49\ud83c\udf80 (@usermarroqui) <a href=\"https:\/\/twitter.com\/usermarroqui\/status\/1974473213959954578?ref_src=twsrc%5Etfw\" target=\"_blank\" rel=\"noopener\">October 4, 2025<\/a><\/p><\/blockquote>\n<p>L&rsquo;action a depuis \u00e9t\u00e9 revendiqu\u00e9e par le mouvement Bloquons Tout, derri\u00e8re les tentatives de bloquages et manifestations du mois de septembre. \u00ab\u00a0L&rsquo;odeur de la mort\u00a0\u00bb a donc r\u00e9gn\u00e9 sur place, via des boules puantes.<\/p>\n<p>Dans un communiqu\u00e9, ses militants expliquent avoir \u00ab\u00a0agi pour perturber gr\u00e2ce \u00e0 la saturation olfactive les pratiques rituelles de surconsommation qui r\u00e9v\u00e8lent les nombreux impens\u00e9s dont l&#8217;emprise de ce vaste syst\u00e8me sur la population\u00a0\u00bb.<\/p>\n<blockquote class=\"twitter-tweet\"><p>&#13;<\/p>\n<p dir=\"ltr\" lang=\"fr\">\ud83e\udd22DROLE D&rsquo;ODEUR \u00c0 PART DIEU\ud83e\udeb0<br \/>Nous revendiquons l\u2019op\u00e9ration boule puante qui s\u2019est d\u00e9roul\u00e9e ce samedi apr\u00e8s-midi \u00e0 la Part Dieu.<br \/>C&rsquo;est l&rsquo;odeur des marques qui financent les g\u00e9nocides : l&rsquo;odeur de la mort \ud83d\udc80<a href=\"https:\/\/twitter.com\/hashtag\/BloquonsTout?src=hash&amp;ref_src=twsrc%5Etfw\" target=\"_blank\" rel=\"noopener\">#BloquonsTout<\/a> <a href=\"https:\/\/twitter.com\/hashtag\/10s25?src=hash&amp;ref_src=twsrc%5Etfw\" target=\"_blank\" rel=\"noopener\">#10s25<\/a> <a href=\"https:\/\/twitter.com\/hashtag\/lyon?src=hash&amp;ref_src=twsrc%5Etfw\" target=\"_blank\" rel=\"noopener\">#lyon<\/a> <a href=\"https:\/\/twitter.com\/hashtag\/10septembre?src=hash&amp;ref_src=twsrc%5Etfw\" target=\"_blank\" rel=\"noopener\">#10septembre<\/a> <a href=\"https:\/\/t.co\/cZg5QOlrQi\">pic.twitter.com\/cZg5QOlrQi<\/a><\/p>\n<p>&#13;<br \/>\n\u2014 10septembrelyon (@10septembrelyon) <a href=\"https:\/\/twitter.com\/10septembrelyon\/status\/1974550381377249294?ref_src=twsrc%5Etfw\" target=\"_blank\" rel=\"noopener\">October 4, 2025<\/a><\/p><\/blockquote>\n<p>Bloquons Tout estime \u00e9galement que Westfield La Part-Dieu h\u00e9berge \u00ab\u00a0de nombreuses entreprises d\u00e9vastatrices pour le monde vivant, comme Zara, marque de fast fashion qui habille l&rsquo;apartheid et le g\u00e9nocide en Palestine, ou Carrefour, qui touche plus de 300 millions d&rsquo;euros d&rsquo;aides publiques, tout en soutenant l&rsquo;occupation isra\u00e9lienne\u00a0\u00bb.<\/p>\n<p>\t\t  <script async src=\"https:\/\/platform.twitter.com\/widgets.js\" charset=\"utf-8\"><\/script><\/p>\n","protected":false},"excerpt":{"rendered":"Ce samedi, il y avait du monde au centre commercial de la Part-Dieu \u00e0 Lyon. Mais durant l&rsquo;apr\u00e8s-midi,&hellip;\n","protected":false},"author":2,"featured_media":441944,"comment_status":"","ping_status":"","sticky":false,"template":"","format":"standard","meta":{"footnotes":""},"categories":[1889],"tags":[1111,11,2813,2190,2430,1109,251,1112,2811,1777,674,118,1011,27,1922,1110,1114,2428,2810,12,241,316,25,2812,517,800],"class_list":{"0":"post-441943","1":"post","2":"type-post","3":"status-publish","4":"format-standard","5":"has-post-thumbnail","7":"category-lyon","8":"tag-actu","9":"tag-actualites","10":"tag-article","11":"tag-asvel","12":"tag-auvergne-rhone-alpes","13":"tag-breves","14":"tag-culture","15":"tag-depeches","16":"tag-economique","17":"tag-eu","18":"tag-europe","19":"tag-faits-divers","20":"tag-fr","21":"tag-france","22":"tag-info","23":"tag-informations","24":"tag-infos","25":"tag-lyon","26":"tag-lyonmag","27":"tag-news","28":"tag-ol","29":"tag-politique","30":"tag-republique-francaise","31":"tag-sociale","32":"tag-sport","33":"tag-transports"},"share_on_mastodon":{"url":"https:\/\/pubeurope.com\/@fr\/115324858226200191","error":""},"_links":{"self":[{"href":"https:\/\/www.europesays.com\/fr\/wp-json\/wp\/v2\/posts\/441943","targetHints":{"allow":["GET"]}}],"collection":[{"href":"https:\/\/www.europesays.com\/fr\/wp-json\/wp\/v2\/posts"}],"about":[{"href":"https:\/\/www.europesays.com\/fr\/wp-json\/wp\/v2\/types\/post"}],"author":[{"embeddable":true,"href":"https:\/\/www.europesays.com\/fr\/wp-json\/wp\/v2\/users\/2"}],"replies":[{"embeddable":true,"href":"https:\/\/www.europesays.com\/fr\/wp-json\/wp\/v2\/comments?post=441943"}],"version-history":[{"count":0,"href":"https:\/\/www.europesays.com\/fr\/wp-json\/wp\/v2\/posts\/441943\/revisions"}],"wp:featuredmedia":[{"embeddable":true,"href":"https:\/\/www.europesays.com\/fr\/wp-json\/wp\/v2\/media\/441944"}],"wp:attachment":[{"href":"https:\/\/www.europesays.com\/fr\/wp-json\/wp\/v2\/media?parent=441943"}],"wp:term":[{"taxonomy":"category","embeddable":true,"href":"https:\/\/www.europesays.com\/fr\/wp-json\/wp\/v2\/categories?post=441943"},{"taxonomy":"post_tag","embeddable":true,"href":"https:\/\/www.europesays.com\/fr\/wp-json\/wp\/v2\/tags?post=441943"}],"curies":[{"name":"wp","href":"https:\/\/api.w.org\/{rel}","templated":true}]}}