{"id":441945,"date":"2025-10-06T02:27:14","date_gmt":"2025-10-06T02:27:14","guid":{"rendered":"https:\/\/www.europesays.com\/fr\/441945\/"},"modified":"2025-10-06T02:27:14","modified_gmt":"2025-10-06T02:27:14","slug":"run-in-lyon-bat-son-record-de-frequentation-dans-une-ambiance-survoltee","status":"publish","type":"post","link":"https:\/\/www.europesays.com\/fr\/441945\/","title":{"rendered":"Run in Lyon bat son record de fr\u00e9quentation dans une ambiance survolt\u00e9e"},"content":{"rendered":"<p class=\"article__intro\">Run in Lyon n&rsquo;avait jamais connu autant d&rsquo;affluence depuis sa cr\u00e9ation, avec 33000 participants ce dimanche 5 octobre. Du cinq kilom\u00e8tres au marathon, le running fait de plus en plus d&rsquo;adeptes.<\/p>\n<p>\n      L\u2019actu des r\u00e9gions\n    <\/p>\n<p>\n      Chaque jour, un tour d\u2019horizon des principales infos de toutes les r\u00e9gions.\n    <\/p>\n<p>    France T\u00e9l\u00e9visions utilise votre adresse e-mail afin de vous envoyer la newsletter \u00ab\u00a0L\u2019actu des r\u00e9gions\u00a0\u00bb. Vous pouvez vous d\u00e9sinscrire \u00e0 tout moment via le lien en bas de cette newsletter. <a target=\"_blank\" href=\"https:\/\/www.francetelevisions.fr\/groupe\/confidentialite\/politique-de-confidentialite\/politique-de-confidentialite-de-france-televisions-6503\" rel=\"nofollow noopener\">Notre politique de confidentialit\u00e9<\/a><\/p>\n<p>L&rsquo;\u00e9v\u00e9nement Run in Lyon a battu un nouveau record de fr\u00e9quentation cette ann\u00e9e. Plus de 33 000 coureurs ont franchi la ligne d&rsquo;arriv\u00e9e : c&rsquo;est 3000 de plus que l&rsquo;\u00e9dition 2024. L&rsquo;engouement pour ce sport est un vrai ph\u00e9nom\u00e8ne ces derni\u00e8res ann\u00e9es : pour 60% des participants, c&rsquo;\u00e9tait une toute premi\u00e8re course. Marathon, semi-marathon, course de 10 kilom\u00e8tres, il y en avait pour tous les niveaux.\u00a0<\/p>\n<p>\u00ab\u00a0C&rsquo;est la premi\u00e8re fois, je me lance dans un nouveau d\u00e9fi. C&rsquo;est assez excitant. J&rsquo;ai un peu d&rsquo;appr\u00e9hension de ne pas r\u00e9ussir, de ne pas relever le challenge, mais je veux surtout prendre du plaisir\u00a0\u00bb, confie une coureuse avant le d\u00e9part. V\u00eatues d&rsquo;un tee-shirt orange fluo, des coll\u00e8gues essayent de ne pas stresser en faisant des blagues : \u00ab\u00a0L&rsquo;histoire, c&rsquo;est qu&rsquo;on courait toutes dans notre coin et on a d\u00e9cid\u00e9 d&rsquo;aller courir ensemble le jeudi pour se motiver et cr\u00e9er une coh\u00e9sion d&rsquo;\u00e9quipe. On se sentait pr\u00eates pour s&rsquo;inscrire \u00e0 la Run in Lyon\u00a0\u00bb.<\/p>\n<blockquote class=\"twitter-tweet\">\n<p dir=\"ltr\" lang=\"fr\">La recette d\u2019un dimanche parfait ? <br \/>Des milliers de coureurs pr\u00eats \u00e0 conqu\u00e9rir la plus belle ville de France \ud83e\udd70 <a href=\"https:\/\/t.co\/JgyVjbFenw\" rel=\"nofollow\">pic.twitter.com\/JgyVjbFenw<\/a><\/p>\n<p>\u2014 Run In Lyon by Harmonie Mutuelle (@runinfrance) <a href=\"https:\/\/twitter.com\/runinfrance\/status\/1974735576189354399?ref_src=twsrc%5Etfw\" rel=\"nofollow noopener\" target=\"_blank\">October 5, 2025<\/a><\/p><\/blockquote>\n<p>L&rsquo;\u00e9preuve sportive devenue incontournable au fil du temps, a beaucoup \u00e9volu\u00e9 depuis 15 ans : \u00ab\u00a0L&rsquo;accompagnement qu&rsquo;on peut proposer aux coureurs est plus important parce qu&rsquo;aujourd&rsquo;hui, on a des coureurs, qui mettent un dossard pour la premi\u00e8re fois, il faut les accompagner sur des plans d&rsquo;entra\u00eenement, les rassurer,\u00a0et r\u00e9pondre \u00e0 leurs questions\u00a0\u00bb, explique\u00a0Thomas Delpeuch, directeur de l&rsquo;\u00e9v\u00e9nement. \u00ab\u00a0Il y a un fort engouement pour la pratique du running, qui est assez libre, assez facile \u00e0 mettre en place. Il y a aussi des freins qui ont saut\u00e9. Avant on se disait que faire un marathon, ce n&rsquo;\u00e9tait pas pour soi mais maintenant, mettre un dossard ce n&rsquo;est plus du tout tabou, c&rsquo;est un d\u00e9fi qu&rsquo;on peut se lancer\u00a0\u00bb.<\/p>\n<p>\u00c0 l&rsquo;arriv\u00e9e, les coureurs \u00e9taient bien fatigu\u00e9s mais heureux d&rsquo;avoir r\u00e9alis\u00e9 cette \u00e9preuve sportive, parfois \u00e9prouvante. \u00ab\u00a0On se rend compte qu&rsquo;on en est capable et on se prouve qu&rsquo;on peut faire de belles choses quand on en a la volont\u00e9. C&rsquo;\u00e9tait un peu dur sur la fin parce que j&rsquo;avais un objectif ambitieux mais je suis content de moi\u00a0\u00bb, raconte l&rsquo;un d&rsquo;eux. \u00a0\u00bb\u00a0Au d\u00e9but, tout le monde est motiv\u00e9, tout le monde court comme des dingues puis apr\u00e8s le quinzi\u00e8me kilom\u00e8tre, c&rsquo;est compliqu\u00e9, j&rsquo;en pouvais plus, il n&rsquo;y avait plus rien dans le corps mais \u00e7a fait plaisir de r\u00e9ussir \u00e0 la fin\u00a0\u00bb. <\/p>\n<p>Et pour certains, cette course est le d\u00e9but d&rsquo;une grande aventure : \u00ab\u00a0Avant janvier, je ne courais pas, aujourd&rsquo;hui j&rsquo;ai r\u00e9alis\u00e9 un semi, et mon prochain d\u00e9fi c&rsquo;est le marathon\u00a0\u00bb.<\/p>\n<p><a data-article-figure=\"\" href=\"https:\/\/france3-regions.franceinfo.fr\/image\/XWh4op3AqUk0B8cJcnERf6_WXMA\/1920x1080\/regions\/2025\/10\/05\/studio30093-00-00-05-23-68e290a5691b0310722093.jpg\" data-pswp-width=\"1920\" data-pswp-height=\"1080\" target=\"_blank\" rel=\"nofollow noopener\"><\/p>\n<p>          <img width=\"600\" height=\"400\" class=\"article-image lazy\" data-src=\"https:\/\/www.europesays.com\/fr\/wp-content\/uploads\/2025\/10\/studio30093-00-00-05-23-68e290a5691b0310722093.jpg\" alt=\"\u00c0 l'arriv\u00e9e, les coureurs \u00e9taient bien fatigu\u00e9s mais heureux d'avoir r\u00e9alis\u00e9 cette \u00e9preuve sportive, parfois \u00e9prouvante.\" fetchpriority=\"high\" as=\"image\"\/><\/p>\n<p>\n            \u00c0 l&rsquo;arriv\u00e9e, les coureurs \u00e9taient bien fatigu\u00e9s mais heureux d&rsquo;avoir r\u00e9alis\u00e9 cette \u00e9preuve sportive, parfois \u00e9prouvante.<br \/>\n                           \u2022<br \/>\n                                      \u00a9 Victor Bachtik \/ France Rh\u00f4ne-Alpes\n                      <\/p>\n<p><\/a><\/p>\n<p>Cette \u00e9dition a attir\u00e9 les foules mais elle a tout de m\u00eame fait quelques d\u00e9\u00e7us puisqu&rsquo;il y a des jauges \u00e0 respecter : \u00ab\u00a0On ne peut pas prendre tout le monde malheureusement. On a fait des frustr\u00e9s parce qu&rsquo;on a ferm\u00e9 les inscriptions des 10 kilom\u00e8tres et du semi tr\u00e8s t\u00f4t au printemps et le marathon seulement \u00e0 la fin de l&rsquo;\u00e9t\u00e9. C&rsquo;est un peu dur de refuser du monde sur des \u00e9v\u00e9nements o\u00f9 on a envie de voir le maximum de sourires mais on n&rsquo;a pas le choix\u00a0\u00bb, assure Thomas Delpeuch.<\/p>\n<p>Les organisateurs esp\u00e8rent, en tout cas, pouvoir accueillir autant de monde l&rsquo;ann\u00e9e prochaine, avec des nouveaut\u00e9s concernant le parcours.<\/p>\n<p>Avec Claire-Marine Selles et Victor Bachtik\u00a0<\/p>\n<p>  <script async src=\"https:\/\/platform.twitter.com\/widgets.js\" charset=\"utf-8\"><\/script><\/p>\n","protected":false},"excerpt":{"rendered":"Run in Lyon n&rsquo;avait jamais connu autant d&rsquo;affluence depuis sa cr\u00e9ation, avec 33000 participants ce dimanche 5 octobre.&hellip;\n","protected":false},"author":2,"featured_media":441946,"comment_status":"","ping_status":"","sticky":false,"template":"","format":"standard","meta":{"footnotes":""},"categories":[1889],"tags":[1111,11,2430,1777,674,1011,27,2428,12,25],"class_list":{"0":"post-441945","1":"post","2":"type-post","3":"status-publish","4":"format-standard","5":"has-post-thumbnail","7":"category-lyon","8":"tag-actu","9":"tag-actualites","10":"tag-auvergne-rhone-alpes","11":"tag-eu","12":"tag-europe","13":"tag-fr","14":"tag-france","15":"tag-lyon","16":"tag-news","17":"tag-republique-francaise"},"share_on_mastodon":{"url":"https:\/\/pubeurope.com\/@fr\/115324861965501075","error":""},"_links":{"self":[{"href":"https:\/\/www.europesays.com\/fr\/wp-json\/wp\/v2\/posts\/441945","targetHints":{"allow":["GET"]}}],"collection":[{"href":"https:\/\/www.europesays.com\/fr\/wp-json\/wp\/v2\/posts"}],"about":[{"href":"https:\/\/www.europesays.com\/fr\/wp-json\/wp\/v2\/types\/post"}],"author":[{"embeddable":true,"href":"https:\/\/www.europesays.com\/fr\/wp-json\/wp\/v2\/users\/2"}],"replies":[{"embeddable":true,"href":"https:\/\/www.europesays.com\/fr\/wp-json\/wp\/v2\/comments?post=441945"}],"version-history":[{"count":0,"href":"https:\/\/www.europesays.com\/fr\/wp-json\/wp\/v2\/posts\/441945\/revisions"}],"wp:featuredmedia":[{"embeddable":true,"href":"https:\/\/www.europesays.com\/fr\/wp-json\/wp\/v2\/media\/441946"}],"wp:attachment":[{"href":"https:\/\/www.europesays.com\/fr\/wp-json\/wp\/v2\/media?parent=441945"}],"wp:term":[{"taxonomy":"category","embeddable":true,"href":"https:\/\/www.europesays.com\/fr\/wp-json\/wp\/v2\/categories?post=441945"},{"taxonomy":"post_tag","embeddable":true,"href":"https:\/\/www.europesays.com\/fr\/wp-json\/wp\/v2\/tags?post=441945"}],"curies":[{"name":"wp","href":"https:\/\/api.w.org\/{rel}","templated":true}]}}