{"id":441947,"date":"2025-10-06T02:32:14","date_gmt":"2025-10-06T02:32:14","guid":{"rendered":"https:\/\/www.europesays.com\/fr\/441947\/"},"modified":"2025-10-06T02:32:14","modified_gmt":"2025-10-06T02:32:14","slug":"lopposition-cingle-le-retour-des-perdants-les-macronistes-defendent-une-continuite-dans-laction","status":"publish","type":"post","link":"https:\/\/www.europesays.com\/fr\/441947\/","title":{"rendered":"l&rsquo;opposition cingle \u00ab\u00a0le retour des perdants\u00a0\u00bb, les macronistes d\u00e9fendent \u00ab\u00a0une continuit\u00e9 dans l&rsquo;action\u00a0\u00bb"},"content":{"rendered":"\n<p class=\"c-chapo \">\n  Le d\u00e9put\u00e9 de La France insoumise \u00c9ric Coquerel voit dans cette nouvelle \u00e9quipe minist\u00e9rielle d\u00e9voil\u00e9e dimanche soir un gouvernement \u00ab\u00a0encore plus \u00e0 droite\u00a0\u00bb. Marine Le Pen d\u00e9nonce le choix \u00ab\u00a0path\u00e9tique\u00a0\u00bb d&rsquo;un \u00ab\u00a0gouvernement \u00e0 l&rsquo;identique\u00a0\u00bb. Le d\u00e9put\u00e9 macroniste Jean-Ren\u00e9 Cazeneuve estime qu&rsquo;il y a \u00ab\u00a0des gens de qualit\u00e9 pour trouver des compromis\u00a0\u00bb.\n<\/p>\n<p>      lire plus tard<\/p>\n<p id=\"dialog__title\" class=\"dialog__title\">Pour sauvegarder cet article, connectez-vous ou cr\u00e9ez un compte franceinfo<\/p>\n<p class=\"dialog__description\">Sans paiement. Sans abonnement.<\/p>\n<p>        Fermer la fen\u00eatre d\u2019activation des notifications France Info<\/p>\n<p>      cr\u00e9er votre compte<\/p>\n<p>      se connecter<\/p>\n<p>        Fermer la fen\u00eatre de pr\u00e9sentation<\/p>\n<p>    <img loading=\"lazy\" decoding=\"async\" class=\"signature__image lazyload\" width=\"100\" height=\"100\" data- alt=\"\" src=\"https:\/\/www.europesays.com\/fr\/wp-content\/uploads\/2025\/05\/64a7df4c5fe71_placeholder-36b69ec8.png\"\/><\/p>\n<p>    Publi\u00e9 le 05\/10\/2025 20:43<\/p>\n<p>      Mis \u00e0 jour le 05\/10\/2025 22:34<\/p>\n<p>        Temps de lecture : 4min<\/p>\n<p>    <img decoding=\"async\"  alt=\"Le secr\u00e9taire g\u00e9n\u00e9ral de la pr\u00e9sidence fran\u00e7aise, Emmanuel Moulin, lors de l'annonce de la premi\u00e8re vague de nominations des ministres qui formeront le nouveau gouvernement fran\u00e7ais, \u00e0 l'\u00c9lys\u00e9e, \u00e0 Paris, le 5 octobre 2025. (CHRISTOPHE PETIT TESSON \/ POOL)\" width=\"432\" height=\"243\" src=\"https:\/\/www.europesays.com\/fr\/wp-content\/uploads\/2025\/10\/000-77rx9pk-68e2bc24f06ea095286800.jpg\" fetchpriority=\"high\"\/><\/p>\n<p>      Le secr\u00e9taire g\u00e9n\u00e9ral de la pr\u00e9sidence fran\u00e7aise, Emmanuel Moulin, lors de l&rsquo;annonce de la premi\u00e8re vague de nominations des ministres qui formeront le nouveau gouvernement fran\u00e7ais, \u00e0 l&rsquo;\u00c9lys\u00e9e, \u00e0 Paris, le 5 octobre 2025. (CHRISTOPHE PETIT TESSON \/ POOL)<\/p>\n<p>\u00ab\u00a0Le retour des perdants\u00a0\u00bb, c&rsquo;est le r\u00e9sum\u00e9 fait par \u00c9ric Coquerel, d\u00e9put\u00e9 de La France insoumise (LFI-NFP) de la 1re circonscription de la Seine-Saint-Denis, dimanche 5 octobre sur franceinfo, apr\u00e8s l&rsquo;annonce des 18 ministres du nouveau gouvernement de S\u00e9bastien Lecornu.<\/p>\n<p>\u00ab\u00a0C&rsquo;est le gouvernement Bayrou, encore plus \u00e0 droite\u00a0\u00bb, analyse \u00c9ric Coquerel, qui parle de \u00ab\u00a0d\u00e9ni d\u00e9mocratique\u00a0\u00bb. \u00ab\u00a0Je crois que la col\u00e8re des Fran\u00e7ais ce soir doit \u00eatre immense, et je le comprends\u00a0\u00bb, a estim\u00e9 celui qui est aussi pr\u00e9sident de la Commission des finances \u00e0 l&rsquo;Assembl\u00e9e nationale avant de conclure\u00a0: \u00ab\u00a0On est la ris\u00e9e de toutes les d\u00e9mocraties au monde\u00a0\u00bb.<\/p>\n<p>Jean-Luc M\u00e9lenchon a de son c\u00f4t\u00e9 critiqu\u00e9 \u00ab\u00a0un cort\u00e8ge de revenants\u00a0\u00bb qui \u00ab\u00a0ne tiendra pas\u00a0\u00bb, dans une publication sur le r\u00e9seau social X.<\/p>\n<blockquote class=\"twitter-tweet\">\n<p lang=\"fr\" dir=\"ltr\">Tout \u00e7a pour \u00e7a ? <\/p>\n<p>Le gouvernement Lecornu est un cort\u00e8ge de revenants \u00e0 80 % de LR et anciens LR embauch\u00e9s pour continuer une politique qui a provoqu\u00e9 tant de souffrance populaire et de d\u00e9g\u00e2ts \u00e9cologiques. <\/p>\n<p>Des \u00e9lections pour rien, deux censure pour rien ? Cela ne tiendra pas.\u2026<\/p>\n<p>\u2014 Jean-Luc M\u00e9lenchon (@JLMelenchon) <a href=\"https:\/\/twitter.com\/JLMelenchon\/status\/1974893776943436002?ref_src=twsrc%5Etfw\" rel=\"nofollow noopener\" target=\"_blank\">October 5, 2025<\/a><\/p><\/blockquote>\n<p>\u00ab\u00a0Apr\u00e8s la prime aux sortants, les macronistes inventent la prime \u00e0 l&rsquo;incomp\u00e9tence\u00a0\u00bb, a pour sa part r\u00e9agi la secr\u00e9taire nationale des \u00c9cologistes, Marine Tondelier, sur X.<\/p>\n<blockquote class=\"twitter-tweet\">\n<p lang=\"fr\" dir=\"ltr\">Comme je l\u2019avais pr\u00e9vu d\u00e8s le 9 septembre, S\u00e9bastien Lecornu a reconduit la quasi int\u00e9gralit\u00e9 du gouvernement Bayrou, comme si de rien n\u2019\u00e9tait\u2026<\/p>\n<p>Le retour de Bruno Le Maire, en revanche, j\u2019avoue que j\u2019avais pas vu venir.<\/p>\n<p>Bravo les artistes !<\/p>\n<p>Esp\u00e9rons qu&rsquo;il g\u00e8rera mieux nos\u2026 <a href=\"https:\/\/t.co\/LG4mRfzcJm\" rel=\"nofollow\">https:\/\/t.co\/LG4mRfzcJm<\/a><\/p>\n<p>\u2014 Marine Tondelier (@marinetondelier) <a href=\"https:\/\/twitter.com\/marinetondelier\/status\/1974905738578313276?ref_src=twsrc%5Etfw\" rel=\"nofollow noopener\" target=\"_blank\">October 5, 2025<\/a><\/p><\/blockquote>\n<p>\u00c0 l&rsquo;antenne de franceinfo, le d\u00e9put\u00e9 Ensemble pour la R\u00e9publique du Gers Jean-Ren\u00e9 Cazeneuve a salu\u00e9 \u00ab\u00a0une bonne nouvelle\u00a0\u00bb pour \u00ab\u00a0qu&rsquo;il y ait une continuit\u00e9 dans l&rsquo;action\u00a0\u00bb. \u00ab\u00a0Les Fran\u00e7ais n&rsquo;en peuvent plus des changements incessants\u00a0\u00bb, a affirm\u00e9 le d\u00e9put\u00e9 macroniste, satisfait donc de voir Elisabeth Borne et Catherine Vautrin conserver respectivement leur poste au minist\u00e8re de l&rsquo;\u00c9ducation nationale et la Sant\u00e9. \u00ab\u00a0Il faut maintenant r\u00e9pondre aux attentes des Fran\u00e7ais, au-del\u00e0 des \u00e9tiquettes politiques\u00a0\u00bb, a appel\u00e9 l&rsquo;ancien rapporteur g\u00e9n\u00e9ral du budget. Selon lui, les ministres nomm\u00e9s sont \u00ab\u00a0des gens de qualit\u00e9 pour trouver des compromis\u00a0\u00bb pour le pays.\u00a0<\/p>\n<p>Tandis qu&rsquo;au Rassemblement national (RN), Marine Le Pen a d\u00e9sapprouv\u00e9 sur X \u00ab\u00a0le choix de ce gouvernement \u00e0 l\u2019identique\u00a0\u00bb.<\/p>\n<blockquote class=\"twitter-tweet\">\n<p lang=\"fr\" dir=\"ltr\">Le choix de ce gouvernement \u00e0 l\u2019identique, assaisonn\u00e9 de l\u2019homme qui a mis la France en faillite est path\u00e9tique.<\/p>\n<p>Les bras nous en tombent\u2026<\/p>\n<p>\u2014 Marine Le Pen (@MLP_officiel) <a href=\"https:\/\/twitter.com\/MLP_officiel\/status\/1974898581812506961?ref_src=twsrc%5Etfw\" rel=\"nofollow noopener\" target=\"_blank\">October 5, 2025<\/a><\/p><\/blockquote>\n<p>Bruno Retailleau estime que\u00a0\u00ab\u00a0la composition du gouvernement ne refl\u00e8te pas la rupture promise\u00a0\u00bb. Le patron des R\u00e9publicains (LR), qui a pass\u00e9 1h30 \u00e0 Matignon dimanche soir, va convoquer un comit\u00e9 strat\u00e9gique lundi matin.<\/p>\n<blockquote class=\"twitter-tweet\">\n<p lang=\"fr\" dir=\"ltr\">La composition du Gouvernement ne refl\u00e8te pas la rupture promise. <\/p>\n<p>Devant la situation politique cr\u00e9\u00e9e par cette annonce, je convoque demain matin le comit\u00e9 strat\u00e9gique des R\u00e9publicains.<\/p>\n<p>\u2014 Bruno Retailleau (@BrunoRetailleau) <a href=\"https:\/\/twitter.com\/BrunoRetailleau\/status\/1974918032603644215?ref_src=twsrc%5Etfw\" rel=\"nofollow noopener\" target=\"_blank\">October 5, 2025<\/a><\/p><\/blockquote>\n<p>C&rsquo;est le retour de Bruno Le Maire au sein de l&rsquo;\u00e9quipe minist\u00e9rielle \u2013 il a \u00e9t\u00e9 nomm\u00e9 ministre des Arm\u00e9es \u2013 qui concentre les critiques chez les LR. \u00ab\u00a0C&rsquo;est le pompon\u00a0\u00bb, a r\u00e9agi un proche de Bruno Retailleau \u00e0 franceinfo. Sur X, la d\u00e9put\u00e9e de la 8e circonscription des Alpes-Maritimes Alexandra Martin demande la d\u00e9mission d&rsquo;Emmanuel Macron.<\/p>\n<p>Le gouvernement de S\u00e9bastien Lecornu compte quatre membres de LR sur 18. Le parti Renaissance en compte 11 (en comptant les anciens membres de LR comme G\u00e9rald Darmanin, Bruno Le Maire, Catherine Vautrin, ou encore \u00c9ric Woerth). \u00ab\u00a0Moins il y a de macronistes dans le pays et plus il y en a au gouvernement\u00a0\u00bb, a fustig\u00e9 l&rsquo;entourage de Bruno Retailleau aupr\u00e8s de franceinfo. Les autres ministres sont : une \u00e9lue Horizons et deux repr\u00e9sentants du MoDem.<\/p>\n<p>L&rsquo;un des d\u00e9put\u00e9s du parti centriste, Richard Ramos, critique lui aussi sur l&rsquo;antenne de franceinfo un gouvernement qui passe d'\u00a0\u00bbinutile \u00e0 toxique\u00a0\u00bb. \u00ab\u00a0\u00c7a donne beaucoup de grain \u00e0 moudre aux extr\u00eames\u2026 C&rsquo;est pitoyable\u00a0\u00bb, estime-t-il.<\/p>\n<p>Les 18 ministres nomm\u00e9s (neuf hommes et neuf femmes) \u00ab\u00a0devront \u00eatre des n\u00e9gociateurs et trouver des compromis avec l\u2019ensemble des parlementaires\u00a0\u00bb a fait savoir l&rsquo;entourage du Premier ministre.<\/p>\n<p>Le reste du gouvernement sera annonc\u00e9 \u00ab\u00a0apr\u00e8s les discours de politique g\u00e9n\u00e9rale \u00e0 l\u2019Assembl\u00e9e nationale (mardi 7 octobre) et au S\u00e9nat (mercredi 8 octobre)\u00a0\u00bb, a pr\u00e9cis\u00e9 l&rsquo;entourage du Premier ministre.\u00a0<\/p>\n<p><script async src=\"https:\/\/platform.twitter.com\/widgets.js\" charset=\"utf-8\"><\/script><\/p>\n","protected":false},"excerpt":{"rendered":"Le d\u00e9put\u00e9 de La France insoumise \u00c9ric Coquerel voit dans cette nouvelle \u00e9quipe minist\u00e9rielle d\u00e9voil\u00e9e dimanche soir un&hellip;\n","protected":false},"author":2,"featured_media":441948,"comment_status":"","ping_status":"","sticky":false,"template":"","format":"standard","meta":{"footnotes":""},"categories":[1888],"tags":[1111,1928,11,1927,1777,674,1011,27,12,1926,626,1925,25],"class_list":{"0":"post-441947","1":"post","2":"type-post","3":"status-publish","4":"format-standard","5":"has-post-thumbnail","7":"category-paris","8":"tag-actu","9":"tag-actu-paris","10":"tag-actualites","11":"tag-actualites-paris","12":"tag-eu","13":"tag-europe","14":"tag-fr","15":"tag-france","16":"tag-news","17":"tag-news-paris","18":"tag-paris","19":"tag-paris-news","20":"tag-republique-francaise"},"share_on_mastodon":{"url":"https:\/\/pubeurope.com\/@fr\/115324883269463647","error":""},"_links":{"self":[{"href":"https:\/\/www.europesays.com\/fr\/wp-json\/wp\/v2\/posts\/441947","targetHints":{"allow":["GET"]}}],"collection":[{"href":"https:\/\/www.europesays.com\/fr\/wp-json\/wp\/v2\/posts"}],"about":[{"href":"https:\/\/www.europesays.com\/fr\/wp-json\/wp\/v2\/types\/post"}],"author":[{"embeddable":true,"href":"https:\/\/www.europesays.com\/fr\/wp-json\/wp\/v2\/users\/2"}],"replies":[{"embeddable":true,"href":"https:\/\/www.europesays.com\/fr\/wp-json\/wp\/v2\/comments?post=441947"}],"version-history":[{"count":0,"href":"https:\/\/www.europesays.com\/fr\/wp-json\/wp\/v2\/posts\/441947\/revisions"}],"wp:featuredmedia":[{"embeddable":true,"href":"https:\/\/www.europesays.com\/fr\/wp-json\/wp\/v2\/media\/441948"}],"wp:attachment":[{"href":"https:\/\/www.europesays.com\/fr\/wp-json\/wp\/v2\/media?parent=441947"}],"wp:term":[{"taxonomy":"category","embeddable":true,"href":"https:\/\/www.europesays.com\/fr\/wp-json\/wp\/v2\/categories?post=441947"},{"taxonomy":"post_tag","embeddable":true,"href":"https:\/\/www.europesays.com\/fr\/wp-json\/wp\/v2\/tags?post=441947"}],"curies":[{"name":"wp","href":"https:\/\/api.w.org\/{rel}","templated":true}]}}